{"id":123321,"date":"2020-01-28T08:04:23","date_gmt":"2020-01-28T07:04:23","guid":{"rendered":"http:\/\/gazdasagportal.hu\/?p=123321"},"modified":"2020-01-28T08:04:23","modified_gmt":"2020-01-28T07:04:23","slug":"csapadekra-szelre-es-kodre-is-figyelmeztet-a-meteorologiai-szolgalat","status":"publish","type":"post","link":"https:\/\/gazdasagportal.hu\/index.php\/csapadekra-szelre-es-kodre-is-figyelmeztet-a-meteorologiai-szolgalat\/","title":{"rendered":"Csapad\u00e9kra, sz\u00e9lre \u00e9s k\u00f6dre is figyelmeztet a meteorol\u00f3giai szolg\u00e1lat"},"content":{"rendered":"<p><strong>Sok csapad\u00e9kra, \u00f3nos es\u0151re, valamint k\u00f6dre \u00e9s er\u0151s sz\u00e9lre is figyelmeztetett az Orsz\u00e1gos Meteorol\u00f3giai Szolg\u00e1lat h\u00e9tf\u0151n.<\/strong><!--more--><\/p>\n<div class=\"ads-in-post2\"><script async src=\"https:\/\/pagead2.googlesyndication.com\/pagead\/js\/adsbygoogle.js\"><\/script>\r\n<ins class=\"adsbygoogle\"\r\n     style=\"display:block\"\r\n     data-ad-format=\"fluid\"\r\n     data-ad-layout-key=\"-6t+ed+2i-1n-4w\"\r\n     data-ad-client=\"ca-pub-1959107119989764\"\r\n     data-ad-slot=\"4008251320\"><\/ins>\r\n<script>\r\n     (adsbygoogle = window.adsbygoogle || []).push({});\r\n<\/script><\/div>\n<p>    Az MTI-hez eljuttatott figyelmeztet\u00e9s\u00fckben azt \u00edrt\u00e1k: \u00e9jf\u00e9lig a Dun\u00e1nt\u00fal \u00e9szaknyugati r\u00e9szein folytat\u00f3dik a helyenk\u00e9nt s\u0171r\u0171, z\u00fazmar\u00e1s k\u00f6d\u00f6s id\u0151, n\u00e9hol \u00f3nos szit\u00e1l\u00e1ssal, majd \u00e9jf\u00e9lt\u0151l fokozatosan javulnak a l\u00e1t\u00e1si viszonyok.<br \/>\n    Emellett kiemelt\u00e9k, hogy a kedd hajnali, reggeli \u00f3r\u00e1kban nyugat fel\u0151l \u00fajabb csapad\u00e9kz\u00f3na \u00e9rkezik, kedd \u00e9jf\u00e9lig k\u00e9t hull\u00e1mban t\u00f6bbfel\u00e9 v\u00e1rhat\u00f3 csapad\u00e9k az orsz\u00e1gban. Az orsz\u00e1g nagy r\u00e9sz\u00e9n es\u0151 v\u00e1rhat\u00f3, de az \u00c9szaki-k\u00f6z\u00e9phegys\u00e9g t\u00e9rs\u00e9g\u00e9ben, els\u0151sorban a kedd d\u00e9lut\u00e1nig tart\u00f3 id\u0151szakban d\u00f6nt\u0151en havaz\u00e1s, havas es\u0151 lehet a jellemz\u0151, illetve a reggeli \u00f3r\u00e1kban kisebb ter\u00fcleten ink\u00e1bb a k\u00f6z\u00e9ps\u0151 orsz\u00e1gr\u00e9sz \u00e9szaki r\u00e9sz\u00e9n \u00e1tmeneti \u00f3nos es\u0151 sem z\u00e1rhat\u00f3 ki. Az \u00f3nos es\u0151 vesz\u00e9lye miatt a f\u0151v\u00e1rosra, valamint Pest, Kom\u00e1rom-Esztergom \u00e9s N\u00f3gr\u00e1d megy\u00e9re adtak ki els\u0151fok\u00fa figyelmeztet\u00e9st.<br \/>\n<div class=\"ads-in-post1\"><div id=\"gazdasagportal.hu_fullbanner_wideboard\"><\/div>\r\n<\/div>\n    Az \u00c9szaki-k\u00f6z\u00e9phegys\u00e9g t\u00e1gabb k\u00f6rnyezet\u00e9ben s\u00edkvid\u00e9ken el\u0151rel\u00e1that\u00f3lag kedd d\u00e9lig ak\u00e1r 2 centim\u00e9ter, az \u00c9szaki-k\u00f6z\u00e9phegys\u00e9g \u00e9szaki r\u00e9sz\u00e9n az \u00e9szaki hat\u00e1r k\u00f6zel\u00e9ben el\u0151rel\u00e1that\u00f3lag kedd d\u00e9lut\u00e1nig 2-5 centim\u00e9ter, a hegyvid\u00e9ki ter\u00fcleteken 5 centim\u00e9ter feletti h\u00f3 hullhat. Kedd este  d\u00e9lnyugaton nem z\u00e1rhat\u00f3 ki \u00e1tmeneti havaz\u00e1s.<br \/>\n    Kit\u00e9rtek arra is, hogy kedd d\u00e9lut\u00e1n, este a hidegfront ment\u00e9n a Dun\u00e1nt\u00falon helyenk\u00e9nt 65-70 kilom\u00e9ter\/\u00f3ra k\u00f6r\u00fcli sz\u00e9ll\u00f6k\u00e9sek k\u00eds\u00e9rhetik az \u00e9szaknyugati szelet, illetve a Dun\u00e1nt\u00falon (d\u00e9lnyugaton) vill\u00e1ml\u00e1s sem z\u00e1rhat\u00f3 ki.<br \/>\n    Az er\u0151s sz\u00e9l miatt Baranya, Fej\u00e9r, Gy\u0151r-Moson-Sopron, Somogy, Tolna \u00e9s Veszpr\u00e9m megy\u00e9re adtak ki els\u0151fok\u00fa figyelmeztet\u00e9st keddre.<br \/>\n    Az el\u0151rejelz\u00e9s szerint a h\u0151m\u00e9rs\u00e9klet hajnalban m\u00ednusz 3 \u00e9s plusz 2 Celsius-fok k\u00f6z\u00f6tt val\u00f3sz\u00edn\u0171. A legmagasabb nappali h\u0151m\u00e9rs\u00e9klet t\u00f6bbnyire 4 \u00e9s 11 fok k\u00f6z\u00f6tt v\u00e1rhat\u00f3, de \u00e9szakkeleten hidegebb lesz.(MTI)<\/p>\n","protected":false},"excerpt":{"rendered":"<p>Sok csapad\u00e9kra, \u00f3nos es\u0151re, valamint k\u00f6dre \u00e9s er\u0151s sz\u00e9lre is figyelmeztetett az Orsz\u00e1gos Meteorol\u00f3giai Szolg\u00e1lat h\u00e9tf\u0151n.<\/p>\n","protected":false},"author":1,"featured_media":0,"comment_status":"closed","ping_status":"open","sticky":false,"template":"","format":"standard","meta":[],"categories":[4],"tags":[],"_links":{"self":[{"href":"https:\/\/gazdasagportal.hu\/index.php\/wp-json\/wp\/v2\/posts\/123321"}],"collection":[{"href":"https:\/\/gazdasagportal.hu\/index.php\/wp-json\/wp\/v2\/posts"}],"about":[{"href":"https:\/\/gazdasagportal.hu\/index.php\/wp-json\/wp\/v2\/types\/post"}],"author":[{"embeddable":true,"href":"https:\/\/gazdasagportal.hu\/index.php\/wp-json\/wp\/v2\/users\/1"}],"replies":[{"embeddable":true,"href":"https:\/\/gazdasagportal.hu\/index.php\/wp-json\/wp\/v2\/comments?post=123321"}],"version-history":[{"count":1,"href":"https:\/\/gazdasagportal.hu\/index.php\/wp-json\/wp\/v2\/posts\/123321\/revisions"}],"predecessor-version":[{"id":123322,"href":"https:\/\/gazdasagportal.hu\/index.php\/wp-json\/wp\/v2\/posts\/123321\/revisions\/123322"}],"wp:attachment":[{"href":"https:\/\/gazdasagportal.hu\/index.php\/wp-json\/wp\/v2\/media?parent=123321"}],"wp:term":[{"taxonomy":"category","embeddable":true,"href":"https:\/\/gazdasagportal.hu\/index.php\/wp-json\/wp\/v2\/categories?post=123321"},{"taxonomy":"post_tag","embeddable":true,"href":"https:\/\/gazdasagportal.hu\/index.php\/wp-json\/wp\/v2\/tags?post=123321"}],"curies":[{"name":"wp","href":"https:\/\/api.w.org\/{rel}","templated":true}]}}