{"id":123318,"date":"2020-01-28T07:35:07","date_gmt":"2020-01-28T06:35:07","guid":{"rendered":"http:\/\/gazdasagportal.hu\/?p=123318"},"modified":"2020-01-28T07:35:07","modified_gmt":"2020-01-28T06:35:07","slug":"koronavirus-tovabbi-husz-amerikai-repuloterre-terjesztettek-ki-a-kinabol-erkezok-vizsgalatat","status":"publish","type":"post","link":"https:\/\/gazdasagportal.hu\/index.php\/koronavirus-tovabbi-husz-amerikai-repuloterre-terjesztettek-ki-a-kinabol-erkezok-vizsgalatat\/","title":{"rendered":"Koronav\u00edrus &#8211; Tov\u00e1bbi h\u00fasz amerikai rep\u00fcl\u0151t\u00e9rre terjesztett\u00e9k ki a K\u00edn\u00e1b\u00f3l \u00e9rkez\u0151k vizsg\u00e1lat\u00e1t"},"content":{"rendered":"<p><strong>Kiterjesztett\u00e9k tov\u00e1bbi h\u00fasz amerikai rep\u00fcl\u0151t\u00e9rre a K\u00edn\u00e1b\u00f3l \u00e9rkez\u0151 utasok eg\u00e9szs\u00e9g\u00fcgyi vizsg\u00e1lat\u00e1t &#8211; jelentette be h\u00e9tf\u0151n este az amerikai j\u00e1rv\u00e1ny\u00fcgyi \u00e9s betegs\u00e9gmegel\u0151z\u00e9si k\u00f6zpont (CDC).<\/strong><!--more--><\/p>\n<div class=\"ads-in-post2\"><script async src=\"https:\/\/pagead2.googlesyndication.com\/pagead\/js\/adsbygoogle.js\"><\/script>\r\n<ins class=\"adsbygoogle\"\r\n     style=\"display:block\"\r\n     data-ad-format=\"fluid\"\r\n     data-ad-layout-key=\"-6t+ed+2i-1n-4w\"\r\n     data-ad-client=\"ca-pub-1959107119989764\"\r\n     data-ad-slot=\"4008251320\"><\/ins>\r\n<script>\r\n     (adsbygoogle = window.adsbygoogle || []).push({});\r\n<\/script><\/div>\n<p>    A CDC k\u00f6z\u00f6lte: nemcsak megn\u00f6velik az \u00e9rintett rep\u00fcl\u0151tereken dolgoz\u00f3 eg\u00e9szs\u00e9g\u00fcgyi szakemberek l\u00e9tsz\u00e1m\u00e1t, hanem b\u0151v\u00edtik a karant\u00e9nhoz sz\u00fcks\u00e9ges helyis\u00e9gek sz\u00e1m\u00e1t is.<br \/>\n    Kor\u00e1bban csak azon az \u00f6t rep\u00fcl\u0151t\u00e9ren volt eg\u00e9szs\u00e9g\u00fcgyi ellen\u0151rz\u00e9s, ahov\u00e1 kifejezetten a k\u00f6z\u00e9p-k\u00ednai Hupej tartom\u00e1nyb\u00f3l \u00e9rkeztek utasok. E tartom\u00e1ny f\u0151v\u00e1rosa Vuhan, ahonnan a koronav\u00edrusos megbeteged\u00e9sek terjedni kezdtek. Az elk\u00f6vetkez\u0151 napokban m\u00e1r minden olyan amerikai l\u00e9gikik\u00f6t\u0151ben megkezdik az ellen\u0151rz\u00e9st, ahov\u00e1 K\u00edna b\u00e1rmelyik r\u00e9sz\u00e9r\u0151l \u00e9rkeznek j\u00e1ratok.<br \/>\n    A CDC m\u00f3dos\u00edtotta kor\u00e1bbi k\u00f6zlem\u00e9ny\u00e9t, \u00e9s h\u00e9tf\u0151n este m\u00e1r arr\u00f3l sz\u00e1molt be, hogy az Egyes\u00fclt \u00c1llamok 26 tag\u00e1llam\u00e1ban 110 embert vizsg\u00e1lnak koronav\u00edrusos fert\u0151z\u00e9s gyan\u00faj\u00e1val. A kor\u00e1bbi inform\u00e1ci\u00f3k m\u00e9g arr\u00f3l sz\u00f3ltak, hogy 22 tag\u00e1llamban 63 gyan\u00fas esetet vizsg\u00e1ltak. Eddig \u00f6t esetben diagnosztiz\u00e1lt\u00e1k a betegs\u00e9get.<br \/>\n<div class=\"ads-in-post1\"><div id=\"gazdasagportal.hu_fullbanner_wideboard\"><\/div>\r\n<\/div>\n    Anthony Fauci, az Egyes\u00fclt \u00c1llamok allergi\u00e1s \u00e9s fert\u0151z\u0151 betegs\u00e9gekkel foglalkoz\u00f3 orsz\u00e1gos int\u00e9zet\u00e9nek vezet\u0151je \u00fajs\u00e1g\u00edr\u00f3knak h\u00e9tf\u0151n este arra panaszkodott, hogy a k\u00ednai hat\u00f3s\u00e1gokt\u00f3l \u00e9s szakemberekt\u0151l m\u00e9g mindig nem el\u00e9gg\u00e9 gyorsan \u00e9s nem k\u00f6zvetlen\u00fcl jutnak el az inform\u00e1ci\u00f3k az amerikai hat\u00f3s\u00e1gokhoz \u00e9s j\u00e1rv\u00e1ny\u00fcgyi szervekhez.<br \/>\n    Utalva a k\u00ednai eg\u00e9szs\u00e9g\u00fcgyi miniszter vas\u00e1rnapi nyilatkozat\u00e1ra, miszerint a v\u00edrushordoz\u00f3k m\u00e1r azel\u0151tt fert\u0151zhetnek, hogy megjelennek rajtuk a betegs\u00e9g t\u00fcnetei, Fauci lesz\u00f6gezte: &#8222;t\u00e9nyleg tudnunk kell, mi a tudom\u00e1nyos alapja annak, hogy a v\u00edrus m\u00e1r a szimpt\u00f3m\u00e1k megjelen\u00e9se el\u0151tt fert\u0151zhet. Sz\u00fcks\u00e9g\u00fcnk van ezekre az adatokra&#8221;.<br \/>\n    Fauci ugyanakkor megjegyezte: K\u00edna ma sokkal \u00e1tl\u00e1that\u00f3bban \u00e9s gyorsabban cselekszik, mint 2003-ban, a SARS-v\u00edrus okozta j\u00e1rv\u00e1ny kit\u00f6r\u00e9sekor.(MTI)<\/p>\n","protected":false},"excerpt":{"rendered":"<p>Kiterjesztett\u00e9k tov\u00e1bbi h\u00fasz amerikai rep\u00fcl\u0151t\u00e9rre a K\u00edn\u00e1b\u00f3l \u00e9rkez\u0151 utasok eg\u00e9szs\u00e9g\u00fcgyi vizsg\u00e1lat\u00e1t &#8211; jelentette be h\u00e9tf\u0151n este az amerikai j\u00e1rv\u00e1ny\u00fcgyi \u00e9s betegs\u00e9gmegel\u0151z\u00e9si k\u00f6zpont (CDC).<\/p>\n","protected":false},"author":1,"featured_media":0,"comment_status":"closed","ping_status":"open","sticky":false,"template":"","format":"standard","meta":[],"categories":[13,14],"tags":[],"_links":{"self":[{"href":"https:\/\/gazdasagportal.hu\/index.php\/wp-json\/wp\/v2\/posts\/123318"}],"collection":[{"href":"https:\/\/gazdasagportal.hu\/index.php\/wp-json\/wp\/v2\/posts"}],"about":[{"href":"https:\/\/gazdasagportal.hu\/index.php\/wp-json\/wp\/v2\/types\/post"}],"author":[{"embeddable":true,"href":"https:\/\/gazdasagportal.hu\/index.php\/wp-json\/wp\/v2\/users\/1"}],"replies":[{"embeddable":true,"href":"https:\/\/gazdasagportal.hu\/index.php\/wp-json\/wp\/v2\/comments?post=123318"}],"version-history":[{"count":1,"href":"https:\/\/gazdasagportal.hu\/index.php\/wp-json\/wp\/v2\/posts\/123318\/revisions"}],"predecessor-version":[{"id":123319,"href":"https:\/\/gazdasagportal.hu\/index.php\/wp-json\/wp\/v2\/posts\/123318\/revisions\/123319"}],"wp:attachment":[{"href":"https:\/\/gazdasagportal.hu\/index.php\/wp-json\/wp\/v2\/media?parent=123318"}],"wp:term":[{"taxonomy":"category","embeddable":true,"href":"https:\/\/gazdasagportal.hu\/index.php\/wp-json\/wp\/v2\/categories?post=123318"},{"taxonomy":"post_tag","embeddable":true,"href":"https:\/\/gazdasagportal.hu\/index.php\/wp-json\/wp\/v2\/tags?post=123318"}],"curies":[{"name":"wp","href":"https:\/\/api.w.org\/{rel}","templated":true}]}}