{"id":123305,"date":"2020-01-27T13:54:05","date_gmt":"2020-01-27T12:54:05","guid":{"rendered":"http:\/\/gazdasagportal.hu\/?p=123305"},"modified":"2020-01-27T13:40:22","modified_gmt":"2020-01-27T12:40:22","slug":"merkel-a-kovetkezo-eu-csucson-donteni-kell-az-alban-es-az-eszak-macedon-csatlakozasi-targyalasok-meginditasarol","status":"publish","type":"post","link":"https:\/\/gazdasagportal.hu\/index.php\/merkel-a-kovetkezo-eu-csucson-donteni-kell-az-alban-es-az-eszak-macedon-csatlakozasi-targyalasok-meginditasarol\/","title":{"rendered":"Merkel: a k\u00f6vetkez\u0151 EU-cs\u00facson d\u00f6nteni kell az alb\u00e1n \u00e9s az \u00e9szak-maced\u00f3n csatlakoz\u00e1si t\u00e1rgyal\u00e1sok megind\u00edt\u00e1s\u00e1r\u00f3l"},"content":{"rendered":"<p><strong>A n\u00e9met korm\u00e1ny arra t\u00f6rekszik, hogy az eur\u00f3pai uni\u00f3s (EU-) tag\u00e1llamok vezet\u0151i a k\u00f6vetkez\u0151 tan\u00e1cskoz\u00e1sukon meg\u00e1llapod\u00e1sra jussanak a csatlakoz\u00e1si t\u00e1rgyal\u00e1sok megind\u00edt\u00e1s\u00e1r\u00f3l Alb\u00e1ni\u00e1val \u00e9s \u00c9szak-Maced\u00f3ni\u00e1val &#8211; mondta Angela Merkel n\u00e9met kancell\u00e1r h\u00e9tf\u0151n Berlinben Edi Rama alb\u00e1n korm\u00e1nyf\u0151vel folytatott megbesz\u00e9l\u00e9se el\u0151tt.<\/strong><!--more--><\/p>\n<div class=\"ads-in-post2\"><script async src=\"https:\/\/pagead2.googlesyndication.com\/pagead\/js\/adsbygoogle.js\"><\/script>\r\n<ins class=\"adsbygoogle\"\r\n     style=\"display:block\"\r\n     data-ad-format=\"fluid\"\r\n     data-ad-layout-key=\"-6t+ed+2i-1n-4w\"\r\n     data-ad-client=\"ca-pub-1959107119989764\"\r\n     data-ad-slot=\"4008251320\"><\/ins>\r\n<script>\r\n     (adsbygoogle = window.adsbygoogle || []).push({});\r\n<\/script><\/div>\n<p>    A n\u00e9met korm\u00e1ny m\u00e1r az el\u0151z\u0151 EU-cs\u00facson is a csatlakoz\u00e1si t\u00e1rgyal\u00e1sok elind\u00edt\u00e1s\u00e1t p\u00e1rtolta, \u00e9s &#8222;kem\u00e9nyen dolgozik&#8221; az\u00e9rt, hogy a k\u00f6vetkez\u0151, m\u00e1rciusi cs\u00facstal\u00e1lkoz\u00f3n siker\u00fclj\u00f6n meghozni ezt a d\u00f6nt\u00e9st &#8211; mondta Angela Merkel.<br \/>\n    Sajt\u00f3nyilatkozat\u00e1ban hozz\u00e1tette, hogy mindk\u00e9t orsz\u00e1g komoly eredm\u00e9nyeket \u00e9rt el a tags\u00e1gi felt\u00e9telek teljes\u00edt\u00e9s\u00e9ben. Alb\u00e1ni\u00e1r\u00f3l sz\u00f3lva kiemelte az igazs\u00e1g\u00fcgyi reformot, amelyet szavai szerint az eddigi l\u00e9p\u00e9sek ut\u00e1n ki kell teljes\u00edteni.<br \/>\n    A n\u00e9met kancell\u00e1r al\u00e1h\u00fazta, hogy az EU jelenti a nyugat-balk\u00e1ni t\u00e9rs\u00e9g j\u00f6v\u0151j\u00e9t, \u00e9s a berlini vezet\u00e9s elk\u00f6telezett a r\u00e9gi\u00f3 orsz\u00e1gainak csatlakoz\u00e1sa mellett. Ez nemcsak a t\u00e9rs\u00e9gbeli \u00e1llamok \u00e9rdeke, hanem az EU jelenlegi tagjainak is. &#8222;Aki r\u00e1pillant a t\u00e9rk\u00e9pre, \u00e9s ismeri a geopolitikai \u00f6sszef\u00fcgg\u00e9seket, tudja, hogy mindenkinek j\u00f3, ha egyszer majd a Nyugat-Balk\u00e1n valamennyi orsz\u00e1ga EU-tag lesz&#8221; &#8211; fogalmazott Angela Merkel.<br \/>\n<div class=\"ads-in-post1\"><div id=\"gazdasagportal.hu_fullbanner_wideboard\"><\/div>\r\n<\/div>\n    Arr\u00f3l is sz\u00f3lt, hogy N\u00e9metorsz\u00e1g a tavaly novemberi f\u00f6ldreng\u00e9s ut\u00e1ni helyre\u00e1ll\u00edt\u00e1si munk\u00e1latokban is t\u00e1mogatja Alb\u00e1ni\u00e1t, \u00e9s a korm\u00e1ny r\u00e9szt vesz az Eur\u00f3pai Bizotts\u00e1g febru\u00e1r 17-re meghirdetett nemzetk\u00f6zi adom\u00e1nyoz\u00f3i konferenci\u00e1j\u00e1n.<br \/>\n    Edi Rama kiemelte, hogy a n\u00e9met kancell\u00e1r t\u00e1mogat\u00e1sa a csatlakoz\u00e1si folyamatban rendk\u00edv\u00fcli jelent\u0151s\u00e9g\u0171 haz\u00e1j\u00e1nak, \u00e9s nagy jelent\u0151s\u00e9ge van annak is, hogy megkezdte a munk\u00e1t az \u00faj Eur\u00f3pai Bizotts\u00e1g, amelynek tev\u00e9kenys\u00e9g\u00e9ben vil\u00e1gosan megmutatkozik a &#8222;geopolitikai dimenzi\u00f3&#8221;.<br \/>\n    Alb\u00e1nia \u00e9s \u00c9szak-Maced\u00f3nia csatlakoz\u00e1si t\u00e1rgyal\u00e1sainak elind\u00edt\u00e1s\u00e1t az EU-s tagorsz\u00e1gok \u00e1llam-, illetve korm\u00e1nyf\u0151it \u00f6sszefog\u00f3 Eur\u00f3pai Tan\u00e1cs tavaly okt\u00f3beri tan\u00e1cskoz\u00e1s\u00e1n vetett\u00e9k el, mindenekel\u0151tt Franciaorsz\u00e1g ellen\u00e1ll\u00e1sa miatt.<br \/>\n    Alb\u00e1ni\u00e1ban tavaly november 26-\u00e1n volt f\u00f6ldreng\u00e9s: az ut\u00f3bbi harminc \u00e9v legs\u00falyosabb, 6,4-es er\u0151ss\u00e9g\u0171 f\u00f6ldmozg\u00e1sa legf\u0151k\u00e9ppen a f\u0151v\u00e1rost, Tiran\u00e1t \u00e9s az orsz\u00e1g \u00e9szaknyugati t\u00e9rs\u00e9g\u00e9t \u00e9rte, k\u00f6vetkezt\u00e9ben 50 ember meghalt, a s\u00e9r\u00fcltek sz\u00e1ma megk\u00f6zel\u00edtette a k\u00e9tezret.(MTI)<\/p>\n","protected":false},"excerpt":{"rendered":"<p>A n\u00e9met korm\u00e1ny arra t\u00f6rekszik, hogy az eur\u00f3pai uni\u00f3s (EU-) tag\u00e1llamok vezet\u0151i a k\u00f6vetkez\u0151 tan\u00e1cskoz\u00e1sukon meg\u00e1llapod\u00e1sra jussanak a csatlakoz\u00e1si t\u00e1rgyal\u00e1sok megind\u00edt\u00e1s\u00e1r\u00f3l Alb\u00e1ni\u00e1val \u00e9s \u00c9szak-Maced\u00f3ni\u00e1val &#8211; mondta Angela Merkel n\u00e9met kancell\u00e1r h\u00e9tf\u0151n Berlinben Edi Rama alb\u00e1n korm\u00e1nyf\u0151vel folytatott megbesz\u00e9l\u00e9se el\u0151tt.<\/p>\n","protected":false},"author":1,"featured_media":0,"comment_status":"closed","ping_status":"open","sticky":false,"template":"","format":"standard","meta":[],"categories":[12],"tags":[],"_links":{"self":[{"href":"https:\/\/gazdasagportal.hu\/index.php\/wp-json\/wp\/v2\/posts\/123305"}],"collection":[{"href":"https:\/\/gazdasagportal.hu\/index.php\/wp-json\/wp\/v2\/posts"}],"about":[{"href":"https:\/\/gazdasagportal.hu\/index.php\/wp-json\/wp\/v2\/types\/post"}],"author":[{"embeddable":true,"href":"https:\/\/gazdasagportal.hu\/index.php\/wp-json\/wp\/v2\/users\/1"}],"replies":[{"embeddable":true,"href":"https:\/\/gazdasagportal.hu\/index.php\/wp-json\/wp\/v2\/comments?post=123305"}],"version-history":[{"count":1,"href":"https:\/\/gazdasagportal.hu\/index.php\/wp-json\/wp\/v2\/posts\/123305\/revisions"}],"predecessor-version":[{"id":123306,"href":"https:\/\/gazdasagportal.hu\/index.php\/wp-json\/wp\/v2\/posts\/123305\/revisions\/123306"}],"wp:attachment":[{"href":"https:\/\/gazdasagportal.hu\/index.php\/wp-json\/wp\/v2\/media?parent=123305"}],"wp:term":[{"taxonomy":"category","embeddable":true,"href":"https:\/\/gazdasagportal.hu\/index.php\/wp-json\/wp\/v2\/categories?post=123305"},{"taxonomy":"post_tag","embeddable":true,"href":"https:\/\/gazdasagportal.hu\/index.php\/wp-json\/wp\/v2\/tags?post=123305"}],"curies":[{"name":"wp","href":"https:\/\/api.w.org\/{rel}","templated":true}]}}