{"id":123297,"date":"2020-01-27T11:05:16","date_gmt":"2020-01-27T10:05:16","guid":{"rendered":"http:\/\/gazdasagportal.hu\/?p=123297"},"modified":"2020-01-27T11:05:16","modified_gmt":"2020-01-27T10:05:16","slug":"brexit-gyorsitott-eljarassal-kaphatnak-brit-vizumot-a-magasan-kepzett-kulfoldi-szakemberek","status":"publish","type":"post","link":"https:\/\/gazdasagportal.hu\/index.php\/brexit-gyorsitott-eljarassal-kaphatnak-brit-vizumot-a-magasan-kepzett-kulfoldi-szakemberek\/","title":{"rendered":"Brexit &#8211; Gyors\u00edtott elj\u00e1r\u00e1ssal kaphatnak brit v\u00edzumot a magasan k\u00e9pzett k\u00fclf\u00f6ldi szakemberek"},"content":{"rendered":"<p><strong>Gyors\u00edtott elj\u00e1r\u00e1ssal kaphatnak nagy-britanniai tart\u00f3zkod\u00e1si \u00e9s munkav\u00e1llal\u00e1si enged\u00e9lyt a magasan k\u00e9pzett k\u00fclf\u00f6ldi szakemberek a brit korm\u00e1ny h\u00e9tf\u0151n k\u00f6zz\u00e9tett szab\u00e1lyoz\u00e1si tervezete szerint.<\/strong><!--more--><\/p>\n<div class=\"ads-in-post2\"><script async src=\"https:\/\/pagead2.googlesyndication.com\/pagead\/js\/adsbygoogle.js\"><\/script>\r\n<ins class=\"adsbygoogle\"\r\n     style=\"display:block\"\r\n     data-ad-format=\"fluid\"\r\n     data-ad-layout-key=\"-6t+ed+2i-1n-4w\"\r\n     data-ad-client=\"ca-pub-1959107119989764\"\r\n     data-ad-slot=\"4008251320\"><\/ins>\r\n<script>\r\n     (adsbygoogle = window.adsbygoogle || []).push({});\r\n<\/script><\/div>\n<p>    A Global Talent nev\u0171 terv &#8222;cs\u00facsk\u00e9pzetts\u00e9g\u0171 tud\u00f3sokat, kutat\u00f3kat, matematikusokat&#8221; eml\u00edt azok k\u00f6z\u00f6tt, akik a brit EU-tags\u00e1g megsz\u0171n\u00e9se (Brexit) ut\u00e1n e kedvezm\u00e9nyes elb\u00edr\u00e1l\u00e1sban r\u00e9szes\u00fclhetnek.<br \/>\n    A londoni minisztereln\u00f6ki hivatal t\u00e1j\u00e9koztat\u00e1sa szerint a programra febru\u00e1r 20-t\u00f3l lehet jelentkezni.<br \/>\n    A brit korm\u00e1ny 300 milli\u00f3 fontos (csaknem 120 milli\u00e1rd forintos), \u00f6t \u00e9vre sz\u00f3l\u00f3 alapot is l\u00e9trehozott els\u0151sorban magas szint\u0171 matematikai kutat\u00e1si programok t\u00e1mogat\u00e1s\u00e1ra.<br \/>\n     A konzervat\u00edv p\u00e1rti brit korm\u00e1ny az ausztr\u00e1liai pontoz\u00e1sos elb\u00edr\u00e1l\u00e1shoz hasonl\u00f3, egys\u00e9ges &#8211; vagyis az Eur\u00f3pai Uni\u00f3b\u00f3l \u00e9s az uni\u00f3n k\u00edv\u00fcli orsz\u00e1gokb\u00f3l \u00e9rkez\u0151kre egyform\u00e1n \u00e9rv\u00e9nyes &#8211; bev\u00e1ndorl\u00e1si szab\u00e1lyoz\u00e1st k\u00edv\u00e1n \u00e9letbe l\u00e9ptetni a brit EU-tags\u00e1g p\u00e9nteki megsz\u0171n\u00e9se ut\u00e1n kezd\u0151d\u0151 11 havi \u00e1tmeneti id\u0151szak lej\u00e1rt\u00e1val, v\u00e1rhat\u00f3an 2021 janu\u00e1rj\u00e1t\u00f3l.<br \/>\n    A tervezett \u00faj szab\u00e1lyoz\u00e1s \u00e9rtelm\u00e9ben a bev\u00e1ndorl\u00e1si k\u00e9relmek elb\u00edr\u00e1l\u00e1sa sor\u00e1n el\u0151nyben r\u00e9szes\u00fclnek azok, akik tudnak annyira angolul, hogy nyelvtud\u00e1sukat munk\u00e1jukban \u00e9s mindennapi \u00e9letvitel\u00fckben hasznos\u00edtani tudj\u00e1k.<br \/>\n<div class=\"ads-in-post1\"><div id=\"gazdasagportal.hu_fullbanner_wideboard\"><\/div>\r\n<\/div>\n    Ugyancsak el\u0151ny\u00f6s elb\u00edr\u00e1l\u00e1sra sz\u00e1m\u00edthatnak, akik a brit \u00fczleti szektor sz\u00e1m\u00e1ra els\u0151dleges fontoss\u00e1g\u00fa munk\u00e1t tudnak v\u00e9gezni, \u00e9s azok is, akik maguk l\u00e9tes\u00edtenek olyan \u00fczleti v\u00e1llalkoz\u00e1sokat, amelyek brit munkav\u00e1llal\u00f3kat alkalmaznak \u00e9s Nagy-Britanni\u00e1ban ad\u00f3znak.<br \/>\n    A Downing Street \u00e1ltal h\u00e9tf\u0151n ismertetett Global Talent program e szab\u00e1lyoz\u00e1son bel\u00fcl k\u00edn\u00e1l gyors\u00edtott enged\u00e9lyez\u00e9si elj\u00e1r\u00e1st a magasan k\u00e9pzett tudom\u00e1nyos szak\u00e9rt\u0151knek.<br \/>\n    Az egyes szakter\u00fcleteken alkalmazhat\u00f3 gyors\u00edtott elb\u00edr\u00e1l\u00e1si elj\u00e1r\u00e1sr\u00f3l v\u00e1zlatosan m\u00e1r Boris Johnson minisztereln\u00f6k korm\u00e1ny\u00e1nak \u00faj programj\u00e1ban is sz\u00f3 esett. A programban, amelyet II. Erzs\u00e9bet kir\u00e1lyn\u0151 ismertetett a Konzervat\u00edv P\u00e1rt \u00e1ltal nagy f\u00f6l\u00e9nnyel megnyert, december 12-\u00e9n tartott el\u0151rehozott parlamenti v\u00e1laszt\u00e1s ut\u00e1n, az szerepelt, hogy gyors\u00edtott elj\u00e1r\u00e1ssal kaphatnak nagy-britanniai tart\u00f3zkod\u00e1si \u00e9s munkav\u00e1llal\u00e1si enged\u00e9lyt a Brexit ut\u00e1ni \u00e1tmeneti id\u0151szak lej\u00e1rt\u00e1val a k\u00fclf\u00f6ldi orvosok, a szakk\u00e9pzett k\u00f3rh\u00e1zi \u00e1pol\u00f3k \u00e9s m\u00e1s, magas szakk\u00e9pes\u00edt\u00e9s\u0171 eg\u00e9szs\u00e9g\u00fcgyi szakemberek.<br \/>\n    Priti Patel bel\u00fcgyminiszter azonban m\u00e1r akkor jelezte, hogy a gyors\u00edtott elb\u00edr\u00e1l\u00e1s lehet\u0151s\u00e9ge az eg\u00e9szs\u00e9g\u00fcgy mellett szinte minden egy\u00e9b elm\u00e9leti \u00e9s alkalmazott tudom\u00e1nyos tev\u00e9kenys\u00e9gre kiterjedhet.<br \/>\n    Patel a Global Talent program h\u00e9tf\u0151i ismertet\u00e9s\u00e9hez f\u0171z\u00f6tt nyilatkozat\u00e1ban \u00fagy fogalmazott: a korm\u00e1ny d\u00f6nt\u0151 jelent\u0151s\u00e9g\u0171 int\u00e9zked\u00e9seket tesz annak \u00e9rdek\u00e9ben, hogy a vil\u00e1g legmagasabban k\u00e9pzett szak\u00e9rt\u0151i a lehet\u0151 legnagyobb sz\u00e1mban vehess\u00e9k ig\u00e9nybe a gyors\u00edtott v\u00edzumelb\u00edr\u00e1l\u00e1si lehet\u0151s\u00e9get<br \/>\n    A brit bel\u00fcgyminiszter szerint erre az\u00e9rt van sz\u00fcks\u00e9g, hogy az Egyes\u00fclt Kir\u00e1lys\u00e1g az innov\u00e1ci\u00f3 \u00e9lvonal\u00e1ban maradhasson.<br \/>\n    A h\u00e9tf\u0151n meghirdetett program hangs\u00falyozza: nincs fels\u0151 sz\u00e1mszer\u0171 korl\u00e1tja annak, hogy h\u00e1ny k\u00fclf\u00f6ldi szakember \u00e9lhet a gyors\u00edtott elb\u00edr\u00e1l\u00e1si lehet\u0151s\u00e9ggel.(MTI)<\/p>\n","protected":false},"excerpt":{"rendered":"<p>Gyors\u00edtott elj\u00e1r\u00e1ssal kaphatnak nagy-britanniai tart\u00f3zkod\u00e1si \u00e9s munkav\u00e1llal\u00e1si enged\u00e9lyt a magasan k\u00e9pzett k\u00fclf\u00f6ldi szakemberek a brit korm\u00e1ny h\u00e9tf\u0151n k\u00f6zz\u00e9tett szab\u00e1lyoz\u00e1si tervezete szerint.<\/p>\n","protected":false},"author":1,"featured_media":0,"comment_status":"closed","ping_status":"open","sticky":false,"template":"","format":"standard","meta":[],"categories":[12],"tags":[],"_links":{"self":[{"href":"https:\/\/gazdasagportal.hu\/index.php\/wp-json\/wp\/v2\/posts\/123297"}],"collection":[{"href":"https:\/\/gazdasagportal.hu\/index.php\/wp-json\/wp\/v2\/posts"}],"about":[{"href":"https:\/\/gazdasagportal.hu\/index.php\/wp-json\/wp\/v2\/types\/post"}],"author":[{"embeddable":true,"href":"https:\/\/gazdasagportal.hu\/index.php\/wp-json\/wp\/v2\/users\/1"}],"replies":[{"embeddable":true,"href":"https:\/\/gazdasagportal.hu\/index.php\/wp-json\/wp\/v2\/comments?post=123297"}],"version-history":[{"count":1,"href":"https:\/\/gazdasagportal.hu\/index.php\/wp-json\/wp\/v2\/posts\/123297\/revisions"}],"predecessor-version":[{"id":123298,"href":"https:\/\/gazdasagportal.hu\/index.php\/wp-json\/wp\/v2\/posts\/123297\/revisions\/123298"}],"wp:attachment":[{"href":"https:\/\/gazdasagportal.hu\/index.php\/wp-json\/wp\/v2\/media?parent=123297"}],"wp:term":[{"taxonomy":"category","embeddable":true,"href":"https:\/\/gazdasagportal.hu\/index.php\/wp-json\/wp\/v2\/categories?post=123297"},{"taxonomy":"post_tag","embeddable":true,"href":"https:\/\/gazdasagportal.hu\/index.php\/wp-json\/wp\/v2\/tags?post=123297"}],"curies":[{"name":"wp","href":"https:\/\/api.w.org\/{rel}","templated":true}]}}