{"id":12320,"date":"2013-07-24T13:45:43","date_gmt":"2013-07-24T11:45:43","guid":{"rendered":"http:\/\/stockportal.hu\/?p=12320"},"modified":"2013-07-24T16:15:42","modified_gmt":"2013-07-24T14:15:42","slug":"otp-csanyi-sandor-posztjan-marad","status":"publish","type":"post","link":"https:\/\/gazdasagportal.hu\/index.php\/otp-csanyi-sandor-posztjan-marad\/","title":{"rendered":"OTP &#8211; Cs\u00e1nyi S\u00e1ndor posztj\u00e1n marad"},"content":{"rendered":"<p><strong>Cs\u00e1nyi S\u00e1ndor, az OTP Bank eln\u00f6k-vez\u00e9rigazgat\u00f3ja szerd\u00e1n h\u00e1tt\u00e9rbesz\u00e9lget\u00e9sen er\u0151s\u00edtette meg, hogy nem sz\u00e1nd\u00e9kozik megv\u00e1lni a bank vezet\u00e9s\u00e9t\u0151l.<!--more--><\/strong><\/p>\n<p>Elmondta azt is, hogy r\u00e9szv\u00e9nyelad\u00e1sait a korm\u00e1ny \u00fajabb devizahiteles ment\u0151csomagj\u00e1r\u00f3l sz\u00f3l\u00f3 h\u00edresztel\u00e9sek befoly\u00e1solt\u00e1k ugyan, de az id\u00e9n mindenk\u00e9ppen adott volna el OTP-pap\u00edrokat a tervezett \u00e9lelmiszeripari beruh\u00e1z\u00e1sai miatt.<br \/>\nA p\u00e9nzint\u00e9zet vezet\u0151je egy, megh\u00edvott \u00fajs\u00e1g\u00edr\u00f3knak tartott h\u00e1tt\u00e9rbesz\u00e9lget\u00e9sen hozz\u00e1tette: a h\u00edrek csak annyiban befoly\u00e1solt\u00e1k, hogy lejjebb vitte azt a limit\u00e1rat, ameddig az elad\u00e1sra megb\u00edz\u00e1st adott. Olyan megb\u00edz\u00e1st adott, hogy bizonyos als\u00f3 \u00e1rfolyamig folytass\u00e1k az elad\u00e1st, 300 forinttal vitte le ezt az \u00e1rat, ha az OTP-pap\u00edr 5000 forintr\u00f3l felfel\u00e9 indult volna, akkor v\u00e1rt volna az elad\u00e1ssal.<br \/>\nKiemelte: ebben az \u00e9vben mindenk\u00e9ppen adott volna el OTP-pap\u00edrokat a tervezett \u00e9lelmiszeripari beruh\u00e1z\u00e1sok miatt, de mint mondta, nem akarta, hogy ez a folyamat h\u00f3napokat vegyen ig\u00e9nybe. &#8222;Ezeket a r\u00e9szv\u00e9nyeket mindenk\u00e9ppen eladtam volna, mert sz\u00fcks\u00e9g volt az \u00f6sszegre a tervbe vett \u00e9lelmiszeripari beruh\u00e1z\u00e1sokhoz&#8221; &#8211; k\u00f6z\u00f6lte. &#8222;Nem kell megijedni\u00fck a kisbefektet\u0151knek, az OTP-t tov\u00e1bbra is nagyon j\u00f3 befektet\u00e9snek tartom, \u00e9s fogok m\u00e9g v\u00e1s\u00e1rolni. M\u00e9g vehetek \u00e9s eladhatok is OTP-r\u00e9szv\u00e9nyeket, a j\u00f6v\u0151ben akt\u00edvabb portf\u00f3li\u00f3-menedzsel\u00e9st akarok folytatni&#8221; &#8211; tette hozz\u00e1.<br \/>\nKijelentette: a r\u00e9szv\u00e9nyelad\u00e1sokkal nem \u00fczenni akart a korm\u00e1nynak, nem err\u0151l van sz\u00f3. Hozz\u00e1f\u0171zte: ismeri annyira Orb\u00e1n Viktort, ett\u0151l \u0151 nem ijedne meg, &#8222;ez olyan, mintha pap\u00edrrep\u00fcl\u0151vel dob\u00e1ln\u00e1m \u0151t&#8221;.<br \/>\nAz \u00e9lelmiszeripari beruh\u00e1z\u00e1sokr\u00f3l elmondta: most egy hozz\u00e1vet\u0151leg 12,5 milli\u00e1rd forint \u00f6sszeg\u0171, t\u00f6bb projektb\u0151l \u00e1ll\u00f3 beruh\u00e1z\u00e1si folyamat zajlik, a tervek k\u00f6z\u00f6tt tov\u00e1bbi, mintegy 10 milli\u00e1rd forintot kitev\u0151 beruh\u00e1z\u00e1sok szerepelnek, emellett 11 milli\u00e1rd forintra r\u00fag majd az a v\u00e1g\u00f3h\u00edd, amelyet m\u00e1s befektet\u0151vel egy\u00fctt val\u00f3s\u00edt meg.<br \/>\nArra a k\u00e9rd\u00e9sre, hogy a jegybankeln\u00f6k bankvezet\u0151knek tartott reggelijein, amelyen \u0151 is r\u00e9szt vett, sz\u00f3ba ker\u00fclt-e az \u00fajabb devizahiteles ment\u0151csomag, elmondta: 3-4 ilyen reggeli volt, eddig nem esett sz\u00f3 arr\u00f3l, hogy esetleg \u00fajabb devizahiteles ment\u0151csomag v\u00e1rhat\u00f3.<br \/>\nCs\u00e1nyi S\u00e1ndor egy\u00fattal lesz\u00f6gezte: nem sz\u00fclethet olyan, a devizahiteleseket ment\u0151 csomag, amelyet az OTP ne tudna t\u00fal\u00e9lni. A tervezett devizahiteleseket seg\u00edt\u0151 \u00fajabb ment\u0151csomagr\u00f3l nem egyeztettek a bankokkal, egy konzult\u00e1ci\u00f3 volt h\u00e9tf\u0151n a banksz\u00f6vets\u00e9ggel, amelyen az OTP r\u00e9sz\u00e9r\u0151l Gresa Istv\u00e1n vez\u00e9rigazgat\u00f3-helyettes vett r\u00e9szt. A pontos tervekr\u0151l nem tudnak &#8211; mondta.<br \/>\nA tov\u00e1bbi esetleges akviz\u00edci\u00f3kr\u00f3l jelezte: esetleg m\u00e9gsem vesznek meg t\u00f6bb magyarorsz\u00e1gi bankot, mert b\u00e1r az akviz\u00edci\u00f3k tov\u00e1bbra is a tervekben szerepelnek, \u00e9s azokat szeretn\u00e9 is az OTP megval\u00f3s\u00edtani, el\u0151sz\u00f6r l\u00e1tniuk kell, hogy mennyi likvid eszk\u00f6ze marad a p\u00e9nzint\u00e9zeti csoportnak, melyek lesznek az \u00faj t\u0151kek\u00f6vetelm\u00e9nyek.<br \/>\nAz \u00fajabb ment\u0151csomag, annak esetleges megval\u00f3s\u00edt\u00e1sa kock\u00e1zatokat hordoz, mert az orsz\u00e1g bankrendszer\u00e9t n\u00e9zve cs\u00f6kken a hitel\u00e1llom\u00e1ny, a hitel\\bet\u00e9t mutat\u00f3 is m\u00e9rs\u00e9kl\u0151dik, \u00e9s az anyabanki forr\u00e1sok, amelyekb\u0151l finansz\u00edrozhat\u00f3ak lenn\u00e9nek bizonyos hitelek, szint\u00e9n apadnak. Ennek okai k\u00f6z\u00e9 sorolhat\u00f3, hogy v\u00e1rhat\u00f3 a b\u00e1zeli szab\u00e1lyok tov\u00e1bbi szigorod\u00e1sa, a nemzeti bankfel\u00fcgyeletek \u00fajabb szigor\u00fa el\u0151\u00edr\u00e1sokat, szab\u00e1lyokat alkotnak, a bankok pedig menek\u00fclnek azokr\u00f3l a piacokr\u00f3l, ahol alacsony a megt\u00e9r\u00fcl\u00e9s &#8211; mondta.<br \/>\nKiemelte: 2012-ben Magyarorsz\u00e1gon m\u00ednusz 7,6 sz\u00e1zal\u00e9k volt a t\u0151kear\u00e1nyos megt\u00e9r\u00fcl\u00e9s, 2011-ben m\u00ednusz 12 sz\u00e1zal\u00e9k, m\u00edg 2008-ban plusz 4,1 sz\u00e1zal\u00e9k. Az alacsony megt\u00e9r\u00fcl\u00e9s mellett Magyarorsz\u00e1gon a bankad\u00f3 \u00e9s a tranzakci\u00f3s illet\u00e9k is jelent\u0151s terheket jelent a bankoknak.<br \/>\nArr\u00f3l is sz\u00f3lt, a bizonytalan jogi h\u00e1tt\u00e9r miatt Magyarorsz\u00e1g nem igaz\u00e1n vonz\u00f3 terep a p\u00e9nzint\u00e9zeti tev\u00e9kenys\u00e9g sz\u00e1m\u00e1ra.<br \/>\nA takar\u00e9ksz\u00f6vetkezeti integr\u00e1ci\u00f3 szerinte r\u00f6vid t\u00e1von nem jelent vesz\u00e9lyt az OTP-csoportra, mert az \u00e1talak\u00edt\u00e1s id\u0151ig\u00e9nyes, de hosszabb t\u00e1von se hiszi, hogy olyan &#8222;bombaterm\u00e9kek&#8221; jelenn\u00e9nek meg a takar\u00e9kok h\u00e1l\u00f3zat\u00e1ban, amelyek ne lenn\u00e9nek meg az OTP-n\u00e9l.<br \/>\nArra a k\u00e9rd\u00e9sre, hogy \u00e9rez-e politikai t\u00e1mad\u00e1st ellene vagy a bankja ellen, azt v\u00e1laszolta: nem \u00e9rzi a politikai t\u00e1mad\u00e1st a korm\u00e1ny r\u00e9sz\u00e9r\u0151l, \u00fagy \u00edt\u00e9lte meg, nem t\u00f6rt\u00e9nt olyan specifikus l\u00e9p\u00e9s, amely az OTP Bankot jobban s\u00fajtotta volna, mint a t\u00f6bbi bankot.<br \/>\n&#8222;N\u00e9ha 1-2 ember tesz ugyan megjegyz\u00e9seket, de ez sosem izgatott nagyon&#8221; &#8211; jegyezte meg, majd konkr\u00e9tan L\u00e1z\u00e1r J\u00e1nost, a Minisztereln\u00f6ks\u00e9get vezet\u0151 \u00e1llamtitk\u00e1rt megeml\u00edtve, azt mondta, &#8222;L\u00e1z\u00e1r urat nem ismerem szem\u00e9lyesen olyan j\u00f3l, de nagyon tehets\u00e9ges politikus, l\u00e1thatjuk, milyen j\u00f3l int\u00e9zte a trafik\u00fcgyet&#8221;.<br \/>\nCs\u00e1nyi S\u00e1ndor kiemelte: az OTP rendk\u00edv\u00fcl stabil, t\u0151keereje kimagasl\u00f3 Eur\u00f3p\u00e1ban, hatalmas likvidit\u00e1si tartal\u00e9kkal rendelkezik, a 90 napon t\u00fal nem teljes\u00edt\u0151 hitelek lefedetts\u00e9ge t\u00f6bb mint 80 sz\u00e1zal\u00e9kos, az OTP j\u00f3 \u00e9rtelemben v\u00e9ve a legkonzervat\u00edvabb bank.<br \/>\nEgyes piaci tal\u00e1lgat\u00e1sokkal kapcsolatban elmondta: az OTP vez\u00e9rigazgat\u00f3-helyetteseinek tulajdon\u00e1ban l\u00e9v\u0151 r\u00e9szv\u00e9nycsomag nagys\u00e1ga nem v\u00e1ltozott.<br \/>\n&#8222;Nem tervezem a visszavonul\u00e1som, jobb \u00e1llapotban vagyok, mint a m\u0171t\u00e9t el\u0151tt&#8221; &#8211; mondta. A m\u0171t\u00e9tj\u00e9vel kapcsolatban utalt arra, hogy sz\u00fclet\u00e9skori rendelleness\u00e9g miatt az aorta billenty\u0171j\u00e9vel volt baj, most j\u00f6tt el az oper\u00e1ci\u00f3ra ideje, de a m\u0171t\u00e9t nem cs\u00f6kkentette munkab\u00edr\u00f3 k\u00e9pess\u00e9g\u00e9t.<br \/>\nElmondta: az\u00e9rt N\u00e9metorsz\u00e1gban m\u0171t\u00f6tt\u00e9k, mert ott tal\u00e1lt egy specialist\u00e1t, nem az\u00e9rt, mert nem b\u00edzik a magyar orvosokban.<br \/>\n&#8222;Teljesen meggy\u00f3gyultam, maratont is futhatn\u00e9k, fizikailag rendben vagyok&#8221; &#8211; emelte ki.<br \/>\nEgy a Mol-INA-\u00fcggyel kapcsolatos k\u00e9rd\u00e9sre Cs\u00e1nyi S\u00e1ndor &#8211; aki a Mol aleln\u00f6ke &#8211; kijelentette: Hern\u00e1di Zsolt korszer\u0171 nagyv\u00e1llalatot \u00e9p\u00edtett ki, neki kell maradnia a Mol eln\u00f6k-vez\u00e9rigazgat\u00f3j\u00e1nak.(MTI)<\/p>\n","protected":false},"excerpt":{"rendered":"<p>Cs\u00e1nyi S\u00e1ndor, az OTP Bank eln\u00f6k-vez\u00e9rigazgat\u00f3ja szerd\u00e1n h\u00e1tt\u00e9rbesz\u00e9lget\u00e9sen er\u0151s\u00edtette meg, hogy nem sz\u00e1nd\u00e9kozik megv\u00e1lni a bank vezet\u00e9s\u00e9t\u0151l.<\/p>\n","protected":false},"author":1,"featured_media":12114,"comment_status":"open","ping_status":"closed","sticky":false,"template":"","format":"standard","meta":[],"categories":[19,7],"tags":[57],"_links":{"self":[{"href":"https:\/\/gazdasagportal.hu\/index.php\/wp-json\/wp\/v2\/posts\/12320"}],"collection":[{"href":"https:\/\/gazdasagportal.hu\/index.php\/wp-json\/wp\/v2\/posts"}],"about":[{"href":"https:\/\/gazdasagportal.hu\/index.php\/wp-json\/wp\/v2\/types\/post"}],"author":[{"embeddable":true,"href":"https:\/\/gazdasagportal.hu\/index.php\/wp-json\/wp\/v2\/users\/1"}],"replies":[{"embeddable":true,"href":"https:\/\/gazdasagportal.hu\/index.php\/wp-json\/wp\/v2\/comments?post=12320"}],"version-history":[{"count":4,"href":"https:\/\/gazdasagportal.hu\/index.php\/wp-json\/wp\/v2\/posts\/12320\/revisions"}],"predecessor-version":[{"id":12361,"href":"https:\/\/gazdasagportal.hu\/index.php\/wp-json\/wp\/v2\/posts\/12320\/revisions\/12361"}],"wp:featuredmedia":[{"embeddable":true,"href":"https:\/\/gazdasagportal.hu\/index.php\/wp-json\/wp\/v2\/media\/12114"}],"wp:attachment":[{"href":"https:\/\/gazdasagportal.hu\/index.php\/wp-json\/wp\/v2\/media?parent=12320"}],"wp:term":[{"taxonomy":"category","embeddable":true,"href":"https:\/\/gazdasagportal.hu\/index.php\/wp-json\/wp\/v2\/categories?post=12320"},{"taxonomy":"post_tag","embeddable":true,"href":"https:\/\/gazdasagportal.hu\/index.php\/wp-json\/wp\/v2\/tags?post=12320"}],"curies":[{"name":"wp","href":"https:\/\/api.w.org\/{rel}","templated":true}]}}