{"id":123110,"date":"2020-01-20T05:22:33","date_gmt":"2020-01-20T04:22:33","guid":{"rendered":"http:\/\/gazdasagportal.hu\/?p=123110"},"modified":"2020-01-20T05:22:33","modified_gmt":"2020-01-20T04:22:33","slug":"impeachment-wsj-lev-parnas-bevasarolta-magat-donald-trump-kornyezetebe","status":"publish","type":"post","link":"https:\/\/gazdasagportal.hu\/index.php\/impeachment-wsj-lev-parnas-bevasarolta-magat-donald-trump-kornyezetebe\/","title":{"rendered":"Impeachment &#8211; WSJ: Lev Parnas bev\u00e1s\u00e1rolta mag\u00e1t Donald Trump k\u00f6rnyezet\u00e9be"},"content":{"rendered":"<p><strong>Lev Parnas ukr\u00e1n sz\u00fclet\u00e9s\u0171 amerikai \u00fczletember bev\u00e1s\u00e1rolta mag\u00e1t Donald Trump amerikai eln\u00f6k k\u00f6rnyezet\u00e9be &#8211; \u00edrta a The Wall Street Journal (WSJ) c\u00edm\u0171 amerikai lap, amely vas\u00e1rnap este az internetes oldal\u00e1n tett k\u00f6zz\u00e9 r\u00e9szletes portr\u00e9t Parnasr\u00f3l, aki a Trump ellen foly\u00f3 alkotm\u00e1nyos felel\u0151ss\u00e9gre von\u00e1si elj\u00e1r\u00e1s (impeachment) sor\u00e1n a napokban ker\u00fclt az \u00e9rdekl\u0151d\u00e9s homlokter\u00e9be.<\/strong><!--more--><\/p>\n<div class=\"ads-in-post2\"><script async src=\"https:\/\/pagead2.googlesyndication.com\/pagead\/js\/adsbygoogle.js\"><\/script>\r\n<ins class=\"adsbygoogle\"\r\n     style=\"display:block\"\r\n     data-ad-format=\"fluid\"\r\n     data-ad-layout-key=\"-6t+ed+2i-1n-4w\"\r\n     data-ad-client=\"ca-pub-1959107119989764\"\r\n     data-ad-slot=\"4008251320\"><\/ins>\r\n<script>\r\n     (adsbygoogle = window.adsbygoogle || []).push({});\r\n<\/script><\/div>\n<p>    A lap szerint Parnas a 2016-os eln\u00f6kv\u00e1laszt\u00e1si kamp\u00e1nyban 50 ezer doll\u00e1rt (t\u00f6bb mint 15 milli\u00f3 forintot) adom\u00e1nyozott Donald Trump kamp\u00e1ny\u00e1ra \u00e9s a Republik\u00e1nus Orsz\u00e1gos Bizotts\u00e1gnak, azaz a republik\u00e1nus p\u00e1rt vezet\u0151 szerv\u00e9nek, majd nem sokkal a novemberi eln\u00f6kv\u00e1laszt\u00e1s el\u0151tt egy floridai kamp\u00e1nyrendezv\u00e9nyen bemutatkozott Trumpnak \u00e9s Rudy Giulianinak, aki k\u00e9s\u0151bb az eln\u00f6k szem\u00e9lyes jogi tan\u00e1csad\u00f3ja lett.<br \/>\n    A Florid\u00e1ban \u00e9l\u0151 Parnas ingatlanfejleszt\u00e9sekkel \u00e9s biztos\u00edt\u00e1si \u00fcgyletekkel foglalkozott, a kamp\u00e1nyrendezv\u00e9nyen k\u00f6z\u00f6s \u00fczletet aj\u00e1nlott a f\u0151szervez\u0151nek, egy milli\u00e1rdos \u00e9p\u00edt\u00e9si v\u00e1llalkoz\u00f3nak. Robert Pereira, a v\u00e1llalkoz\u00f3 a WSJ munkat\u00e1rsainak \u00fagy nyilatkozott, hogy &#8222;nem b\u00edzott ebben a pasasban&#8221;, \u00e9s meg is szak\u00edtott vele minden kapcsolatot.<br \/>\n    Parnas ugyan felt\u0171n\u0151en nagy l\u00e1bon \u00e9lt Florid\u00e1ban, de a WSJ inform\u00e1ci\u00f3i szerint v\u00e1llalkoz\u00e1sai nem voltak sikeresek. Miut\u00e1n azonban adom\u00e1nnyal seg\u00edtette a 2016-os republik\u00e1nus kamp\u00e1nyt, beker\u00fclt a Donald Trumpot t\u00e1mogat\u00f3 gazdag republik\u00e1nusok k\u00f6reibe, gyakran k\u00e9sz\u00edtett mag\u00e1r\u00f3l fot\u00f3kat vel\u00fck, az \u00fczleti \u00fcgyei is fellend\u00fcltek.<br \/>\n<div class=\"ads-in-post1\"><div id=\"gazdasagportal.hu_fullbanner_wideboard\"><\/div>\r\n<\/div>\n    \u00cdgy ker\u00fclt kapcsolatba Rudy Giulianival is, aki k\u00e9s\u0151bb az \u0151 seg\u00edts\u00e9g\u00e9t vette ig\u00e9nybe ukrajnai mag\u00e1nnyomoz\u00e1sai sor\u00e1n. Giuliani Ukrajn\u00e1ban a jelenlegi egyik demokrata p\u00e1rti eln\u00f6kjel\u00f6lt-aspir\u00e1ns, Joe Biden kor\u00e1bbi aleln\u00f6k \u00e9s fia, Hunter Biden ukrajnai \u00fczleti \u00fcgyeir\u0151l gy\u0171jt\u00f6tt inform\u00e1ci\u00f3kat. A WSJ eml\u00e9keztetett arra, hogy 2018-ban egyik \u00fczlett\u00e1rs\u00e1val egy\u00fctt Parnas is tan\u00e1csad\u00f3j\u00e1nak k\u00e9rte fel Giulianit, aki akkor m\u00e1r az amerikai eln\u00f6k jogi tan\u00e1csad\u00f3ja volt.<br \/>\n    Parnas &#8211; a WSJ cikke szerint &#8211; a Giulianihoz f\u0171z\u0151d\u0151 kapcsolat\u00e1t\u00f3l azt is rem\u00e9lte, hogy j\u00f6vedelmez\u0151 \u00fczleti meg\u00e1llapod\u00e1sokkal kamatoztathatja.<br \/>\n    Lev Parnas k\u00e9s\u0151bb azt \u00e1ll\u00edtotta: \u0151 hozta \u00f6ssze a tal\u00e1lkoz\u00f3kat Giuliani sz\u00e1m\u00e1ra Ukrajn\u00e1ban t\u00f6bb olyan szem\u00e9lyis\u00e9ggel is, aki felt\u00e9telez\u00e9sek szerint seg\u00edtett Giulianinak adatokat gy\u0171jteni Biden \u00e9s fia ukrajnai \u00fczleti \u00fcgyeir\u0151l. K\u00f6zt\u00fck volt Jurij Lucenko \u00e9s Viktor Sokin kor\u00e1bbi \u00e1llam\u00fcgy\u00e9sz is.<br \/>\n    A Joe Biden ellen tett l\u00e9p\u00e9sek az impeachment k\u00f6z\u00e9ppontj\u00e1ban \u00e1llnak, a demokrata p\u00e1rti t\u00f6rv\u00e9nyhoz\u00f3k szerint ugyanis Donald Trump vissza\u00e9lt a hatalm\u00e1val szem\u00e9lyes amb\u00edci\u00f3i, esetleges \u00fajrav\u00e1laszt\u00e1sa \u00e9rdek\u00e9ben. Ezt a v\u00e1dat az eln\u00f6k mindig tagadta.<br \/>\n    Parnast \u00e9s feh\u00e9rorosz-amerikai \u00fczlett\u00e1rs\u00e1t, Igor Frumant tavaly okt\u00f3berben letart\u00f3ztatt\u00e1k. A manhattani \u00fcgy\u00e9szs\u00e9gen v\u00e1dat emeltek ellen\u00fck, mert a gyan\u00fa szerint megpr\u00f3b\u00e1lt\u00e1k k\u00fclf\u00f6ldi p\u00e9nzekkel befoly\u00e1solni az amerikai v\u00e1laszt\u00e1si folyamatot. A nyomoz\u00e1s jelenleg is folyik.<br \/>\n    Parnas a h\u00e9ten bejelentette: hajland\u00f3 tan\u00favallom\u00e1st tenni az impeachment kedden kezd\u0151d\u0151 szen\u00e1tusi t\u00e1rgyal\u00e1s\u00e1n. Ez\u00e9rt cser\u00e9be az amerikai sajt\u00f3ban megjelent inform\u00e1ci\u00f3k szerint felvetette a v\u00e1dalku lehet\u0151s\u00e9g\u00e9t, de nem tal\u00e1lt meghallgat\u00e1sra a demokrata p\u00e1rti t\u00f6rv\u00e9nyhoz\u00f3k k\u00f6r\u00e9ben.<br \/>\n    Lev Parnas az elm\u00falt napokban t\u00f6bb sz\u00e1z oldalnyi dokumentumot &#8211; leveleket, e-maileket, feljegyz\u00e9seket &#8211; adott \u00e1t a k\u00e9pvisel\u0151h\u00e1z h\u00edrszerz\u00e9si bizotts\u00e1g\u00e1nak. A dokumentumok a Rudy Giulianihoz f\u0171z\u0151d\u0151 kapcsolat\u00e1r\u00f3l tan\u00faskodnak. A m\u00falt h\u00e9ten pedig egy telev\u00edzi\u00f3s \u00e9s egy lapinterj\u00faban azt \u00e1ll\u00edtotta: ukrajnai kapcsolatfelv\u00e9teleik Donald Trump tudt\u00e1val t\u00f6rt\u00e9ntek. Trump c\u00e1folta, hogy ismern\u00e9 Lev Parnast.(MTI)<\/p>\n","protected":false},"excerpt":{"rendered":"<p>Lev Parnas ukr\u00e1n sz\u00fclet\u00e9s\u0171 amerikai \u00fczletember bev\u00e1s\u00e1rolta mag\u00e1t Donald Trump amerikai eln\u00f6k k\u00f6rnyezet\u00e9be &#8211; \u00edrta a The Wall Street Journal (WSJ) c\u00edm\u0171 amerikai lap, amely vas\u00e1rnap este az internetes oldal\u00e1n tett k\u00f6zz\u00e9 r\u00e9szletes portr\u00e9t Parnasr\u00f3l, aki a Trump ellen foly\u00f3 alkotm\u00e1nyos felel\u0151ss\u00e9gre von\u00e1si elj\u00e1r\u00e1s (impeachment) sor\u00e1n a napokban ker\u00fclt az \u00e9rdekl\u0151d\u00e9s homlokter\u00e9be.<\/p>\n","protected":false},"author":1001003,"featured_media":0,"comment_status":"closed","ping_status":"open","sticky":false,"template":"","format":"standard","meta":[],"categories":[13],"tags":[],"_links":{"self":[{"href":"https:\/\/gazdasagportal.hu\/index.php\/wp-json\/wp\/v2\/posts\/123110"}],"collection":[{"href":"https:\/\/gazdasagportal.hu\/index.php\/wp-json\/wp\/v2\/posts"}],"about":[{"href":"https:\/\/gazdasagportal.hu\/index.php\/wp-json\/wp\/v2\/types\/post"}],"author":[{"embeddable":true,"href":"https:\/\/gazdasagportal.hu\/index.php\/wp-json\/wp\/v2\/users\/1001003"}],"replies":[{"embeddable":true,"href":"https:\/\/gazdasagportal.hu\/index.php\/wp-json\/wp\/v2\/comments?post=123110"}],"version-history":[{"count":1,"href":"https:\/\/gazdasagportal.hu\/index.php\/wp-json\/wp\/v2\/posts\/123110\/revisions"}],"predecessor-version":[{"id":123111,"href":"https:\/\/gazdasagportal.hu\/index.php\/wp-json\/wp\/v2\/posts\/123110\/revisions\/123111"}],"wp:attachment":[{"href":"https:\/\/gazdasagportal.hu\/index.php\/wp-json\/wp\/v2\/media?parent=123110"}],"wp:term":[{"taxonomy":"category","embeddable":true,"href":"https:\/\/gazdasagportal.hu\/index.php\/wp-json\/wp\/v2\/categories?post=123110"},{"taxonomy":"post_tag","embeddable":true,"href":"https:\/\/gazdasagportal.hu\/index.php\/wp-json\/wp\/v2\/tags?post=123110"}],"curies":[{"name":"wp","href":"https:\/\/api.w.org\/{rel}","templated":true}]}}