{"id":123061,"date":"2020-01-17T11:12:19","date_gmt":"2020-01-17T10:12:19","guid":{"rendered":"http:\/\/gazdasagportal.hu\/?p=123061"},"modified":"2020-01-17T11:12:19","modified_gmt":"2020-01-17T10:12:19","slug":"decemberben-nott-az-ipari-termeles-es-a-kiskereskedelmi-forgalom-kinaban","status":"publish","type":"post","link":"https:\/\/gazdasagportal.hu\/index.php\/decemberben-nott-az-ipari-termeles-es-a-kiskereskedelmi-forgalom-kinaban\/","title":{"rendered":"Decemberben n\u0151tt az ipari termel\u00e9s \u00e9s a kiskereskedelmi forgalom K\u00edn\u00e1ban"},"content":{"rendered":"<p><strong>A v\u00e1rakoz\u00e1sokat meghalad\u00f3 \u00fctemben n\u0151tt tavaly decemberben az ipari termel\u00e9s, \u00e9s tov\u00e1bb \u00e9l\u00e9nk\u00fclt a kiskereskedelmi forgalom K\u00edn\u00e1ban &#8211; der\u00fcl ki a k\u00ednai statisztikai hivatal p\u00e9nteken kiadott jelent\u00e9seib\u0151l.<\/strong><!--more--><\/p>\n<div class=\"ads-in-post1\"><div id=\"gazdasagportal.hu_fullbanner_wideboard\"><\/div>\r\n<\/div>\n<p>    Decemberben az ipari termel\u00e9s 6,9 sz\u00e1zal\u00e9kkal n\u0151tt \u00e9ves \u00f6sszevet\u00e9sben, j\u00f3csk\u00e1n megel\u0151zve az 5,9 sz\u00e1zal\u00e9kos n\u00f6veked\u00e9st val\u00f3sz\u00edn\u0171s\u00edt\u0151 elemz\u0151i el\u0151rejelz\u00e9seket, \u00e9s a legnagyobb n\u00f6veked\u00e9si \u00fctemre gyorsulva tavaly m\u00e1rcius \u00f3ta. Havi \u00f6sszevet\u00e9sben az ipari termel\u00e9s 0,7 sz\u00e1zal\u00e9kot n\u0151tt novemberhez k\u00e9pest.<br \/>\n    Az ipari termel\u00e9s az \u00e9v eg\u00e9sz\u00e9ben 5,7 sz\u00e1zal\u00e9kkal n\u0151tt, ami lassul\u00e1st jelent az el\u0151z\u0151 \u00e9v 6,2 sz\u00e1zal\u00e9kos adat\u00e1hoz k\u00e9pest.<br \/>\n    A kiskereskedelmi forgalom szint\u00e9n enyh\u00e9n a v\u00e1rakoz\u00e1sokon fel\u00fcl teljes\u00edtett: \u00e9ves \u00f6sszehasonl\u00edt\u00e1sban 8 sz\u00e1zal\u00e9kkal emelkedett decemberben, szemben az elemz\u0151k \u00e1ltal j\u00f3solt 7,8 sz\u00e1zal\u00e9kos b\u0151v\u00fcl\u00e9ssel. A kiskereskedelmi forgalom n\u00f6veked\u00e9se ezzel november \u00f3ta tartja az \u00f6t havi cs\u00facsnak sz\u00e1m\u00edt\u00f3 lend\u00fclet\u00e9t.<br \/>\n    A kiskereskedelmi forgalom eg\u00e9sz \u00e9ves b\u0151v\u00fcl\u00e9se szint\u00e9n nyolc sz\u00e1zal\u00e9kos volt.<br \/>\n<div class=\"ads-in-post2\"><script async src=\"https:\/\/pagead2.googlesyndication.com\/pagead\/js\/adsbygoogle.js\"><\/script>\r\n<ins class=\"adsbygoogle\"\r\n     style=\"display:block\"\r\n     data-ad-format=\"fluid\"\r\n     data-ad-layout-key=\"-6t+ed+2i-1n-4w\"\r\n     data-ad-client=\"ca-pub-1959107119989764\"\r\n     data-ad-slot=\"4008251320\"><\/ins>\r\n<script>\r\n     (adsbygoogle = window.adsbygoogle || []).push({});\r\n<\/script><\/div>\n    Az \u00e1ll\u00f3eszk\u00f6z-beruh\u00e1z\u00e1sok 5,4 sz\u00e1zal\u00e9kkal emelkedtek \u00e9ves \u00f6sszehasonl\u00edt\u00e1sban 2019 eg\u00e9sz\u00e9t tekintve, ami javul\u00e1st jelentett az okt\u00f3berre \u00e9s novemberre k\u00f6z\u00f6lt, eddigi leggyeng\u00e9bb eredm\u00e9nynek sz\u00e1m\u00edt\u00f3 5,2 sz\u00e1zal\u00e9khoz k\u00e9pest. Elemz\u0151k v\u00e1ltozatlan n\u00f6veked\u00e9si \u00fctemre sz\u00e1m\u00edtottak.<br \/>\n    A beruh\u00e1z\u00e1sok mintegy 60 sz\u00e1zal\u00e9k\u00e1t kitev\u0151 mag\u00e1nberuh\u00e1z\u00e1sok n\u00f6veked\u00e9si \u00fcteme 2018-hoz k\u00e9pest tavaly 4,7 sz\u00e1zal\u00e9k volt.<br \/>\n    A k\u00ednai statisztikai hivatal szint\u00e9n p\u00e9nteki k\u00f6zl\u00e9se szerint K\u00edna gazdas\u00e1gi n\u00f6veked\u00e9se k\u00f6zel harminc \u00e9ves m\u00e9lypontra lassult, az elm\u00falt \u00e9v eg\u00e9sz\u00e9t tekintve ugyanis a hazai \u00f6sszterm\u00e9k (GDP) 6,1 sz\u00e1zal\u00e9kkal haladta meg az el\u0151z\u0151 \u00e9vit, ami 1990 \u00f3ta a legvisszafogottabb n\u00f6veked\u00e9si \u00fctem. Ning Csi-cs\u00f6, a k\u00ednai statisztikai hivatal vezet\u0151je p\u00e9nteki sajt\u00f3t\u00e1j\u00e9koztat\u00f3j\u00e1n tov\u00e1bbi gazdas\u00e1gserkent\u0151 int\u00e9zked\u00e9sek bevezet\u00e9s\u00e9t helyezte kil\u00e1t\u00e1sba a n\u00f6veked\u00e9s lassul\u00e1s\u00e1nak visszafog\u00e1s\u00e1ra.(MTI)<\/p>\n","protected":false},"excerpt":{"rendered":"<p>A v\u00e1rakoz\u00e1sokat meghalad\u00f3 \u00fctemben n\u0151tt tavaly decemberben az ipari termel\u00e9s, \u00e9s tov\u00e1bb \u00e9l\u00e9nk\u00fclt a kiskereskedelmi forgalom K\u00edn\u00e1ban &#8211; der\u00fcl ki a k\u00ednai statisztikai hivatal p\u00e9nteken kiadott jelent\u00e9seib\u0151l.<\/p>\n","protected":false},"author":1,"featured_media":0,"comment_status":"closed","ping_status":"open","sticky":false,"template":"","format":"standard","meta":[],"categories":[246],"tags":[],"_links":{"self":[{"href":"https:\/\/gazdasagportal.hu\/index.php\/wp-json\/wp\/v2\/posts\/123061"}],"collection":[{"href":"https:\/\/gazdasagportal.hu\/index.php\/wp-json\/wp\/v2\/posts"}],"about":[{"href":"https:\/\/gazdasagportal.hu\/index.php\/wp-json\/wp\/v2\/types\/post"}],"author":[{"embeddable":true,"href":"https:\/\/gazdasagportal.hu\/index.php\/wp-json\/wp\/v2\/users\/1"}],"replies":[{"embeddable":true,"href":"https:\/\/gazdasagportal.hu\/index.php\/wp-json\/wp\/v2\/comments?post=123061"}],"version-history":[{"count":1,"href":"https:\/\/gazdasagportal.hu\/index.php\/wp-json\/wp\/v2\/posts\/123061\/revisions"}],"predecessor-version":[{"id":123062,"href":"https:\/\/gazdasagportal.hu\/index.php\/wp-json\/wp\/v2\/posts\/123061\/revisions\/123062"}],"wp:attachment":[{"href":"https:\/\/gazdasagportal.hu\/index.php\/wp-json\/wp\/v2\/media?parent=123061"}],"wp:term":[{"taxonomy":"category","embeddable":true,"href":"https:\/\/gazdasagportal.hu\/index.php\/wp-json\/wp\/v2\/categories?post=123061"},{"taxonomy":"post_tag","embeddable":true,"href":"https:\/\/gazdasagportal.hu\/index.php\/wp-json\/wp\/v2\/tags?post=123061"}],"curies":[{"name":"wp","href":"https:\/\/api.w.org\/{rel}","templated":true}]}}