{"id":123045,"date":"2020-01-16T15:16:20","date_gmt":"2020-01-16T14:16:20","guid":{"rendered":"http:\/\/gazdasagportal.hu\/?p=123045"},"modified":"2020-01-16T15:16:20","modified_gmt":"2020-01-16T14:16:20","slug":"csokkent-a-munkanelkuli-segelyt-kerok-szama-az-egyesult-allamokban-14","status":"publish","type":"post","link":"https:\/\/gazdasagportal.hu\/index.php\/csokkent-a-munkanelkuli-segelyt-kerok-szama-az-egyesult-allamokban-14\/","title":{"rendered":"Cs\u00f6kkent a munkan\u00e9lk\u00fcli seg\u00e9lyt k\u00e9r\u0151k sz\u00e1ma az Egyes\u00fclt \u00c1llamokban"},"content":{"rendered":"<p><strong>Cs\u00f6kkent az els\u0151 alkalommal munkan\u00e9lk\u00fcli seg\u00e9lyt k\u00e9r\u0151k sz\u00e1ma az Egyes\u00fclt \u00c1llamokban a m\u00falt h\u00e9ten.<\/strong><!--more--><\/p>\n<div class=\"ads-in-post2\"><script async src=\"https:\/\/pagead2.googlesyndication.com\/pagead\/js\/adsbygoogle.js\"><\/script>\r\n<ins class=\"adsbygoogle\"\r\n     style=\"display:block\"\r\n     data-ad-format=\"fluid\"\r\n     data-ad-layout-key=\"-6t+ed+2i-1n-4w\"\r\n     data-ad-client=\"ca-pub-1959107119989764\"\r\n     data-ad-slot=\"4008251320\"><\/ins>\r\n<script>\r\n     (adsbygoogle = window.adsbygoogle || []).push({});\r\n<\/script><\/div>\n<p>    A washingtoni munka\u00fcgyi miniszt\u00e9rium cs\u00fct\u00f6rt\u00f6k\u00f6n k\u00f6z\u00f6lte, hogy a szezon\u00e1lisan kiigaz\u00edtott adatok szerint az els\u0151 alkalommal munkan\u00e9lk\u00fcli seg\u00e9ly\u00e9rt folyamod\u00f3k sz\u00e1ma t\u00edzezerrel, 204 ezerre s\u00fcllyedt a janu\u00e1r 11-\u00e9n z\u00e1rult h\u00e9ten. Elemz\u0151k emelked\u00e9st, 216 ezres \u00e9rt\u00e9ket v\u00e1rtak.<br \/>\n    M\u00e1r k\u00f6zel \u00f6t \u00e9ve, 2015 m\u00e1rciusa \u00f3ta \u00e1ll 300 ezer alatt ez a sz\u00e1m. A 300 ezer alatti \u00e9rt\u00e9ket a munkaer\u0151piac robusztus er\u0151s\u00f6d\u00e9s\u00e9nek jelek\u00e9nt \u00e9rtelmezik az elemz\u0151k.<br \/>\n    A seg\u00e9lyk\u00e9relmek sz\u00e1m\u00e1t m\u00e9r\u0151 n\u00e9gyhetes mozg\u00f3\u00e1tlag 7750-nel, 216 ezer 250-re s\u00fcllyedt. A mozg\u00f3\u00e1tlag seg\u00edt kisz\u0171rni az ideiglenes, egyszeri hat\u00e1sokat.<br \/>\n    A tart\u00f3san munkan\u00e9lk\u00fcli seg\u00e9lyt k\u00e9r\u0151k sz\u00e1ma 37 ezerrel, 1 milli\u00f3 767 ezerre esett a janu\u00e1r 4-\u00e9vel v\u00e9gz\u0151d\u00f6tt h\u00e9ten. K\u00f6zel h\u00e1rom \u00e9ve, 2017 \u00e1prilis eleje \u00f3ta \u00e1ll k\u00e9tmilli\u00f3 alatt ez a sz\u00e1m, t\u00fckr\u00f6zve a munkaer\u0151piac feszess\u00e9g\u00e9t.<br \/>\n    A tart\u00f3san munkan\u00e9lk\u00fcli seg\u00e9lyt k\u00e9r\u0151k sz\u00e1m\u00e1t m\u00e9r\u0151 n\u00e9gyhetes mozg\u00f3\u00e1tlag viszont 10 500-zal, 1 milli\u00f3 755 ezer 500-ra n\u0151tt. Ez a sz\u00e1m is k\u00f6zel h\u00e1rom \u00e9ve \u00e1ll k\u00e9tmilli\u00f3 alatt.<br \/>\n<div class=\"ads-in-post1\"><div id=\"gazdasagportal.hu_fullbanner_wideboard\"><\/div>\r\n<\/div>\n    Az ut\u00f3bbi hetekben az \u00e9v v\u00e9gi \u00fcnnepek miatt v\u00e1ltoz\u00e9konyan alakult az els\u0151 alkalommal beny\u00fajtott k\u00e9relmek sz\u00e1ma. November v\u00e9g\u00e9n 203 ezren \u00e1llt az els\u0151 alkalommal munkan\u00e9lk\u00fcli seg\u00e9lyt k\u00e9r\u0151k sz\u00e1ma, december elej\u00e9n viszont 252 ezerre ugrott. Viszont az ut\u00f3bbi \u00f6t h\u00e9t mindegyik\u00e9ben cs\u00f6kken\u00e9st m\u00e9rtek, \u00edgy a m\u00falt h\u00e9t v\u00e9g\u00e9re novemberi szintre s\u00fcllyedt vissza a k\u00e9relmek sz\u00e1ma.<br \/>\n    December v\u00e9g\u00e9n, janu\u00e1r elej\u00e9n elbocs\u00e1t\u00e1sok voltak a feldolgoz\u00f3iparban, a fuvaroz\u00e1sban \u00e9s rakt\u00e1roz\u00e1sban, az \u00e9p\u00edt\u0151iparban, az oktat\u00e1sban, valamint a sz\u00e1lloda- \u00e9s vend\u00e9gl\u00e1t\u00f3iparban. Az elbocs\u00e1t\u00e1sok \u00e9s a kiterjedt munkaer\u0151hi\u00e1ny egy\u00fcttes jelenl\u00e9te magyar\u00e1zhatja, hogy kev\u00e9sb\u00e9 n\u0151tt a foglalkoztatotts\u00e1g decemberben mint az el\u0151z\u0151 h\u00f3napban. A novemberi 256 ezer ut\u00e1n decemberben 145 ezerrel b\u0151v\u00fclt a foglalkoztatottak sz\u00e1ma, mik\u00f6zben a munkan\u00e9lk\u00fclis\u00e9gi r\u00e1ta k\u00f6zel 50 \u00e9ves m\u00e9lyponton, 3,5 sz\u00e1zal\u00e9kon maradt.(MTI)<\/p>\n","protected":false},"excerpt":{"rendered":"<p>Cs\u00f6kkent az els\u0151 alkalommal munkan\u00e9lk\u00fcli seg\u00e9lyt k\u00e9r\u0151k sz\u00e1ma az Egyes\u00fclt \u00c1llamokban a m\u00falt h\u00e9ten.<\/p>\n","protected":false},"author":1,"featured_media":0,"comment_status":"closed","ping_status":"open","sticky":false,"template":"","format":"standard","meta":[],"categories":[246],"tags":[],"_links":{"self":[{"href":"https:\/\/gazdasagportal.hu\/index.php\/wp-json\/wp\/v2\/posts\/123045"}],"collection":[{"href":"https:\/\/gazdasagportal.hu\/index.php\/wp-json\/wp\/v2\/posts"}],"about":[{"href":"https:\/\/gazdasagportal.hu\/index.php\/wp-json\/wp\/v2\/types\/post"}],"author":[{"embeddable":true,"href":"https:\/\/gazdasagportal.hu\/index.php\/wp-json\/wp\/v2\/users\/1"}],"replies":[{"embeddable":true,"href":"https:\/\/gazdasagportal.hu\/index.php\/wp-json\/wp\/v2\/comments?post=123045"}],"version-history":[{"count":1,"href":"https:\/\/gazdasagportal.hu\/index.php\/wp-json\/wp\/v2\/posts\/123045\/revisions"}],"predecessor-version":[{"id":123046,"href":"https:\/\/gazdasagportal.hu\/index.php\/wp-json\/wp\/v2\/posts\/123045\/revisions\/123046"}],"wp:attachment":[{"href":"https:\/\/gazdasagportal.hu\/index.php\/wp-json\/wp\/v2\/media?parent=123045"}],"wp:term":[{"taxonomy":"category","embeddable":true,"href":"https:\/\/gazdasagportal.hu\/index.php\/wp-json\/wp\/v2\/categories?post=123045"},{"taxonomy":"post_tag","embeddable":true,"href":"https:\/\/gazdasagportal.hu\/index.php\/wp-json\/wp\/v2\/tags?post=123045"}],"curies":[{"name":"wp","href":"https:\/\/api.w.org\/{rel}","templated":true}]}}