{"id":122933,"date":"2020-01-13T14:51:23","date_gmt":"2020-01-13T13:51:23","guid":{"rendered":"http:\/\/gazdasagportal.hu\/?p=122933"},"modified":"2020-01-13T14:51:23","modified_gmt":"2020-01-13T13:51:23","slug":"nemet-lap-tavaly-is-a-volkswagen-volt-a-vilag-legnagyobb-autogyara","status":"publish","type":"post","link":"https:\/\/gazdasagportal.hu\/index.php\/nemet-lap-tavaly-is-a-volkswagen-volt-a-vilag-legnagyobb-autogyara\/","title":{"rendered":"N\u00e9met lap: tavaly is a Volkswagen volt a vil\u00e1g legnagyobb aut\u00f3gy\u00e1ra"},"content":{"rendered":"<p><strong>Meg\u0151rizte az els\u0151 helyet az aut\u00f3gy\u00e1rt\u00f3 t\u00e1rsas\u00e1gok er\u0151sorrendj\u00e9ben a n\u00e9met Volkswagen csoport (VW) 2019-ben az el\u0151zetes \u00e9rt\u00e9kes\u00edt\u00e9si adatok szerint &#8211; \u00edrta h\u00e9tf\u0151n a Handelsblatt.<\/strong><!--more--><\/p>\n<div class=\"ads-in-post2\"><script async src=\"https:\/\/pagead2.googlesyndication.com\/pagead\/js\/adsbygoogle.js\"><\/script>\r\n<ins class=\"adsbygoogle\"\r\n     style=\"display:block\"\r\n     data-ad-format=\"fluid\"\r\n     data-ad-layout-key=\"-6t+ed+2i-1n-4w\"\r\n     data-ad-client=\"ca-pub-1959107119989764\"\r\n     data-ad-slot=\"4008251320\"><\/ins>\r\n<script>\r\n     (adsbygoogle = window.adsbygoogle || []).push({});\r\n<\/script><\/div>\n<p>    A n\u00e9met \u00fczleti lap besz\u00e1mol\u00f3ja alapj\u00e1n a VW nagyj\u00e1b\u00f3l 10,9 milli\u00f3 aut\u00f3t adhatott el tavaly, \u00edgy sorban a negyedik \u00e9vben v\u00e9gezhetett az els\u0151 helyen, ism\u00e9t maga m\u00f6g\u00e9 utas\u00edtva a jap\u00e1n Toyot\u00e1t, amely 10,7 milli\u00f3 kocsit \u00e9rt\u00e9kes\u00edtett.<br \/>\n    J\u00fcrgen Stackmann, a VW \u00e9rt\u00e9kes\u00edt\u00e9si igazgat\u00f3ja a napokban ismertetend\u0151 v\u00e9gleges adatokr\u00f3l el\u00f6lj\u00e1r\u00f3ban elmondta, hogy a csoport n\u00e9vad\u00f3 m\u00e1rk\u00e1ja t\u00f6rt\u00e9nelmi cs\u00facsot \u00e1ll\u00edtott fel 2019-ben, t\u00f6bb t\u00edzezerrel t\u00falsz\u00e1rnyalta az egy \u00e9vvel kor\u00e1bbi 6,2 milli\u00f3s \u00e9rt\u00e9kes\u00edt\u00e9si darabsz\u00e1mot.<br \/>\n    A csoport tov\u00e1bbi m\u00e1rk\u00e1i, \u00edgy az Audi \u00e9s a Skoda is t\u00f6bb gy\u00e1rtm\u00e1nyt sz\u00e1ll\u00edtott ki a v\u00e1s\u00e1rl\u00f3knak, mint 2018-ban, a VW \u00edgy a glob\u00e1lis aut\u00f3piac mintegy 4 sz\u00e1zal\u00e9kos cs\u00f6kken\u00e9s\u00e9nek ellen\u00e9re j\u00f3 \u00e9vet z\u00e1rt, \u00e9s csaknem 8 sz\u00e1zal\u00e9kos vil\u00e1gpiaci r\u00e9szesed\u00e9st \u00e9rt el.<br \/>\n    Ez mindenekel\u0151tt a v\u00e1rosi terepj\u00e1r\u00f3k (SUV) el\u0151ret\u00f6r\u00e9s\u00e9nek tulajdon\u00edthat\u00f3. A Volkswagen m\u00e1rk\u00e1n\u00e1l tavaly 30 sz\u00e1zal\u00e9kot \u00e9rt el a SUV-ok ar\u00e1nya az eladott kocsik k\u00f6r\u00e9ben, ami 10 sz\u00e1zal\u00e9kpontos n\u00f6veked\u00e9s. Ez a trend a k\u00f6vetkez\u0151 \u00e9vekben is kitart, \u00edgy 2025-re m\u00e1r minden m\u00e1sodik \u00faj Volkswagen v\u00e1rosi terepj\u00e1r\u00f3 lehet.<br \/>\n<div class=\"ads-in-post1\"><div id=\"gazdasagportal.hu_fullbanner_wideboard\"><\/div>\r\n<\/div>\n    A m\u00e1rka f\u0151leg a kisebb m\u00e9ret\u0171 \u00e9s a kompakt SUV-ok kateg\u00f3ri\u00e1j\u00e1ban teljes\u00edt j\u00f3l, a T-Cross \u00e9s a T-Roc modell r\u00e9v\u00e9n. Ezeket a kocsikat ugyan j\u00f3val magasabb \u00e1ron lehet eladni, mint egy hagyom\u00e1nyos szem\u00e9lyaut\u00f3t, de a sz\u00e9n-dioxid-kibocs\u00e1t\u00e1suk hasonl\u00f3, szemben a nagym\u00e9ret\u0171 SUV-okkal, amelyek s\u00falyuk, fogyaszt\u00e1suk \u00e9s k\u00e1rosanyag-kibocs\u00e1t\u00e1suk miatt a k\u00f6rnyezetv\u00e9d\u0151k b\u00edr\u00e1latainak keresztt\u00fcz\u00e9be ker\u00fcltek.<br \/>\n    R\u00e9szben vagy teljes eg\u00e9sz\u00e9ben elektromos meghajt\u00e1s\u00fa Volkswagenb\u0151l 80 ezer kelt el tavaly, a legn\u00e9pszer\u0171bb a Golf modell elektromos v\u00e1ltozata volt. Az id\u00e9n jelent\u0151s n\u00f6veked\u00e9st rem\u00e9lnek, f\u0151leg Eur\u00f3p\u00e1ban. \u00cdgy egyed\u00fcl az els\u0151 eleve elektromos meghajt\u00e1s\u00fanak tervezett modellb\u0151l, az ID.3-b\u00f3l &#8211; amelynek sorozatgy\u00e1rt\u00e1sa tavaly \u0151sszel kezd\u0151d\u00f6tt &#8211; a rem\u00e9nyek szerint 100 ezer darabot \u00e9rt\u00e9kes\u00edtenek az id\u00e9n.<br \/>\n    J\u00fcrgen Stackmann a t\u00f6bbi k\u00f6z\u00f6tt arr\u00f3l is besz\u00e1molt, hogy tavaly K\u00edn\u00e1ban is n\u00f6veked\u00e9st regisztr\u00e1ltak, 3,16 milli\u00f3 kocsit, az egy \u00e9vvel kor\u00e1bbin\u00e1l 1,7 sz\u00e1zal\u00e9kkal t\u00f6bbet adtak el, annak ellen\u00e9re, hogy az \u00faj aut\u00f3k k\u00ednai piaca sorban a m\u00e1sodik \u00e9ve zsugorodott. Ez az eredm\u00e9ny minden bizonnyal a m\u00e1rka elismerts\u00e9g\u00e9nek tulajdon\u00edthat\u00f3 &#8211; tette hozz\u00e1.<br \/>\n    A szakember elmondta, hogy a 2020-as kil\u00e1t\u00e1sokkal kapcsolatban &#8222;visszafogottan optimista&#8221;, arra sz\u00e1m\u00edt, hogy a k\u00ednai piac stabiliz\u00e1l\u00f3dik, az eur\u00f3pai \u00e9s az \u00e9szak-amerikai piac pedig meg\u0151rzi stabilit\u00e1s\u00e1t.<br \/>\n    A VW-hoz a n\u00e9vad\u00f3 Volkswagen, az Audi \u00e9s a Skoda mellett, a Bentley, a Bugatti, a Lamborghini, a Porsche, \u00e9s a Seat tartozik, valamint a Ducati sportmotorker\u00e9kp\u00e1r, \u00e9s saj\u00e1t m\u00e1rk\u00e1j\u00fa haszonj\u00e1rm\u0171vei mellett a Scania \u00e9s a MAN teherg\u00e9pj\u00e1rm\u0171veket is a VW gy\u00e1rtja.(MTI)<\/p>\n","protected":false},"excerpt":{"rendered":"<p>Meg\u0151rizte az els\u0151 helyet az aut\u00f3gy\u00e1rt\u00f3 t\u00e1rsas\u00e1gok er\u0151sorrendj\u00e9ben a n\u00e9met Volkswagen csoport (VW) 2019-ben az el\u0151zetes \u00e9rt\u00e9kes\u00edt\u00e9si adatok szerint &#8211; \u00edrta h\u00e9tf\u0151n a Handelsblatt.<\/p>\n","protected":false},"author":1,"featured_media":0,"comment_status":"closed","ping_status":"open","sticky":false,"template":"","format":"standard","meta":[],"categories":[8,246],"tags":[],"_links":{"self":[{"href":"https:\/\/gazdasagportal.hu\/index.php\/wp-json\/wp\/v2\/posts\/122933"}],"collection":[{"href":"https:\/\/gazdasagportal.hu\/index.php\/wp-json\/wp\/v2\/posts"}],"about":[{"href":"https:\/\/gazdasagportal.hu\/index.php\/wp-json\/wp\/v2\/types\/post"}],"author":[{"embeddable":true,"href":"https:\/\/gazdasagportal.hu\/index.php\/wp-json\/wp\/v2\/users\/1"}],"replies":[{"embeddable":true,"href":"https:\/\/gazdasagportal.hu\/index.php\/wp-json\/wp\/v2\/comments?post=122933"}],"version-history":[{"count":1,"href":"https:\/\/gazdasagportal.hu\/index.php\/wp-json\/wp\/v2\/posts\/122933\/revisions"}],"predecessor-version":[{"id":122934,"href":"https:\/\/gazdasagportal.hu\/index.php\/wp-json\/wp\/v2\/posts\/122933\/revisions\/122934"}],"wp:attachment":[{"href":"https:\/\/gazdasagportal.hu\/index.php\/wp-json\/wp\/v2\/media?parent=122933"}],"wp:term":[{"taxonomy":"category","embeddable":true,"href":"https:\/\/gazdasagportal.hu\/index.php\/wp-json\/wp\/v2\/categories?post=122933"},{"taxonomy":"post_tag","embeddable":true,"href":"https:\/\/gazdasagportal.hu\/index.php\/wp-json\/wp\/v2\/tags?post=122933"}],"curies":[{"name":"wp","href":"https:\/\/api.w.org\/{rel}","templated":true}]}}