{"id":122931,"date":"2020-01-13T14:30:03","date_gmt":"2020-01-13T13:30:03","guid":{"rendered":"http:\/\/gazdasagportal.hu\/?p=122931"},"modified":"2020-01-13T14:30:03","modified_gmt":"2020-01-13T13:30:03","slug":"a-fenntarthato-jovo-mellett-kotelezte-el-magat-a-spar","status":"publish","type":"post","link":"https:\/\/gazdasagportal.hu\/index.php\/a-fenntarthato-jovo-mellett-kotelezte-el-magat-a-spar\/","title":{"rendered":"A fenntarthat\u00f3 j\u00f6v\u0151 mellett k\u00f6telezte el mag\u00e1t a SPAR"},"content":{"rendered":"<p><strong>A SPAR akt\u00edv \u00e9s \u00fatt\u00f6r\u0151 szerepet v\u00e1llal a F\u00f6ld j\u00f6v\u0151j\u00e9t \u00e9rint\u0151 \u00fcgyekben. A v\u00e1llalat most ezen tev\u00e9kenys\u00e9g\u00e9t egys\u00e9ges keretbe szervezi, \u00f6sszek\u00f6tve a fenntarthat\u00f3 fejl\u0151d\u00e9s \u00a0&#8211; sz\u00e1m\u00e1ra kiemelt &#8211; \u00e1gait, mint a k\u00f6rnyezetv\u00e9delem, az eg\u00e9szs\u00e9ges \u00e9letm\u00f3d t\u00e1mogat\u00e1sa, az \u00e9lelmiszer-biztons\u00e1g, a munkat\u00e1rsak t\u00e1mogat\u00e1sa, valamint a t\u00e1rsadalmi felel\u0151ss\u00e9gv\u00e1llal\u00e1s. Ennek els\u0151, a fogyaszt\u00f3k sz\u00e1m\u00e1ra is j\u00f3l l\u00e1that\u00f3 l\u00e9p\u00e9sek\u00e9nt pedig \u00faj erny\u0151m\u00e1rk\u00e1t vezet be, melynek szlogenje \u201eSPAR &#8211; a fenntarthat\u00f3 j\u00f6v\u0151\u00e9rt\u201d. A v\u00e1llalat emellett a fenntarthat\u00f3s\u00e1gi t\u00f6rekv\u00e9seit egy dedik\u00e1lt weboldalon kereszt\u00fcl is bemutatja. <\/strong><!--more--><\/p>\n<div class=\"ads-in-post2\"><script async src=\"https:\/\/pagead2.googlesyndication.com\/pagead\/js\/adsbygoogle.js\"><\/script>\r\n<ins class=\"adsbygoogle\"\r\n     style=\"display:block\"\r\n     data-ad-format=\"fluid\"\r\n     data-ad-layout-key=\"-6t+ed+2i-1n-4w\"\r\n     data-ad-client=\"ca-pub-1959107119989764\"\r\n     data-ad-slot=\"4008251320\"><\/ins>\r\n<script>\r\n     (adsbygoogle = window.adsbygoogle || []).push({});\r\n<\/script><\/div>\n<p>Felel\u0151s kereskedelmi nagyv\u00e1llalatk\u00e9nt a SPAR Magyarorsz\u00e1g r\u00e9g\u00f3ta akt\u00edv \u00e9s igen v\u00e1ltozatos tev\u00e9kenys\u00e9get v\u00e9gez a fenntarthat\u00f3s\u00e1ggal kapcsolatos \u00fcgyek ter\u00e9n. Az v\u00e1llalat ezen munk\u00e1j\u00e1t sz\u00e9les\u00edti ki \u00e9s szervezi egys\u00e9gbe az Egyes\u00fclt Nemzetek Szervezete (ENSZ) Fenntarthat\u00f3 Fejl\u0151d\u00e9si Keretrendszere, az \u00fagynevezett SDG \u2013 Sustainable Development Goals \u2013 seg\u00edts\u00e9g\u00e9vel.<\/p>\n<p>\u201eA v\u00e1s\u00e1rl\u00f3ival k\u00f6z\u00f6sen a SPAR \u2013 t\u00f6bbek k\u00f6z\u00f6tt sz\u00e1mos j\u00f3t\u00e9konys\u00e1gi, illetve k\u00f6rnyezettudatos \u00fczleti kezdem\u00e9nyez\u00e9ssel \u00e9s az eg\u00e9szs\u00e9gtudatos \u00e9letm\u00f3dra \u00f6szt\u00f6nz\u0151 aktivit\u00e1saival \u2013 sokat tudott tenni fontos a bolyg\u00f3nkat \u00e9rint\u0151 \u00fcgyekben \u00fagy, hogy a vev\u0151ket megfelel\u0151 t\u00e1j\u00e9koztat\u00e1ssal tettekre b\u00e1tor\u00edtotta. Most ezeket egys\u00e9ges keretrendszerbe foglaljuk a m\u00e9g hat\u00e9konyabb \u00e9s \u00e1tl\u00e1that\u00f3bb cselekv\u00e9s \u00e9rdek\u00e9ben. A \u201e<strong>SPAR \u2013 a fenntarthat\u00f3 j\u00f6v\u0151\u00e9rt<\/strong>\u201d program jegy\u00e9ben v\u00e1llalatunk els\u0151sorban azokra a ter\u00fcletekre \u00f6sszpontos\u00edt, melyeken eddig is komoly eredm\u00e9nyeket \u00e9rt\u00fcnk el vev\u0151inkkel \u00e9s partnereinkkel egy\u00fctt. Ilyen a k\u00f6rnyezet, az eg\u00e9szs\u00e9g, az \u00e9lelmiszer-biztons\u00e1g, a munkat\u00e1rsaink biztons\u00e1ga \u00e9s a t\u00e1rsadalom h\u00e1tr\u00e1nyos helyzet\u0171 tagjainak seg\u00edt\u00e9se. Fenntarthat\u00f3s\u00e1gi programunk \u00e1ltal m\u00e9g fokozottabb jelenl\u00e9ttel, hat\u00e9konyabban tudjuk t\u00e1mogatni a fontos c\u00e9lokat a j\u00f6v\u0151ben, hiszen mindannyiunk \u00e9rdeke egy \u00e9lhet\u0151 \u00e9s fenntarthat\u00f3 holnap, amely \u00fagy val\u00f3sulhat meg, ha ahhoz minden szerepl\u0151 hozz\u00e1teszi a saj\u00e1t r\u00e9sz\u00e9t\u201d \u2013 hangs\u00falyozta Maczelka M\u00e1rk, a SPAR kommunik\u00e1ci\u00f3s vezet\u0151je.<br \/>\n<div class=\"ads-in-post1\"><div id=\"gazdasagportal.hu_fullbanner_wideboard\"><\/div>\r\n<\/div>\n<p>A v\u00e1llalat fenntarthat\u00f3s\u00e1gi programja konkr\u00e9t kezdem\u00e9nyez\u00e9sek ind\u00edt\u00e1sa \u00e9s \u00f6sszehangol\u00e1sa mellett gyakorlati p\u00e9ld\u00e1kkal \u00e9s inform\u00e1lis \u00fatmutat\u00e1sokkal k\u00edv\u00e1nja eduk\u00e1lni \u00e9s \u00f6szt\u00f6n\u00f6zni a fogyaszt\u00f3kat a k\u00f6z\u00f6s cselekv\u00e9sre. A program k\u00f6z\u00e9ppontj\u00e1ban az \u00e9lhet\u0151 j\u00f6v\u0151 szerepel, ezek a c\u00e9lok pedig a helyben megval\u00f3s\u00edtott tev\u00e9kenys\u00e9gek \u00e1ltal v\u00e1lnak \u00e9let\u00fcnk r\u00e9sz\u00e9v\u00e9. Az ezeket azonos\u00edt\u00f3 \u00faj erny\u0151m\u00e1rka bevezet\u00e9se kapcs\u00e1n megsz\u00fcletett a program log\u00f3ja \u00e9s a hozz\u00e1 tartoz\u00f3 szlogen, valamint elk\u00e9sz\u00fclt a m\u00e1r megval\u00f3s\u00edtott int\u00e9zked\u00e9seket bemutat\u00f3 weboldal is, mely hasznos inform\u00e1ci\u00f3kkal l\u00e1tja el az \u00e9rdekl\u0151d\u0151, a fenntarthat\u00f3 j\u00f6v\u0151t t\u00e1mogat\u00f3 fogyaszt\u00f3kat.<\/p>\n","protected":false},"excerpt":{"rendered":"<p>A SPAR akt\u00edv \u00e9s \u00fatt\u00f6r\u0151 szerepet v\u00e1llal a F\u00f6ld j\u00f6v\u0151j\u00e9t \u00e9rint\u0151 \u00fcgyekben. A v\u00e1llalat most ezen tev\u00e9kenys\u00e9g\u00e9t egys\u00e9ges keretbe szervezi, \u00f6sszek\u00f6tve a fenntarthat\u00f3 fejl\u0151d\u00e9s \u00a0&#8211; sz\u00e1m\u00e1ra kiemelt &#8211; \u00e1gait, mint a k\u00f6rnyezetv\u00e9delem, az eg\u00e9szs\u00e9ges \u00e9letm\u00f3d t\u00e1mogat\u00e1sa, az \u00e9lelmiszer-biztons\u00e1g, a munkat\u00e1rsak t\u00e1mogat\u00e1sa, valamint a t\u00e1rsadalmi felel\u0151ss\u00e9gv\u00e1llal\u00e1s. Ennek els\u0151, a fogyaszt\u00f3k sz\u00e1m\u00e1ra is j\u00f3l l\u00e1that\u00f3 l\u00e9p\u00e9sek\u00e9nt pedig &#8230;<\/p>\n","protected":false},"author":1,"featured_media":0,"comment_status":"closed","ping_status":"open","sticky":false,"template":"","format":"standard","meta":[],"categories":[19],"tags":[],"_links":{"self":[{"href":"https:\/\/gazdasagportal.hu\/index.php\/wp-json\/wp\/v2\/posts\/122931"}],"collection":[{"href":"https:\/\/gazdasagportal.hu\/index.php\/wp-json\/wp\/v2\/posts"}],"about":[{"href":"https:\/\/gazdasagportal.hu\/index.php\/wp-json\/wp\/v2\/types\/post"}],"author":[{"embeddable":true,"href":"https:\/\/gazdasagportal.hu\/index.php\/wp-json\/wp\/v2\/users\/1"}],"replies":[{"embeddable":true,"href":"https:\/\/gazdasagportal.hu\/index.php\/wp-json\/wp\/v2\/comments?post=122931"}],"version-history":[{"count":1,"href":"https:\/\/gazdasagportal.hu\/index.php\/wp-json\/wp\/v2\/posts\/122931\/revisions"}],"predecessor-version":[{"id":122932,"href":"https:\/\/gazdasagportal.hu\/index.php\/wp-json\/wp\/v2\/posts\/122931\/revisions\/122932"}],"wp:attachment":[{"href":"https:\/\/gazdasagportal.hu\/index.php\/wp-json\/wp\/v2\/media?parent=122931"}],"wp:term":[{"taxonomy":"category","embeddable":true,"href":"https:\/\/gazdasagportal.hu\/index.php\/wp-json\/wp\/v2\/categories?post=122931"},{"taxonomy":"post_tag","embeddable":true,"href":"https:\/\/gazdasagportal.hu\/index.php\/wp-json\/wp\/v2\/tags?post=122931"}],"curies":[{"name":"wp","href":"https:\/\/api.w.org\/{rel}","templated":true}]}}