{"id":122915,"date":"2020-01-13T08:01:39","date_gmt":"2020-01-13T07:01:39","guid":{"rendered":"http:\/\/gazdasagportal.hu\/?p=122915"},"modified":"2020-01-13T08:01:39","modified_gmt":"2020-01-13T07:01:39","slug":"irani-amerikai-viszaly-esper-vitatja-hogy-iran-negy-amerikai-nagykovetseg-megtamadasara-keszult","status":"publish","type":"post","link":"https:\/\/gazdasagportal.hu\/index.php\/irani-amerikai-viszaly-esper-vitatja-hogy-iran-negy-amerikai-nagykovetseg-megtamadasara-keszult\/","title":{"rendered":"Ir\u00e1ni-amerikai visz\u00e1ly &#8211; Esper vitatja, hogy Ir\u00e1n n\u00e9gy amerikai nagyk\u00f6vets\u00e9g megt\u00e1mad\u00e1s\u00e1ra k\u00e9sz\u00fclt"},"content":{"rendered":"<p><strong>Mark Esper amerikai v\u00e9delmi miniszter a CBS amerikai telev\u00edzi\u00f3nak adott vas\u00e1rnapi interj\u00faj\u00e1ban vitatta, hogy Ir\u00e1n konkr\u00e9tan n\u00e9gy amerikai nagyk\u00f6vets\u00e9g megt\u00e1mad\u00e1s\u00e1ra k\u00e9sz\u00fclt volna &#8211; ahogy azt Donald Trump eln\u00f6k hangoztatta.  <\/strong><!--more--><\/p>\n<div class=\"ads-in-post2\"><script async src=\"https:\/\/pagead2.googlesyndication.com\/pagead\/js\/adsbygoogle.js\"><\/script>\r\n<ins class=\"adsbygoogle\"\r\n     style=\"display:block\"\r\n     data-ad-format=\"fluid\"\r\n     data-ad-layout-key=\"-6t+ed+2i-1n-4w\"\r\n     data-ad-client=\"ca-pub-1959107119989764\"\r\n     data-ad-slot=\"4008251320\"><\/ins>\r\n<script>\r\n     (adsbygoogle = window.adsbygoogle || []).push({});\r\n<\/script><\/div>\n<p>    Esper \u00fagy fogalmazott: nem l\u00e1tott a h\u00edrszerz\u00e9st\u0151l &#8222;konkr\u00e9t bizony\u00edt\u00e9kokat&#8221; a n\u00e9gy t\u00e1mad\u00e1s el\u0151k\u00e9sz\u00edt\u00e9s\u00e9r\u0151l. Trump kor\u00e1bban a Fox telev\u00edzi\u00f3nak adott interj\u00faj\u00e1ban n\u00e9gy, el\u0151k\u00e9sz\u00fcletben l\u00e9v\u0151 t\u00e1mad\u00e1ssal indokolta K\u00e1szim Szulejm\u00e1ni t\u00e1bornok, az ir\u00e1ni Forradalmi G\u00e1rda al-Kudsz nev\u0171 k\u00fcl\u00f6nleges egys\u00e9ge vezet\u0151j\u00e9nek egy h\u00e9ttel ezel\u0151tti amerikai likvid\u00e1l\u00e1s\u00e1t.<br \/>\n    Esper mindazon\u00e1ltal hangs\u00falyozta: egyet\u00e9rt\u00e9s van k\u00f6zte \u00e9s az eln\u00f6k k\u00f6z\u00f6tt abban, hogy tov\u00e1bbi t\u00e1mad\u00e1sokra lehetett sz\u00e1m\u00edtani amerikai nagyk\u00f6vets\u00e9gek ellen, majd hozz\u00e1f\u0171zte: Donald Trump interj\u00faj\u00e1ban &#8222;nem id\u00e9zett konkr\u00e9t bizony\u00edt\u00e9kot&#8221;.<br \/>\n        Az amerikai nemzetbiztons\u00e1gi tan\u00e1csad\u00f3, Mike o&#8217;Brien az NBC telev\u00edzi\u00f3 szok\u00e1sos vas\u00e1rnapi politikai vitam\u0171sor\u00e1ban \u00fagy nyilatkozott, hogy &#8222;kit\u0171n\u0151 h\u00edrszerz\u00e9si inform\u00e1ci\u00f3k&#8221; szerint k\u00f6zeli t\u00e1mad\u00e1sok voltak v\u00e1rhat\u00f3ak amerikai k\u00f6vets\u00e9gek ellen, \u00e1m bizony\u00edt\u00e9kokr\u00f3l nem k\u00edv\u00e1nt sz\u00f3lni.<br \/>\n<div class=\"ads-in-post1\"><div id=\"gazdasagportal.hu_fullbanner_wideboard\"><\/div>\r\n<\/div>\n      Mike Lee, Utah \u00e1llam republik\u00e1nus szen\u00e1tora vas\u00e1rnap &#8211; szint\u00e9n a CNN telev\u00edzi\u00f3ban &#8211; amiatti aggodalm\u00e1nak adott hangot, hogy a korm\u00e1nyzat nem t\u00e1j\u00e9koztatta tisztess\u00e9gesen a kongresszust az ir\u00e1ni fejlem\u00e9nyekr\u0151l. &#8222;Csak \u00e1ltal\u00e1nos nyilatkozatok \u00e9rkeztek&#8221; &#8211; mondta, \u00e9s &#8222;ki\u00e1br\u00e1nd\u00edt\u00f3nak&#8221; nevezte, hogy a t\u00f6rv\u00e9nyhoz\u00f3k a r\u00e9szletekr\u0151l nem kaptak t\u00e1j\u00e9koztat\u00e1st.         Mike Pompeo k\u00fcl\u00fcgyminiszter, Mark Esper, a v\u00e9delmi t\u00e1rca ir\u00e1ny\u00edt\u00f3ja \u00e9s Gina Haspel, a K\u00f6zponti H\u00edrszerz\u0151 \u00dcgyn\u00f6ks\u00e9g (CIA) igazgat\u00f3ja szerd\u00e1n d\u00e9lut\u00e1n z\u00e1rt ajt\u00f3k m\u00f6g\u00f6tt t\u00e1j\u00e9koztatta a szen\u00e1tus tagjait a K\u00e1szim Szulejm\u00e1ni t\u00e1bornok konvoj\u00e1ra m\u00e9rt c\u00e9lzott csap\u00e1sm\u00e9r\u00e9sr\u0151l. Cs\u00fct\u00f6rt\u00f6k\u00f6n Donald Trump eln\u00f6k az ohi\u00f3i Toledo v\u00e1rosban tartott kamp\u00e1nyrendezv\u00e9nyen kifejtette: a csap\u00e1sm\u00e9r\u00e9s el\u0151tt az\u00e9rt nem t\u00e1j\u00e9koztatt\u00e1k a t\u00f6rv\u00e9nyhoz\u00f3kat, mert a demokrata p\u00e1rti politikusok kisziv\u00e1rogtatt\u00e1k volna az inform\u00e1ci\u00f3kat a vel\u00fck bar\u00e1ti sajt\u00f3nak.(MTI)<\/p>\n","protected":false},"excerpt":{"rendered":"<p>Mark Esper amerikai v\u00e9delmi miniszter a CBS amerikai telev\u00edzi\u00f3nak adott vas\u00e1rnapi interj\u00faj\u00e1ban vitatta, hogy Ir\u00e1n konkr\u00e9tan n\u00e9gy amerikai nagyk\u00f6vets\u00e9g megt\u00e1mad\u00e1s\u00e1ra k\u00e9sz\u00fclt volna &#8211; ahogy azt Donald Trump eln\u00f6k hangoztatta.<\/p>\n","protected":false},"author":1,"featured_media":0,"comment_status":"closed","ping_status":"open","sticky":false,"template":"","format":"standard","meta":[],"categories":[13,16],"tags":[],"_links":{"self":[{"href":"https:\/\/gazdasagportal.hu\/index.php\/wp-json\/wp\/v2\/posts\/122915"}],"collection":[{"href":"https:\/\/gazdasagportal.hu\/index.php\/wp-json\/wp\/v2\/posts"}],"about":[{"href":"https:\/\/gazdasagportal.hu\/index.php\/wp-json\/wp\/v2\/types\/post"}],"author":[{"embeddable":true,"href":"https:\/\/gazdasagportal.hu\/index.php\/wp-json\/wp\/v2\/users\/1"}],"replies":[{"embeddable":true,"href":"https:\/\/gazdasagportal.hu\/index.php\/wp-json\/wp\/v2\/comments?post=122915"}],"version-history":[{"count":1,"href":"https:\/\/gazdasagportal.hu\/index.php\/wp-json\/wp\/v2\/posts\/122915\/revisions"}],"predecessor-version":[{"id":122916,"href":"https:\/\/gazdasagportal.hu\/index.php\/wp-json\/wp\/v2\/posts\/122915\/revisions\/122916"}],"wp:attachment":[{"href":"https:\/\/gazdasagportal.hu\/index.php\/wp-json\/wp\/v2\/media?parent=122915"}],"wp:term":[{"taxonomy":"category","embeddable":true,"href":"https:\/\/gazdasagportal.hu\/index.php\/wp-json\/wp\/v2\/categories?post=122915"},{"taxonomy":"post_tag","embeddable":true,"href":"https:\/\/gazdasagportal.hu\/index.php\/wp-json\/wp\/v2\/tags?post=122915"}],"curies":[{"name":"wp","href":"https:\/\/api.w.org\/{rel}","templated":true}]}}