{"id":122913,"date":"2020-01-12T18:55:51","date_gmt":"2020-01-12T17:55:51","guid":{"rendered":"http:\/\/gazdasagportal.hu\/?p=122913"},"modified":"2020-01-12T18:55:51","modified_gmt":"2020-01-12T17:55:51","slug":"brexit-ir-miniszterelnok-helyettes-az-eu-nem-hagyja-magat-siettetni-a-kereskedelmi-megallapodassal","status":"publish","type":"post","link":"https:\/\/gazdasagportal.hu\/index.php\/brexit-ir-miniszterelnok-helyettes-az-eu-nem-hagyja-magat-siettetni-a-kereskedelmi-megallapodassal\/","title":{"rendered":"Brexit &#8211; \u00cdr minisztereln\u00f6k-helyettes: az EU nem hagyja mag\u00e1t siettetni a kereskedelmi meg\u00e1llapod\u00e1ssal"},"content":{"rendered":"<p><strong>Az Eur\u00f3pai Uni\u00f3 &#8222;nem hagyja mag\u00e1t siettetni&#8221; a Nagy-Britanni\u00e1val tervezett szabadkereskedelmi meg\u00e1llapod\u00e1ssal &#8211; mondta vas\u00e1rnap az \u00edr minisztereln\u00f6k-helyettes.<\/strong><!--more--><\/p>\n<div class=\"ads-in-post2\"><script async src=\"https:\/\/pagead2.googlesyndication.com\/pagead\/js\/adsbygoogle.js\"><\/script>\r\n<ins class=\"adsbygoogle\"\r\n     style=\"display:block\"\r\n     data-ad-format=\"fluid\"\r\n     data-ad-layout-key=\"-6t+ed+2i-1n-4w\"\r\n     data-ad-client=\"ca-pub-1959107119989764\"\r\n     data-ad-slot=\"4008251320\"><\/ins>\r\n<script>\r\n     (adsbygoogle = window.adsbygoogle || []).push({});\r\n<\/script><\/div>\n<p>    Simon Coveney a BBC telev\u00edzi\u00f3 vas\u00e1rnapi politikai magazinm\u0171sor\u00e1nak nyilatkozva kijelentette, hogy a meg\u00e1llapod\u00e1sr\u00f3l sz\u00f3l\u00f3 t\u00e1rgyal\u00e1sok val\u00f3sz\u00edn\u0171leg egy \u00e9vn\u00e9l tov\u00e1bb tartanak majd.<br \/>\n    London a brit EU-tags\u00e1g e h\u00f3nap v\u00e9g\u00e9n esed\u00e9kes megsz\u0171n\u00e9se (Brexit) ut\u00e1n sz\u00e9les k\u00f6r\u0171, az \u00e1rukra \u00e9s a szolg\u00e1ltat\u00e1sokra egyar\u00e1nt kiterjed\u0151 szabadkereskedelmi meg\u00e1llapod\u00e1st szeretne k\u00f6tni az EU-val. Az ennek el\u00e9r\u00e9s\u00e9re szolg\u00e1l\u00f3, alapesetben december 31-ig tart\u00f3 \u00e1tmeneti id\u0151szakot ugyanakkor a hivatalos brit \u00e1ll\u00e1spont szerint nem lehet meghosszabb\u00edtani, s\u0151t a brit korm\u00e1ny t\u00f6rv\u00e9nyben k\u00edv\u00e1nja megtiltani saj\u00e1t mag\u00e1nak \u00e9s a parlamentnek az \u00e1tmeneti id\u0151szak meghosszabb\u00edt\u00e1s\u00e1t.<br \/>\n    Az \u00edr minisztereln\u00f6k-helyettes azonban a vas\u00e1rnapi BBC-interj\u00faban kijelentette: ha a brit parlament &#8222;hoz egy t\u00f6rv\u00e9nyt, amely kimond valamit&#8221;, nem jelenti azt, hogy ehhez a t\u00f6bbi 27 EU-tagorsz\u00e1gnak is tartania kell mag\u00e1t.<br \/>\n    Simon Coveney szerint az EU azzal a hozz\u00e1\u00e1ll\u00e1ssal kezd hozz\u00e1 a szabadkereskedelmi t\u00e1rgyal\u00e1sokhoz, hogy a lehet\u0151 legjobb meg\u00e1llapod\u00e1st \u00e9rje el, de &#8222;siettetni nem hagyja mag\u00e1t csak az\u00e9rt, mert Nagy-Britannia elfogadott egy t\u00f6rv\u00e9nyt&#8221;.<br \/>\n    Hozz\u00e1tette: kor\u00e1ntsem csak a j\u00f6v\u0151beni kereskedelmi viszonyr\u00f3l kell meg\u00e1llapodni Londonnal, rendezni kell olyan k\u00e9rd\u00e9seket is, mint a polg\u00e1ri rep\u00fcl\u00e9s, a hal\u00e1szati jogok vagy az adatforgalom.<br \/>\n<div class=\"ads-in-post1\"><div id=\"gazdasagportal.hu_fullbanner_wideboard\"><\/div>\r\n<\/div>\n    Arra a felvet\u00e9sre, hogy a Bank of England &#8211; a brit jegybank &#8211; korm\u00e1nyz\u00f3ja a minap agg\u00e1lyainak adott hangot a londoni p\u00e9nz\u00fcgyi szolg\u00e1ltat\u00e1si szektor \u00e9s az EU j\u00f6v\u0151beni szab\u00e1lyoz\u00f3i viszonyrendszer\u00e9vel kapcsolatban, az \u00edr minisztereln\u00f6k-helyettes \u00fagy fogalmazott: Londonban &#8222;tal\u00e1n kezd v\u00e9gre leesni a tantusz&#8221;, hogy ha Nagy-Britannia elhagyja az uni\u00f3t, amelynek t\u00f6bb mint n\u00e9gy \u00e9vtizedig tagja volt, akkor &#8222;a dolgok nem maradnak ugyan\u00fagy, mint eddig&#8221;.<br \/>\n    Coveney szerint a Brexitnek k\u00f6vetkezm\u00e9nyei lesznek, miut\u00e1n Nagy-Britannia \u00fagy d\u00f6nt\u00f6tt, hogy m\u00e1sfel\u00e9 veszi az ir\u00e1nyt, \u00e9s a tov\u00e1bbiakban nem lesz r\u00e9szese annak a kollekt\u00edv mened\u00e9knek, amelyet az EU-tags\u00e1g ny\u00fajt.<br \/>\n    Mark Carney, a Bank of England korm\u00e1nyz\u00f3ja a jegybank minapi szakmai m\u0171helyf\u00f3rum\u00e1n kijelentette: a brit hazai \u00f6sszterm\u00e9k (GDP) \u00e9rt\u00e9ke jelenleg m\u00e1r mintegy 3 sz\u00e1zal\u00e9kkal alacsonyabb ann\u00e1l a szintn\u00e9l, amelyet a 2016-os n\u00e9pszavaz\u00e1s \u00f3ta \u00e9rv\u00e9nyes\u00fcl\u0151 glob\u00e1lis keresleti folyamatok alapj\u00e1n m\u00e1ra el lehetett volna \u00e9rni a Brexithez k\u00f6thet\u0151 bizonytalans\u00e1gok visszah\u00faz\u00f3 hat\u00e1sa n\u00e9lk\u00fcl.<br \/>\n    A brit EU-tags\u00e1gr\u00f3l 2016 j\u00fanius\u00e1ban tartott n\u00e9pszavaz\u00e1son a r\u00e9sztvev\u0151k sz\u0171k, 51,89 sz\u00e1zal\u00e9ka a kil\u00e9p\u00e9sre voksolt.<br \/>\n    Mark Carney a Bank of England szakmai f\u00f3rum\u00e1n elmondta azt is, hogy a brit \u00fczleti szektorban v\u00e9grehajtott beruh\u00e1z\u00e1sok \u00e9rt\u00e9ke a legut\u00f3bbi h\u00e9t negyed\u00e9vb\u0151l n\u00e9gyben cs\u00f6kkent, \u00e9s jelenleg mind\u00f6ssze 1,5 sz\u00e1zal\u00e9kkal magasabb, mint a n\u00e9pszavaz\u00e1s idej\u00e9n.<br \/>\n    A Bank of England korm\u00e1nyz\u00f3ja szerint ez azt jelenti, hogy az \u00fczleti beruh\u00e1z\u00e1sok n\u00f6veked\u00e9se halmozott b\u00e1zison sz\u00e1molva t\u00f6bb mint 20 sz\u00e1zal\u00e9kponttal maradt el att\u00f3l az \u00fctemt\u0151l, amelyet a jegybank 2016 m\u00e1jus\u00e1ban, k\u00f6zvetlen\u00fcl a Brexitr\u0151l d\u00f6nt\u0151 n\u00e9pszavaz\u00e1s el\u0151tt az az\u00f3ta eltelt id\u0151szakra j\u00f3solt.(MTI)<\/p>\n","protected":false},"excerpt":{"rendered":"<p>Az Eur\u00f3pai Uni\u00f3 &#8222;nem hagyja mag\u00e1t siettetni&#8221; a Nagy-Britanni\u00e1val tervezett szabadkereskedelmi meg\u00e1llapod\u00e1ssal &#8211; mondta vas\u00e1rnap az \u00edr minisztereln\u00f6k-helyettes.<\/p>\n","protected":false},"author":1001003,"featured_media":0,"comment_status":"closed","ping_status":"open","sticky":false,"template":"","format":"standard","meta":[],"categories":[12,246],"tags":[],"_links":{"self":[{"href":"https:\/\/gazdasagportal.hu\/index.php\/wp-json\/wp\/v2\/posts\/122913"}],"collection":[{"href":"https:\/\/gazdasagportal.hu\/index.php\/wp-json\/wp\/v2\/posts"}],"about":[{"href":"https:\/\/gazdasagportal.hu\/index.php\/wp-json\/wp\/v2\/types\/post"}],"author":[{"embeddable":true,"href":"https:\/\/gazdasagportal.hu\/index.php\/wp-json\/wp\/v2\/users\/1001003"}],"replies":[{"embeddable":true,"href":"https:\/\/gazdasagportal.hu\/index.php\/wp-json\/wp\/v2\/comments?post=122913"}],"version-history":[{"count":1,"href":"https:\/\/gazdasagportal.hu\/index.php\/wp-json\/wp\/v2\/posts\/122913\/revisions"}],"predecessor-version":[{"id":122914,"href":"https:\/\/gazdasagportal.hu\/index.php\/wp-json\/wp\/v2\/posts\/122913\/revisions\/122914"}],"wp:attachment":[{"href":"https:\/\/gazdasagportal.hu\/index.php\/wp-json\/wp\/v2\/media?parent=122913"}],"wp:term":[{"taxonomy":"category","embeddable":true,"href":"https:\/\/gazdasagportal.hu\/index.php\/wp-json\/wp\/v2\/categories?post=122913"},{"taxonomy":"post_tag","embeddable":true,"href":"https:\/\/gazdasagportal.hu\/index.php\/wp-json\/wp\/v2\/tags?post=122913"}],"curies":[{"name":"wp","href":"https:\/\/api.w.org\/{rel}","templated":true}]}}