{"id":122911,"date":"2020-01-12T15:50:44","date_gmt":"2020-01-12T14:50:44","guid":{"rendered":"http:\/\/gazdasagportal.hu\/?p=122911"},"modified":"2020-01-12T15:50:44","modified_gmt":"2020-01-12T14:50:44","slug":"lezarult-a-natura-co-es-az-avon-akvizicioja","status":"publish","type":"post","link":"https:\/\/gazdasagportal.hu\/index.php\/lezarult-a-natura-co-es-az-avon-akvizicioja\/","title":{"rendered":"Lez\u00e1rult a Natura &#038;Co \u00e9s az Avon akviz\u00edci\u00f3ja"},"content":{"rendered":"<p><strong>Kinevezt\u00e9k az \u00faj fels\u0151vezet\u0151i csapatatot, akik az elk\u00f6vetkez\u0151 id\u0151szakban meghat\u00e1rozz\u00e1k \u00e9s fel\u00fcgyelik a v\u00e1llalatcsoport fejl\u0151d\u00e9si ir\u00e1ny\u00e1t<\/strong><!--more--><\/p>\n<div class=\"ads-in-post2\"><script async src=\"https:\/\/pagead2.googlesyndication.com\/pagead\/js\/adsbygoogle.js\"><\/script>\r\n<ins class=\"adsbygoogle\"\r\n     style=\"display:block\"\r\n     data-ad-format=\"fluid\"\r\n     data-ad-layout-key=\"-6t+ed+2i-1n-4w\"\r\n     data-ad-client=\"ca-pub-1959107119989764\"\r\n     data-ad-slot=\"4008251320\"><\/ins>\r\n<script>\r\n     (adsbygoogle = window.adsbygoogle || []).push({});\r\n<\/script><\/div>\n<p>&nbsp;<\/p>\n<p>A Natura &amp;Co bejelentette, hogy janu\u00e1r 2-\u00e1n lez\u00e1rult az Avon Products R\u00e9szv\u00e9nyt\u00e1rsas\u00e1ggal val\u00f3 akviz\u00edci\u00f3ja, \u00edgy ezen m\u00e9rf\u00f6ldk\u0151nek sz\u00e1m\u00edt\u00f3 tranzakci\u00f3nak k\u00f6sz\u00f6nhet\u0151en megalakult a vil\u00e1g negyedik legnagyobb, teljes m\u00e9rt\u00e9kben sz\u00e9ps\u00e9giparral foglalkoz\u00f3 v\u00e1llalata. Ezzel egyid\u0151ben a v\u00e1llalat kinevezte \u00faj fels\u0151vezet\u0151i csapat\u00e1t, akik az elk\u00f6vetkezend\u0151 id\u0151szakban ir\u00e1ny\u00edtj\u00e1k a v\u00e1llalatcsoportot. A Natura &amp;Co r\u00e9szv\u00e9nyeivel eddig Sao Pauloban a B3 t\u0151zsdepiacon volt jelen, janu\u00e1r 6-t\u00f3l azonban ADR r\u00e9szv\u00e9nyekkel megkezdte keresked\u00e9s\u00e9t a New York-i t\u0151zsd\u00e9n (NTCO) is.<\/p><div id=\"gazda-30429795\" class=\"gazda-tartalomban gazda-entity-placement\"><script async src=\"https:\/\/pagead2.googlesyndication.com\/pagead\/js\/adsbygoogle.js\"><\/script>\r\n<ins class=\"adsbygoogle\"\r\n     style=\"display:block\"\r\n     data-ad-format=\"fluid\"\r\n     data-ad-layout-key=\"-6t+ed+2i-1n-4w\"\r\n     data-ad-client=\"ca-pub-1959107119989764\"\r\n     data-ad-slot=\"4008251320\"><\/ins>\r\n<script>\r\n     (adsbygoogle = window.adsbygoogle || []).push({});\r\n<\/script><\/div>\n<p>Az Avon, Natura, The Body Shop \u00e9s az Aesop egyes\u00fcl\u00e9se jelent\u0151sen megn\u00f6veli a t\u00f6bbm\u00e1rk\u00e1s, t\u00f6bb \u00e9rt\u00e9kes\u00edt\u00e9si csatorn\u00e1s v\u00e1llalatcsoport lefedetts\u00e9g\u00e9t, amely vezet\u0151 szerepet j\u00e1tszik a k\u00f6zvetlen \u00e9rt\u00e9kes\u00edt\u00e9sben, hiszen vil\u00e1gszerte t\u00f6bb mint 200 milli\u00f3 fogyaszt\u00f3 r\u00e9sz\u00e9re biztos\u00edtja t\u00f6bb ikonikus m\u00e1rka\u00a0 \u00e9s sz\u00e9ps\u00e9gipari term\u00e9k el\u00e9rhet\u0151s\u00e9get nap mint nap.<\/p>\n<p>A Natura &amp;Co tov\u00e1bbra is vezet\u0151 szerepet fog bet\u00f6lteni a k\u00f6zvetlen \u00e9rt\u00e9kes\u00edt\u00e9sben-t\u00f6rt\u00e9njen ak\u00e1r online, ak\u00e1r offline m\u00f3don, a t\u00f6bb mint 6,3 milli\u00f3 Tan\u00e1csad\u00f3val \u00e9s k\u00e9pvisel\u0151vel rendelkez\u0151 Avon \u00e9s a Natura m\u00e1rk\u00e1knak k\u00f6sz\u00f6nhet\u0151en. A v\u00e1llalatcsoport &#8211; \u00a0a t\u00f6bb mint 3 000 \u00fczlet \u00e9s a hat\u00e9kony digit\u00e1lis jelenl\u00e9t r\u00e9v\u00e9n &#8211; er\u0151s piaci poz\u00edci\u00f3ra tesz szert a kiskereskedelemben. A Natura &amp;Co \u00f6sszevont \u00e9ves brutt\u00f3 \u00e1rbev\u00e9tele v\u00e1rhat\u00f3an meghaladja majd a 10 milli\u00e1rd doll\u00e1rt. Emellett t\u00f6bb mint 40 000 munkav\u00e1llal\u00f3val, kulcsfontoss\u00e1g\u00fa term\u00e9kkateg\u00f3ri\u00e1kat lefed\u0151 sz\u00e9les \u00e9s egym\u00e1st kieg\u00e9sz\u00edt\u0151 term\u00e9kportf\u00f3li\u00f3val, 100 orsz\u00e1gon \u00e1t\u00edvel\u0151 glob\u00e1lis jelenl\u00e9ttel rendelkezik.<\/p>\n<p>Elk\u00f6telezett v\u00e1llalatk\u00e9nt a Natura &amp;Co olyan \u00fcgyek t\u00e1mogat\u00e1s\u00e1t is felv\u00e1llalja, mint a n\u0151k helyzet\u00e9nek jav\u00edt\u00e1sa, a kl\u00edmav\u00e1ls\u00e1g elleni k\u00fczdelem, \u00e1llatk\u00eds\u00e9rlet-mentes term\u00e9kek, illetve a helyi k\u00f6z\u00f6ss\u00e9gekkel val\u00f3 szoros kapcsolat kialak\u00edt\u00e1sa. Ezek mindegyike a v\u00e1llalat azon szeml\u00e9let\u00e9t er\u0151s\u00edti, miszerint a pozit\u00edv t\u00e1rsadalmi, gazdas\u00e1gi \u00e9s k\u00f6rnyezeti hat\u00e1sok jobb \u00fczleti m\u0171k\u00f6d\u00e9st is eredm\u00e9nyezhetnek.<\/p>\n<div class=\"ads-in-post1\"><div id=\"gazdasagportal.hu_fullbanner_wideboard\"><\/div>\r\n<\/div>\n<em>\u201eA Natura nemr\u00e9giben \u00fcnnepelte fenn\u00e1ll\u00e1s\u00e1nak 50. \u00e9vfordul\u00f3j\u00e1t \u00e9s mivel is kezdhetn\u00e9nk jobban t\u00f6rt\u00e9nelm\u00fcnknek ezt az \u00faj fejezet\u00e9t, minthogy az Avont \u00fcdv\u00f6z\u00f6lj\u00fck a csal\u00e1dunkban. \u00d6sszek\u00f6t benn\u00fcnket a k\u00f6z\u00f6s v\u00edzi\u00f3 \u00e9s a sz\u00e9ps\u00e9g- illetve az emberi kapcsolatok ir\u00e1nti szenved\u00e9ly\u00fcnk. Egy\u00fctt m\u00e9g er\u0151teljesebben tudunk fell\u00e9pni j\u00f3 \u00fcgyek \u00e9rdek\u00e9ben, hogy k\u00f6z\u00f6sen egy igazs\u00e1gosabb \u00e9s szebb vil\u00e1got hozhassunk l\u00e9tre\u201d <\/em>&#8211; nyilatkozta Luiz Seabra, a Natura &amp;Co t\u00e1rsalap\u00edt\u00f3ja.<\/p>\n<p><em>\u201eB\u00fcszkes\u00e9ggel \u00e9s megtiszteltet\u00e9ssel t\u00f6lt el, hogy egy tapasztalt, soksz\u00edn\u0171 \u00e9s nemzetk\u00f6zi fels\u0151vezet\u0151i csapattal k\u00f6z\u00f6sen vezethetem \u00e1t a Natura &amp;Co-t m\u0171k\u00f6d\u00e9s\u00e9nek k\u00f6vetkez\u0151 szakasz\u00e1ba. K\u00fcldet\u00e9s\u00fcnk, hogy ne csup\u00e1n a vil\u00e1g legjobb sz\u00e9ps\u00e9gipari v\u00e1llalata legy\u00fcnk, hanem a vil\u00e1g\u00e9rt dolgoz\u00f3 legjobb sz\u00e9ps\u00e9gipari v\u00e1llalat. Az Avonnal k\u00f6z\u00f6sen egy olyan v\u00e1llalatcsal\u00e1dot h\u00edvtunk \u00e9letre, amely egyed\u00fcl\u00e1ll\u00f3 k\u00f6zvetlen fogyaszt\u00f3i el\u00e9r\u00e9ssel rendelkezik, \u00e9s \u00f3ri\u00e1si n\u00f6veked\u00e9si potenci\u00e1lt rejt mag\u00e1ban. \u00d6r\u00f6mmel n\u00e9zek a k\u00f6z\u00f6s munka el\u00e9, amely sor\u00e1n tov\u00e1bbra is a t\u00e1rsadalom, a k\u00f6rnyezetv\u00e9delem \u00e9s a p\u00e9nz\u00fcgyi eredm\u00e9nyek h\u00e1rmas optimaliz\u00e1l\u00e1sra t\u00f6reksz\u00fcnk, illetve arra, hogy meg\u00edrjuk utunk k\u00f6vetkez\u0151 fejezet\u00e9t\u201d<\/em> \u2013 nyilatkozta Roberto Marquez Natura &amp;Co v\u00e1llalatcsoport \u00fcgyvezet\u0151 igazgat\u00f3ja.<\/p>\n<p>&nbsp;<\/p>\n<p><strong>A szervezeti fel\u00e9p\u00edt\u00e9s \u00e9s a vezet\u0151i csapat<\/strong> kinevez\u00e9se a vonatkoz\u00f3 v\u00e1llalati j\u00f3v\u00e1hagy\u00e1sok f\u00fcggv\u00e9ny\u00e9ben:<\/p>\n<p>&nbsp;<\/p>\n<p><strong>Roberto Marquez<\/strong> t\u00f6lti be a v\u00e1llalatcsoport vez\u00e9rigazgat\u00f3i poz\u00edci\u00f3j\u00e1t. Roberto nagyj\u00e1b\u00f3l n\u00e9gy \u00e9ve csatlakozott a Natura igazgat\u00f3tan\u00e1cs\u00e1hoz, 2017-ben nevezt\u00e9k ki a Natura &amp;Co \u00fcgyvezet\u0151 igazgat\u00f3j\u00e1nak. M\u00e9g ebben az \u00e9vben sikeresen levez\u00e9nyelte a glob\u00e1lis, t\u00f6bbm\u00e1rk\u00e1s, t\u00f6bb \u00e9rt\u00e9kes\u00edt\u00e9si csatorn\u00e1s akviz\u00edci\u00f3t a The Body Shoppal, majd most az AVON csatlakoz\u00e1sa is nev\u00e9hez f\u0171z\u00f6dik. Kiterjedt glob\u00e1lis \u00e9s jelent\u0151s \u00e1tszervez\u00e9si tapasztalattal rendelkezik a fogyaszt\u00e1si cikkek ter\u00fclet\u00e9n, hiszen a Natura &amp;Co el\u0151tt az elm\u00falt 30 \u00e9vben t\u00f6bb vezet\u0151i poz\u00edci\u00f3t t\u00f6lt\u00f6tt be a Johnson &amp; Johnsonn\u00e1l \u00e9s a Mondelez International-n\u00e9l.<\/p>\n<p>Roberto tov\u00e1bbra is a v\u00e1llalatcsoport k\u00fcl\u00f6nb\u00f6z\u0151 \u00e9s tapasztalt m\u0171k\u00f6d\u00e9si bizotts\u00e1g\u00e1t (GOC) vezeti, amely mag\u00e1ban foglalja mind a n\u00e9gy v\u00e1llalat \u00e9s m\u00e1rka \u00fcgyvezet\u0151j\u00e9t, valamint a legfontosabb funkcion\u00e1lis poz\u00edci\u00f3kat.<\/p>\n<p>A n\u00e9gy \u00fczleti egys\u00e9get a csoport jelenlegi st\u00e1dium\u00e1nak megfelel\u0151 strat\u00e9giai priorit\u00e1sai szerint alak\u00edtott\u00e1k ki:<\/p>\n<ul>\n<li><em>A Natura &amp;Co Latin-Amerika<\/em> felel a Natura, az Avon, a r\u00e9gi\u00f3ban tal\u00e1lhat\u00f3 The Body Shop \u00e9s a brazil Aesop eredm\u00e9nykimutat\u00e1sai\u00e9rt. Ez az egys\u00e9g felel majd tov\u00e1bb\u00e1 a Natura m\u00e1rk\u00e1hoz kapcsol\u00f3d\u00f3 glob\u00e1lis innov\u00e1ci\u00f3k\u00e9rt \u00e9s ir\u00e1ny\u00edt\u00e1s\u00e1\u00e9rt.<\/li>\n<li>Az <em>Avon<\/em> (kiv\u00e9ve Latin-Amerika) felel\u0151s az Eur\u00f3p\u00e1ban, Afrik\u00e1ban, a K\u00f6zel-Keleten \u00e9s \u00c1zsi\u00e1ban tal\u00e1lhat\u00f3 \u00f6sszes piacr\u00e9sz eredm\u00e9nykimutat\u00e1sai\u00e9rt. Ez az egys\u00e9g felel majd tov\u00e1bb\u00e1 az Avon m\u00e1rk\u00e1hoz kapcsol\u00f3d\u00f3 glob\u00e1lis innov\u00e1ci\u00f3k\u00e9rt \u00e9s ir\u00e1ny\u00edt\u00e1s\u00e1\u00e9rt. Ezen k\u00edv\u00fcl a j\u00f6v\u0151ben felel\u0151s lesz a Natura m\u00e1rka Latin-Amerik\u00e1n k\u00edv\u00fcli nemzetk\u00f6zi terjeszked\u00e9s\u00e9\u00e9rt.<\/li>\n<li>The Body Shop<\/li>\n<li>Aesop<\/li>\n<\/ul>\n<p><strong>\u00a0<\/strong><\/p>\n<p>A Natura &amp;Co latin-amerikai \u00fcgyvezet\u0151 igazgat\u00f3i poz\u00edci\u00f3j\u00e1t <strong>Joao Paulo Ferreira<\/strong> t\u00f6lti be. Az \u00faj latin-amerikai szervezet lehet\u0151v\u00e9 teszi, hogy a csoport n\u00e9gy m\u00e1rk\u00e1ja maximaliz\u00e1lja a benne rejl\u0151 potenci\u00e1lt, t\u00f6bbcsatorn\u00e1s jelenl\u00e9t\u00fck r\u00e9v\u00e9n a szinergi\u00e1k kiakn\u00e1z\u00e1s\u00e1t \u00e9s a n\u00f6veked\u00e9s felgyors\u00edt\u00e1s\u00e1t. \u00dcgyvezet\u0151 igazgat\u00f3i kinevez\u00e9se \u00f3ta, 2016 okt\u00f3ber\u00e9t\u0151l Joao sikeresen vezette a Natura k\u00f6zvetlen \u00e9rt\u00e9kes\u00edt\u00e9si modellj\u00e9nek \u00fajj\u00e1\u00e9leszt\u00e9s\u00e9t egy \u00faj kereskedelmi modell \u00e9s a digitaliz\u00e1ci\u00f3 \u00e9l\u00e9nk\u00edt\u00e9se \u00e1ltal. A kor\u00e1bban Unilevert\u0151l \u00e9rkezett szakember a Natur\u00e1n\u00e1l \u00fcgyviteli \u00e9s logisztikai aleln\u00f6k, valamint kereskedelmi aleln\u00f6k poz\u00edci\u00f3kat t\u00f6lt\u00f6tt be az \u00fcgyvezet\u0151i kinevez\u00e9s\u00e9t megel\u0151z\u0151en.<\/p>\n<p><strong>Angela Cretu<\/strong>-t az Avon vez\u00e9rigazgat\u00f3j\u00e1v\u00e1 nevezt\u00e9k ki, aki a Latin-Amerik\u00e1n k\u00edv\u00fcli piacok\u00e9rt \u00e9s az Avon m\u00e1rka glob\u00e1lis fel\u00fcgyelet\u00e9\u00e9rt felel\u0151s. A rom\u00e1niai sz\u00e1rmaz\u00e1s\u00fa Angela t\u00f6bb mint 20 \u00e9ves tapasztalattal rendelkezik az Avonn\u00e1l, hiszen t\u00f6bb vezet\u0151 poz\u00edci\u00f3t t\u00f6lt\u00f6tt be a v\u00e1llalatn\u00e1l, legut\u00f3bb a K\u00f6z\u00e9p-Eur\u00f3p\u00e1\u00e9rt felel\u0151s csoport aleln\u00f6keke \u00e9s vez\u00e9rigazgat\u00f3ja volt, akihez 18 orsz\u00e1g tartozott. Azt megel\u0151z\u0151en sikeresen vezette a kelet-eur\u00f3pai \u00e9s afrikai\/k\u00f6zel-keleti klasztereket, illetve l\u00e1tott el glob\u00e1lis feladatk\u00f6r\u00f6ket. Szenved\u00e9lye az Avon &#8211; a dolgoz\u00f3k, Tan\u00e1csad\u00f3k \u00e9s v\u00e1s\u00e1rl\u00f3k egyar\u00e1nt. Elismert vezet\u00e9si k\u00e9szs\u00e9gein, a nemzetk\u00f6zi perspekt\u00edv\u00e1n \u00e9s az ipar\u00e1gi tapasztalatokon fel\u00fcl elhivatottan vett r\u00e9szt az Avon azon t\u00f6rekv\u00e9seiben, hogy jav\u00edtsa a n\u0151k \u00e1ltal\u00e1nos \u00e9s p\u00e9nz\u00fcgyi helyzet\u00e9t. Mindezek egyar\u00e1nt fontos eszk\u00f6z\u00f6k lesznek az Avon \u00e9s a Natura fejl\u0151d\u00e9se szempontj\u00e1b\u00f3l.<\/p>\n<p><strong>David Boynton<\/strong> tov\u00e1bbra is a The Body Shop \u00fcgyvezet\u0151 igazgat\u00f3ja marad, folytatva az \u00e1talak\u00edt\u00e1st \u00e9s a m\u00e1rka meg\u00faj\u00edt\u00e1s\u00e1t, ami m\u00e1r jelenleg is zajlik \u00e9s pozit\u00edv eredm\u00e9nyeket mutat. Kor\u00e1bban a Charles Tyrwhitt \u00fcgyvezet\u0151 igazgat\u00f3ja \u00e9s a L\u2019Occitane nyugati piacok\u00e9rt felel\u0151s \u00fcgyvezet\u0151 igazgat\u00f3ja volt.<\/p>\n<p><strong>Michael O\u2019Keeffe<\/strong>, 2003 \u00f3ta az Aesop \u00fcgyvezet\u0151 igazgat\u00f3ja. \u00a0\u0150 szint\u00e9n megtartja jelenlegi poz\u00edci\u00f3j\u00e1t, \u00e9s tov\u00e1bbra is \u00edr\u00e1ny\u00edtja az egyed\u00fcl\u00e1ll\u00f3 \u00e9s tekint\u00e9lyes m\u00e1rka n\u00f6veked\u00e9s\u00e9t.<\/p>\n<p>&nbsp;<\/p>\n<p>&nbsp;<\/p>\n<p>&nbsp;<\/p>\n<p><strong>A NATURA &amp; CO-r\u00f3l<\/strong><\/p>\n<p>A Natura, az Aesop \u00e9s a The Body Shop egyes\u00edt\u00e9s\u00e9b\u0151l ad\u00f3d\u00f3an &#8211; a Natura &amp;Co v\u00e1llalat \u00e1ltal -egy glob\u00e1lis, t\u00f6bb \u00e9rt\u00e9kes\u00edt\u00e9si csatorn\u00e1s \u00e9s t\u00f6bb m\u00e1rk\u00e1b\u00f3l \u00e1ll\u00f3 kozmetikai csoport j\u00f6n l\u00e9tre. A csoportot alkot\u00f3 h\u00e1rom v\u00e1llalat elk\u00f6telezett a pozit\u00edv gazdas\u00e1gi, t\u00e1rsadalmi \u00e9s k\u00f6rnyezeti hat\u00e1sok kialak\u00edt\u00e1s\u00e1\u00e9rt. Az 1969-ben alap\u00edtott Natura kozmetikai \u00e9s test\u00e1pol\u00e1si szegmensben tev\u00e9kenyked\u0151 brazil multinacion\u00e1lis v\u00e1llalat, amely vezet\u0151 poz\u00edci\u00f3t t\u00f6lt be a k\u00f6zvetlen \u00e9rt\u00e9kes\u00edt\u00e9s ter\u00e9n. Az 1976-ban, Anita Roddick \u00e1ltal, Brightonban alap\u00edtott The Body Shop egy glob\u00e1lis sz\u00e9ps\u00e9g\u00e1pol\u00e1si m\u00e1rka, amelynek k\u00fcldet\u00e9se, hogy pozit\u00edv v\u00e1ltoz\u00e1st \u00e9rjen el a vil\u00e1gon.\u00a0 Az ausztr\u00e1l Aesop sz\u00e9ps\u00e9g\u00e1pol\u00e1si m\u00e1rk\u00e1t 1987-ben alap\u00edtott\u00e1k abb\u00f3l a c\u00e9lb\u00f3l, hogy kiv\u00e1l\u00f3 min\u0151s\u00e9g\u0171 b\u0151r-, haj- \u00e9s test\u00e1pol\u00e1si term\u00e9keket hozzon l\u00e9tre.<\/p>\n<p><strong>Az AVON-r\u00f3l <\/strong><\/p>\n<p>Az AVON m\u00e1r t\u00f6bb mint 130 \u00e9ve ki\u00e1ll a sz\u00e9ps\u00e9g, az innov\u00e1ci\u00f3 a pozit\u00edv gondolkod\u00e1s, \u00e9s mindenekel\u0151tt a n\u0151k mellett. Az AVON portf\u00f3li\u00f3j\u00e1ba tartoznak az olyan j\u00f3l ismert \u00e9s k\u00f6zkedvelt m\u00e1rk\u00e1k, mint az ANEW, Avon Color, Avon Care, Skin-So-Soft \u00e9s az Advance Techniques. Az Avon term\u00e9keket a v\u00e1llalat k\u00f6zel 6 milli\u00f3 akt\u00edv, f\u00fcggetlen Tan\u00e1csad\u00f3n kereszt\u00fcl \u00e9rt\u00e9kes\u00edti. Tudj meg t\u00f6bbet az Avon-r\u00f3l \u00e9s a term\u00e9keir\u0151l a <a href=\"http:\/\/www.avon.hu\" target=\"_blank\" rel=\"noopener\">www.avon.hu<\/a> oldalon.<\/p>\n","protected":false},"excerpt":{"rendered":"<p>Kinevezt\u00e9k az \u00faj fels\u0151vezet\u0151i csapatatot, akik az elk\u00f6vetkez\u0151 id\u0151szakban meghat\u00e1rozz\u00e1k \u00e9s fel\u00fcgyelik a v\u00e1llalatcsoport fejl\u0151d\u00e9si ir\u00e1ny\u00e1t<\/p>\n","protected":false},"author":1001003,"featured_media":0,"comment_status":"closed","ping_status":"open","sticky":false,"template":"","format":"standard","meta":[],"categories":[19,246],"tags":[],"_links":{"self":[{"href":"https:\/\/gazdasagportal.hu\/index.php\/wp-json\/wp\/v2\/posts\/122911"}],"collection":[{"href":"https:\/\/gazdasagportal.hu\/index.php\/wp-json\/wp\/v2\/posts"}],"about":[{"href":"https:\/\/gazdasagportal.hu\/index.php\/wp-json\/wp\/v2\/types\/post"}],"author":[{"embeddable":true,"href":"https:\/\/gazdasagportal.hu\/index.php\/wp-json\/wp\/v2\/users\/1001003"}],"replies":[{"embeddable":true,"href":"https:\/\/gazdasagportal.hu\/index.php\/wp-json\/wp\/v2\/comments?post=122911"}],"version-history":[{"count":1,"href":"https:\/\/gazdasagportal.hu\/index.php\/wp-json\/wp\/v2\/posts\/122911\/revisions"}],"predecessor-version":[{"id":122912,"href":"https:\/\/gazdasagportal.hu\/index.php\/wp-json\/wp\/v2\/posts\/122911\/revisions\/122912"}],"wp:attachment":[{"href":"https:\/\/gazdasagportal.hu\/index.php\/wp-json\/wp\/v2\/media?parent=122911"}],"wp:term":[{"taxonomy":"category","embeddable":true,"href":"https:\/\/gazdasagportal.hu\/index.php\/wp-json\/wp\/v2\/categories?post=122911"},{"taxonomy":"post_tag","embeddable":true,"href":"https:\/\/gazdasagportal.hu\/index.php\/wp-json\/wp\/v2\/tags?post=122911"}],"curies":[{"name":"wp","href":"https:\/\/api.w.org\/{rel}","templated":true}]}}