{"id":122907,"date":"2020-01-12T12:19:26","date_gmt":"2020-01-12T11:19:26","guid":{"rendered":"http:\/\/gazdasagportal.hu\/?p=122907"},"modified":"2020-01-12T12:19:26","modified_gmt":"2020-01-12T11:19:26","slug":"a-foldgaz-tozsdei-aranak-tovabbi-csokkeneset-okozhatja-az-enyhe-tel","status":"publish","type":"post","link":"https:\/\/gazdasagportal.hu\/index.php\/a-foldgaz-tozsdei-aranak-tovabbi-csokkeneset-okozhatja-az-enyhe-tel\/","title":{"rendered":"A f\u00f6ldg\u00e1z t\u0151zsdei \u00e1r\u00e1nak tov\u00e1bbi cs\u00f6kken\u00e9s\u00e9t okozhatja az enyhe t\u00e9l"},"content":{"rendered":"<p><strong>Az enyhe t\u00e9l miatt folytat\u00f3dik a f\u00f6ldg\u00e1z t\u0151zsdei jegyz\u00e9s\u00e9nek a cs\u00f6kken\u00e9se szak\u00e9rt\u0151k v\u00e1rakoz\u00e1sa szerint.<\/strong><!--more--><\/p>\n<div class=\"ads-in-post2\"><script async src=\"https:\/\/pagead2.googlesyndication.com\/pagead\/js\/adsbygoogle.js\"><\/script>\r\n<ins class=\"adsbygoogle\"\r\n     style=\"display:block\"\r\n     data-ad-format=\"fluid\"\r\n     data-ad-layout-key=\"-6t+ed+2i-1n-4w\"\r\n     data-ad-client=\"ca-pub-1959107119989764\"\r\n     data-ad-slot=\"4008251320\"><\/ins>\r\n<script>\r\n     (adsbygoogle = window.adsbygoogle || []).push({});\r\n<\/script><\/div>\n<p>    T\u00e9len k\u00fcl\u00f6n\u00f6sen megn\u0151 a g\u00e1zkereslet r\u00e9szben a lak\u00e1sok f\u0171t\u00e9se miatt, de az idei t\u00e9l eddig eltelt id\u0151szaka j\u00f3val enyh\u00e9bb volt a szok\u00e1s\u00e1n\u00e1l, ez\u00e9rt a jelenlegi g\u00e1zkereslet ink\u00e1bb a ny\u00e1ri id\u0151szakhoz hasonl\u00edt.<br \/>\n    Giacomo Masato, a Marex Spectron br\u00f3kerc\u00e9g vezet\u0151 meteorol\u00f3gusa azt mondta, hogy ha a szezon v\u00e9g\u00e9ig marad a szok\u00e1sosn\u00e1l melegebb id\u0151j\u00e1r\u00e1s, akkor ez lesz az elm\u00falt 120 \u00e9v legenyh\u00e9bb tele.<br \/>\n<div class=\"ads-in-post1\"><div id=\"gazdasagportal.hu_fullbanner_wideboard\"><\/div>\r\n<\/div>\n    Tekintettel arra, hogy az eur\u00f3pai g\u00e1zt\u00e1roz\u00f3k felt\u00f6lt\u00f6tts\u00e9gi szintje igen magas, t\u00f6bb mint 80 sz\u00e1zal\u00e9k, \u00e9s egyel\u0151re nem lehet sz\u00e1m\u00edtani zordabb id\u0151j\u00e1r\u00e1sra sem, nagy val\u00f3sz\u00edn\u0171s\u00e9ggel er\u0151teljesebben cs\u00f6kkenni kezd a g\u00e1z jegyz\u00e9se m\u00e1rcius v\u00e9g\u00e9t\u0151l, \u00e9s ez a tendencia ak\u00e1r eg\u00e9sz \u00e9vben kitarthat &#8211; k\u00f6z\u00f6lte az Interfax, amely a Bloomberg h\u00edr\u00fcgyn\u00f6ks\u00e9get id\u00e9zte.<br \/>\n    Az amszterdami ICE Endex t\u0151zsd\u00e9n a f\u00f6ldg\u00e1z febru\u00e1ri, megawatt\u00f3r\u00e1ban (MWh) jegyzett hat\u00e1rid\u0151s jegyz\u00e9se cs\u00fct\u00f6rt\u00f6k\u00f6n szeptember eleje \u00f3ta legalacsonyabb szinten 11,75 eur\u00f3n is \u00e1llt. P\u00e9nteken 11,94 eur\u00f3n z\u00e1rt. A megawatt\u00f3ra g\u00e1zfogyaszt\u00e1s 94,79 k\u00f6bm\u00e9ter f\u00f6ldg\u00e1zzal egyen\u00e9rt\u00e9k\u0171.(MTI)  <\/p>\n","protected":false},"excerpt":{"rendered":"<p>Az enyhe t\u00e9l miatt folytat\u00f3dik a f\u00f6ldg\u00e1z t\u0151zsdei jegyz\u00e9s\u00e9nek a cs\u00f6kken\u00e9se szak\u00e9rt\u0151k v\u00e1rakoz\u00e1sa szerint.<\/p>\n","protected":false},"author":1001003,"featured_media":0,"comment_status":"closed","ping_status":"open","sticky":false,"template":"","format":"standard","meta":[],"categories":[8],"tags":[],"_links":{"self":[{"href":"https:\/\/gazdasagportal.hu\/index.php\/wp-json\/wp\/v2\/posts\/122907"}],"collection":[{"href":"https:\/\/gazdasagportal.hu\/index.php\/wp-json\/wp\/v2\/posts"}],"about":[{"href":"https:\/\/gazdasagportal.hu\/index.php\/wp-json\/wp\/v2\/types\/post"}],"author":[{"embeddable":true,"href":"https:\/\/gazdasagportal.hu\/index.php\/wp-json\/wp\/v2\/users\/1001003"}],"replies":[{"embeddable":true,"href":"https:\/\/gazdasagportal.hu\/index.php\/wp-json\/wp\/v2\/comments?post=122907"}],"version-history":[{"count":1,"href":"https:\/\/gazdasagportal.hu\/index.php\/wp-json\/wp\/v2\/posts\/122907\/revisions"}],"predecessor-version":[{"id":122908,"href":"https:\/\/gazdasagportal.hu\/index.php\/wp-json\/wp\/v2\/posts\/122907\/revisions\/122908"}],"wp:attachment":[{"href":"https:\/\/gazdasagportal.hu\/index.php\/wp-json\/wp\/v2\/media?parent=122907"}],"wp:term":[{"taxonomy":"category","embeddable":true,"href":"https:\/\/gazdasagportal.hu\/index.php\/wp-json\/wp\/v2\/categories?post=122907"},{"taxonomy":"post_tag","embeddable":true,"href":"https:\/\/gazdasagportal.hu\/index.php\/wp-json\/wp\/v2\/tags?post=122907"}],"curies":[{"name":"wp","href":"https:\/\/api.w.org\/{rel}","templated":true}]}}