{"id":122895,"date":"2020-01-11T10:30:14","date_gmt":"2020-01-11T09:30:14","guid":{"rendered":"http:\/\/gazdasagportal.hu\/?p=122895"},"modified":"2020-01-11T08:32:10","modified_gmt":"2020-01-11T07:32:10","slug":"iran-hozzaferest-biztositott-ukrajnanak-a-feketedobozokhoz","status":"publish","type":"post","link":"https:\/\/gazdasagportal.hu\/index.php\/iran-hozzaferest-biztositott-ukrajnanak-a-feketedobozokhoz\/","title":{"rendered":"Ir\u00e1n hozz\u00e1f\u00e9r\u00e9st biztos\u00edtott Ukrajn\u00e1nak a feketedobozokhoz"},"content":{"rendered":"<p><strong>Ukrajna hozz\u00e1f\u00e9r\u00e9st kapott az Ir\u00e1nban lezuhant ukr\u00e1n utassz\u00e1ll\u00edt\u00f3 feketedobozaihoz \u00e9s a teher\u00e1ni rept\u00e9r f\u00f6ldi ir\u00e1ny\u00edt\u00f3 k\u00f6zpontj\u00e1ban dolgoz\u00f3 diszp\u00e9cserek hangfelv\u00e9teleihez &#8211; jelentette be Vadim Prisztajko ukr\u00e1n k\u00fcl\u00fcgyminiszter p\u00e9nteki kijevi sajt\u00f3t\u00e1j\u00e9koztat\u00f3j\u00e1n.<\/strong><!--more--><\/p>\n<div class=\"ads-in-post2\"><script async src=\"https:\/\/pagead2.googlesyndication.com\/pagead\/js\/adsbygoogle.js\"><\/script>\r\n<ins class=\"adsbygoogle\"\r\n     style=\"display:block\"\r\n     data-ad-format=\"fluid\"\r\n     data-ad-layout-key=\"-6t+ed+2i-1n-4w\"\r\n     data-ad-client=\"ca-pub-1959107119989764\"\r\n     data-ad-slot=\"4008251320\"><\/ins>\r\n<script>\r\n     (adsbygoogle = window.adsbygoogle || []).push({});\r\n<\/script><\/div>\n<p>    A t\u00e1rcavezet\u0151 megjegyezte, hogy Teher\u00e1nba mintegy \u00f6tven ukr\u00e1n szak\u00e9rt\u0151 utazott ki.<br \/>\n        &#8222;Technikai eszk\u00f6z\u00f6kkel pr\u00f3b\u00e1lj\u00e1k rekonstru\u00e1lni a rep\u00fcl\u0151g\u00e9pet, hogy meg\u00e9rts\u00fck, mi t\u00f6rt\u00e9nt vele. Teljes m\u00e9rt\u00e9kben egy\u00fcttm\u0171k\u00f6d\u00e9st kapunk az ir\u00e1ni f\u00e9lt\u0151l. Ir\u00e1n seg\u00edt nek\u00fcnk, hozz\u00e1f\u00e9r\u00fcnk mind a rep\u00fcl\u0151g\u00e9p maradv\u00e1nyaihoz, mind a becsap\u00f3d\u00e1s helysz\u00edn\u00e9hez, amelynek biztons\u00e1g\u00e1t a rend\u0151rs\u00e9g garant\u00e1lja, noha kezdetben helyi lakosok is bejutottak oda, ami nehez\u00edtette a vizsg\u00e1latot&#8221; &#8211; fejtette ki.<br \/>\n        Elmondta, Ir\u00e1nt\u00f3l hozz\u00e1f\u00e9r\u00e9st kaptak a g\u00e9p feketedobozaihoz, illetve a teher\u00e1ni rep\u00fcl\u0151t\u00e9r diszp\u00e9cserei \u00e9s a pil\u00f3t\u00e1k k\u00f6z\u00f6tti besz\u00e9lget\u00e9s felv\u00e9teleihez. &#8222;Egyel\u0151re mindezeket az inform\u00e1ci\u00f3kat elemezz\u00fck, nem z\u00e1runk ki egyetlen verzi\u00f3t sem (a katasztr\u00f3fa ok\u00e1t illet\u0151en)&#8221; &#8211; tette hozz\u00e1 Prisztajko.<br \/>\n        Lesz\u00f6gezte: k\u00e1rt\u00e9r\u00edt\u00e9st fognak k\u00f6vetelni, ha bebizonyosodik, hogy rak\u00e9tatal\u00e1lat \u00e9rte a g\u00e9pet.<br \/>\n    Prisztajko szavai szerint a Teher\u00e1nban l\u00e9v\u0151 ukr\u00e1n csapat nem er\u0151s\u00edtette meg a g\u00e9p maradv\u00e1nyait a helysz\u00ednr\u0151l elsz\u00e1ll\u00edt\u00f3 ir\u00e1ni buld\u00f3zerr\u0151l k\u00e9sz\u00fclt \u00e9s nyilv\u00e1noss\u00e1gra ker\u00fclt fot\u00f3 hiteless\u00e9g\u00e9t. Kor\u00e1bban ukr\u00e1n sajt\u00f3h\u00edrek szerint Julian R\u00f6pcke, a Bild c\u00edm\u0171 n\u00e9met lap szerkeszt\u0151je a Twitter k\u00f6z\u00f6ss\u00e9gi port\u00e1lon k\u00f6z\u00f6lt egy fot\u00f3t egy buld\u00f3zerr\u0151l, amely \u00e1ll\u00edt\u00f3lag r\u00e9szt vesz a katasztr\u00f3fa helysz\u00edn\u00e9nek takar\u00edt\u00e1s\u00e1ban.<br \/>\n<div class=\"ads-in-post1\"><div id=\"gazdasagportal.hu_fullbanner_wideboard\"><\/div>\r\n<\/div>\n        Ek\u00f6zben a Telegram \u00fczenetk\u00fcld\u0151 port\u00e1lon Volodimir Zelenszkij eln\u00f6k st\u00e1bj\u00e1nak oldal\u00e1n \u00faj bejegyz\u00e9s jelent meg, miszerint &#8222;nem lesznek elhamarkodott bejelent\u00e9sek a katasztr\u00f3fa okair\u00f3l&#8221;. A k\u00f6zlem\u00e9ny megism\u00e9tli Zelenszkij p\u00e9nteki \u00fczenet\u00e9t, amely szerint nincs kiz\u00e1rva, hogy rak\u00e9tatal\u00e1lat okozta a katasztr\u00f3f\u00e1t, de egyel\u0151re meger\u0151s\u00edtve sem. &#8222;A t\u00e9m\u00e1val kapcsolatos spekul\u00e1ci\u00f3k semmik\u00e9ppen sem hoznak k\u00f6zelebb minket az igazs\u00e1ghoz&#8221; &#8211; \u00edrt\u00e1k.<br \/>\n        A MAU ukr\u00e1n l\u00e9git\u00e1rsas\u00e1g Teher\u00e1nb\u00f3l Kijevbe tart\u00f3 j\u00e1rata szerda reggel, nem sokkal felsz\u00e1ll\u00e1s ut\u00e1n zuhant le, de azt k\u00f6vet\u0151en, hogy m\u00e1r el\u00e9rte a 2400 m\u00e9teres rep\u00fcl\u00e9si magass\u00e1got. A Boeing 737-800-as t\u00edpus\u00fa g\u00e9p fed\u00e9lzet\u00e9n mindenki \u00e9let\u00e9t vesztette, 167 utas \u00e9s a 9 f\u0151s ukr\u00e1n szem\u00e9lyzet, \u00f6sszesen h\u00e9t orsz\u00e1g, k\u00f6zt\u00fck Kanada, Sv\u00e9dorsz\u00e1g, N\u00e9metorsz\u00e1g \u00e9s Nagy-Britannia \u00e1llampolg\u00e1rai.<br \/>\n        Ir\u00e1n szerint hajt\u00f3m\u0171hiba okozhatta a balesetet. T\u00f6bb nyugati orsz\u00e1g szerint azonban rak\u00e9tatal\u00e1lat \u00e9rhette a g\u00e9pet.(MTI)<\/p>\n","protected":false},"excerpt":{"rendered":"<p>Ukrajna hozz\u00e1f\u00e9r\u00e9st kapott az Ir\u00e1nban lezuhant ukr\u00e1n utassz\u00e1ll\u00edt\u00f3 feketedobozaihoz \u00e9s a teher\u00e1ni rept\u00e9r f\u00f6ldi ir\u00e1ny\u00edt\u00f3 k\u00f6zpontj\u00e1ban dolgoz\u00f3 diszp\u00e9cserek hangfelv\u00e9teleihez &#8211; jelentette be Vadim Prisztajko ukr\u00e1n k\u00fcl\u00fcgyminiszter p\u00e9nteki kijevi sajt\u00f3t\u00e1j\u00e9koztat\u00f3j\u00e1n.<\/p>\n","protected":false},"author":1001003,"featured_media":0,"comment_status":"closed","ping_status":"open","sticky":false,"template":"","format":"standard","meta":[],"categories":[12,16],"tags":[],"_links":{"self":[{"href":"https:\/\/gazdasagportal.hu\/index.php\/wp-json\/wp\/v2\/posts\/122895"}],"collection":[{"href":"https:\/\/gazdasagportal.hu\/index.php\/wp-json\/wp\/v2\/posts"}],"about":[{"href":"https:\/\/gazdasagportal.hu\/index.php\/wp-json\/wp\/v2\/types\/post"}],"author":[{"embeddable":true,"href":"https:\/\/gazdasagportal.hu\/index.php\/wp-json\/wp\/v2\/users\/1001003"}],"replies":[{"embeddable":true,"href":"https:\/\/gazdasagportal.hu\/index.php\/wp-json\/wp\/v2\/comments?post=122895"}],"version-history":[{"count":1,"href":"https:\/\/gazdasagportal.hu\/index.php\/wp-json\/wp\/v2\/posts\/122895\/revisions"}],"predecessor-version":[{"id":122896,"href":"https:\/\/gazdasagportal.hu\/index.php\/wp-json\/wp\/v2\/posts\/122895\/revisions\/122896"}],"wp:attachment":[{"href":"https:\/\/gazdasagportal.hu\/index.php\/wp-json\/wp\/v2\/media?parent=122895"}],"wp:term":[{"taxonomy":"category","embeddable":true,"href":"https:\/\/gazdasagportal.hu\/index.php\/wp-json\/wp\/v2\/categories?post=122895"},{"taxonomy":"post_tag","embeddable":true,"href":"https:\/\/gazdasagportal.hu\/index.php\/wp-json\/wp\/v2\/tags?post=122895"}],"curies":[{"name":"wp","href":"https:\/\/api.w.org\/{rel}","templated":true}]}}