{"id":122893,"date":"2020-01-11T09:28:16","date_gmt":"2020-01-11T08:28:16","guid":{"rendered":"http:\/\/gazdasagportal.hu\/?p=122893"},"modified":"2020-01-11T08:29:51","modified_gmt":"2020-01-11T07:29:51","slug":"harom-szazalekkal-tobb-gepet-adott-el-az-airbus-2019-ben","status":"publish","type":"post","link":"https:\/\/gazdasagportal.hu\/index.php\/harom-szazalekkal-tobb-gepet-adott-el-az-airbus-2019-ben\/","title":{"rendered":"H\u00e1rom sz\u00e1zal\u00e9kkal t\u00f6bb g\u00e9pet adott el az Airbus 2019-ben"},"content":{"rendered":"<p><strong>H\u00e1rom sz\u00e1zal\u00e9kkal 768-ra n\u00f6velte 2019-ben eladott g\u00e9peinek sz\u00e1m\u00e1t az egy \u00e9vvel kor\u00e1bbihoz k\u00e9pest az Airbus &#8211; k\u00f6z\u00f6lte a gy\u00e1rt\u00f3 p\u00e9nteken az MTI-vel.<\/strong><!--more--><\/p>\n<div class=\"ads-in-post2\"><script async src=\"https:\/\/pagead2.googlesyndication.com\/pagead\/js\/adsbygoogle.js\"><\/script>\r\n<ins class=\"adsbygoogle\"\r\n     style=\"display:block\"\r\n     data-ad-format=\"fluid\"\r\n     data-ad-layout-key=\"-6t+ed+2i-1n-4w\"\r\n     data-ad-client=\"ca-pub-1959107119989764\"\r\n     data-ad-slot=\"4008251320\"><\/ins>\r\n<script>\r\n     (adsbygoogle = window.adsbygoogle || []).push({});\r\n<\/script><\/div>\n<p>    Adataik szerint 2019-ben a lemond\u00e1sok n\u00e9lk\u00fcl sz\u00e1molva 1131 g\u00e9p gy\u00e1rt\u00e1s\u00e1ra sz\u00f3l\u00f3 megb\u00edz\u00e1s futott be, de 363 p\u00e9ld\u00e1nyt lemondtak.<br \/>\n    A legt\u00f6bbet, 654-et az A320-as csal\u00e1d k\u00fcl\u00f6nb\u00f6z\u0151 verzi\u00f3ib\u00f3l \u00e9rt\u00e9kes\u00edtettek, ebben nagy szerepe volt a tavalyi dubaji l\u00e9gi szalonon bemutatott A321XLR t\u00edpusnak, amelyb\u0151l p\u00e1r h\u00f3nap alatt t\u00f6bb sz\u00e1zat adtak el.<br \/>\n    Az elm\u00falt \u00e9vben 863 g\u00e9pet adott \u00e1t \u00fczemeltet\u00e9sre az Airbus, 8 sz\u00e1zal\u00e9kkal t\u00f6bbet, mint egy \u00e9vvel kor\u00e1bban, ezzel a vil\u00e1g legnagyobb rep\u00fcl\u0151g\u00e9pgy\u00e1rt\u00f3ja lett.<br \/>\n    Mivel az \u00e1tad\u00e1sok sz\u00e1ma meghaladta a be\u00e9rkez\u0151 rendel\u00e9sek\u00e9t, az eur\u00f3pai gy\u00e1rt\u00f3 rendel\u00e9s\u00e1llom\u00e1nya 7482-re cs\u00f6kkent a 2018 \u00e9v v\u00e9gi 7577-r\u0151l.<br \/>\n    Az Airbus k\u00f6zlem\u00e9ny\u00e9ben jelezte: a december 31-\u00e9vel z\u00e1rult p\u00e9nz\u00fcgyi \u00e9v eredm\u00e9nyeir\u0151l febru\u00e1r 13-\u00e1n ad t\u00e1j\u00e9koztat\u00e1st.(MTI)<br \/>\n<div class=\"ads-in-post1\"><div id=\"gazdasagportal.hu_fullbanner_wideboard\"><\/div>\r\n<\/div>\n","protected":false},"excerpt":{"rendered":"<p>H\u00e1rom sz\u00e1zal\u00e9kkal 768-ra n\u00f6velte 2019-ben eladott g\u00e9peinek sz\u00e1m\u00e1t az egy \u00e9vvel kor\u00e1bbihoz k\u00e9pest az Airbus &#8211; k\u00f6z\u00f6lte a gy\u00e1rt\u00f3 p\u00e9nteken az MTI-vel.<\/p>\n","protected":false},"author":1001003,"featured_media":0,"comment_status":"closed","ping_status":"open","sticky":false,"template":"","format":"standard","meta":[],"categories":[8],"tags":[],"_links":{"self":[{"href":"https:\/\/gazdasagportal.hu\/index.php\/wp-json\/wp\/v2\/posts\/122893"}],"collection":[{"href":"https:\/\/gazdasagportal.hu\/index.php\/wp-json\/wp\/v2\/posts"}],"about":[{"href":"https:\/\/gazdasagportal.hu\/index.php\/wp-json\/wp\/v2\/types\/post"}],"author":[{"embeddable":true,"href":"https:\/\/gazdasagportal.hu\/index.php\/wp-json\/wp\/v2\/users\/1001003"}],"replies":[{"embeddable":true,"href":"https:\/\/gazdasagportal.hu\/index.php\/wp-json\/wp\/v2\/comments?post=122893"}],"version-history":[{"count":1,"href":"https:\/\/gazdasagportal.hu\/index.php\/wp-json\/wp\/v2\/posts\/122893\/revisions"}],"predecessor-version":[{"id":122894,"href":"https:\/\/gazdasagportal.hu\/index.php\/wp-json\/wp\/v2\/posts\/122893\/revisions\/122894"}],"wp:attachment":[{"href":"https:\/\/gazdasagportal.hu\/index.php\/wp-json\/wp\/v2\/media?parent=122893"}],"wp:term":[{"taxonomy":"category","embeddable":true,"href":"https:\/\/gazdasagportal.hu\/index.php\/wp-json\/wp\/v2\/categories?post=122893"},{"taxonomy":"post_tag","embeddable":true,"href":"https:\/\/gazdasagportal.hu\/index.php\/wp-json\/wp\/v2\/tags?post=122893"}],"curies":[{"name":"wp","href":"https:\/\/api.w.org\/{rel}","templated":true}]}}