{"id":122891,"date":"2020-01-11T08:25:42","date_gmt":"2020-01-11T07:25:42","guid":{"rendered":"http:\/\/gazdasagportal.hu\/?p=122891"},"modified":"2020-01-11T08:25:42","modified_gmt":"2020-01-11T07:25:42","slug":"wsj-svajci-kozremukodessel-sikerult-elkerulni-az-amerikai-irani-valsagot","status":"publish","type":"post","link":"https:\/\/gazdasagportal.hu\/index.php\/wsj-svajci-kozremukodessel-sikerult-elkerulni-az-amerikai-irani-valsagot\/","title":{"rendered":"WSJ: sv\u00e1jci k\u00f6zrem\u0171k\u00f6d\u00e9ssel siker\u00fclt elker\u00fclni az amerikai-ir\u00e1ni v\u00e1ls\u00e1got"},"content":{"rendered":"<p><strong>Sv\u00e1jci k\u00f6zrem\u0171k\u00f6d\u00e9ssel siker\u00fclt elker\u00fclni az amerikai-ir\u00e1ni v\u00e1ls\u00e1got &#8211; \u00e9rtes\u00fclt a The Wall Street Journal (WSJ) c\u00edm\u0171 amerikai lap.<\/strong><!--more--><\/p>\n<div class=\"ads-in-post2\"><script async src=\"https:\/\/pagead2.googlesyndication.com\/pagead\/js\/adsbygoogle.js\"><\/script>\r\n<ins class=\"adsbygoogle\"\r\n     style=\"display:block\"\r\n     data-ad-format=\"fluid\"\r\n     data-ad-layout-key=\"-6t+ed+2i-1n-4w\"\r\n     data-ad-client=\"ca-pub-1959107119989764\"\r\n     data-ad-slot=\"4008251320\"><\/ins>\r\n<script>\r\n     (adsbygoogle = window.adsbygoogle || []).push({});\r\n<\/script><\/div>\n<p>    Internetes oldal\u00e1n szombatra virrad\u00f3ra a lap azt \u00edrta: a Trump-korm\u00e1nyzat p\u00e1r \u00f3r\u00e1val a K\u00e1szim Szulejm\u00e1ni ir\u00e1ni t\u00e1bornok elleni c\u00e9lzott csap\u00e1sm\u00e9r\u00e9s ut\u00e1n s\u00fcrg\u0151s \u00e9s rejtjelezett \u00fczenetet k\u00fcld\u00f6tt Sv\u00e1jc teher\u00e1ni nagyk\u00f6vets\u00e9g\u00e9n kereszt\u00fcl Ir\u00e1nnak, miszerint ne m\u00e9rges\u00edtse el a v\u00e1ls\u00e1got. Ezt meg nem nevezett amerikai korm\u00e1nyzati tiszts\u00e9gvisel\u0151k k\u00f6z\u00f6lt\u00e9k a lappal. Az \u00fczenetet Markus Leitner, Sv\u00e1jc teher\u00e1ni nagyk\u00f6vete szem\u00e9lyesen vitte el Dzsav\u00e1d Zar\u00edf ir\u00e1ni k\u00fcl\u00fcgyminiszternek, m\u00e9g p\u00e9nteken reggel.<br \/>\n    Az Egyes\u00fclt \u00c1llamok \u00e9s Ir\u00e1n k\u00f6z\u00f6tt az 1979-es iszl\u00e1m forradalom \u00f3ta nincs diplom\u00e1ciai kapcsolat, meg\u00e1llapod\u00e1s alapj\u00e1n az amerikai \u00e9rdekeket Teher\u00e1nban a sv\u00e1jci nagyk\u00f6vets\u00e9g k\u00e9pviseli. Leitner nagyk\u00f6vet rendszeres vend\u00e9g Washingtonban, ahol z\u00e1rt ajt\u00f3k m\u00f6g\u00f6tti megbesz\u00e9l\u00e9seket folytat a k\u00fcl\u00fcgyminiszt\u00e9riumban, a v\u00e9delmi miniszt\u00e9rium \u00e9s a h\u00edrszerz\u00e9s k\u00fcl\u00f6nb\u00f6z\u0151 szervezetein\u00e9l. A Szulejm\u00e1ni meggyilkol\u00e1sa ut\u00e1ni napokban is ing\u00e1zott Washington \u00e9s Teher\u00e1n k\u00f6z\u00f6tt. Dzsav\u00e1d Zar\u00edf vele \u00fczent a Feh\u00e9r H\u00e1znak akkor is, amikor Donald Trump amerikai eln\u00f6k az ir\u00e1ni \u00e9p\u00edtett \u00e9s kultur\u00e1lis \u00f6r\u00f6ks\u00e9g elleni t\u00e1mad\u00e1sokkal fenyeget\u0151z\u00f6tt.<br \/>\n    Az amerikai-ir\u00e1ni \u00fczenetv\u00e1lt\u00e1sokat j\u00f3l ismer\u0151 egyik forr\u00e1s szerint Zar\u00edf d\u00fchbe gurult, amikor megkapta az els\u0151 \u00fczenetet. &#8222;Pompeo (amerikai k\u00fcl\u00fcgyminiszter) egy vaddiszn\u00f3&#8221; &#8211; mondta, \u00e9s k\u00f6z\u00f6lte, hogy &#8222;minden probl\u00e9ma okoz\u00f3ja az Egyes\u00fclt \u00c1llamok&#8221;.<br \/>\n<div class=\"ads-in-post1\"><div id=\"gazdasagportal.hu_fullbanner_wideboard\"><\/div>\r\n<\/div>\n    A The Wall Street Journal inform\u00e1ci\u00f3i szerint a K\u00e1szim Szulejm\u00e1ni likvid\u00e1l\u00e1sa ut\u00e1ni napokban a Feh\u00e9r H\u00e1z \u00e9s az ir\u00e1ni vezet\u00e9s t\u00f6bb \u00fczenetet is v\u00e1ltott egym\u00e1ssal. Ezek az \u00fczenetv\u00e1lt\u00e1sok sokkal m\u00e9rs\u00e9keltebb hangnem\u0171ek voltak, mint Washington \u00e9s Teher\u00e1n nyilv\u00e1noss\u00e1g el\u0151tti retorik\u00e1ja. Tov\u00e1bb\u00e1 az amerikaiak \u00e1ltal haszn\u00e1lt k\u00e9t iraki katonai t\u00e1maszpont ellen elk\u00f6vetett ir\u00e1ni megtorl\u00f3 rak\u00e9tat\u00e1mad\u00e1sokat k\u00f6vet\u0151en mind Washington, mind Teher\u00e1n visszal\u00e9pett a ny\u00edlt ellens\u00e9gesked\u00e9st\u0151l.<br \/>\n    &#8222;Nem kommunik\u00e1lunk t\u00fal sokat az ir\u00e1niakkal, de amikor igen, akkor a sv\u00e1jciaknak kulcsfontoss\u00e1g\u00fa szerep\u00fck van az \u00fczenetek tov\u00e1bb\u00edt\u00e1s\u00e1ban \u00e9s a f\u00e9lre\u00e9rt\u00e9sek elker\u00fcl\u00e9s\u00e9ben&#8221; &#8211; id\u00e9zett az amerikai lap egy n\u00e9vtelens\u00e9get k\u00e9r\u0151 amerikai korm\u00e1nyzati tiszts\u00e9gvisel\u0151t.<br \/>\n    A lap e-mailben megkereste Leitner nagyk\u00f6vetet, aki nem k\u00edv\u00e1nta komment\u00e1lni ezeket az \u00e9rtes\u00fcl\u00e9seket. A sv\u00e1jci k\u00fcl\u00fcgyminiszt\u00e9rium meger\u0151s\u00edtette ugyan az \u00fczenetv\u00e1lt\u00e1sok t\u00e9ny\u00e9t, de a r\u00e9szletek ismertet\u00e9s\u00e9t\u0151l elz\u00e1rk\u00f3zott. Hasonl\u00f3k\u00e9ppen nem akart megjegyz\u00e9st f\u0171zni az \u00fcgyh\u00f6z Ir\u00e1n ENSZ-nagyk\u00f6vets\u00e9g\u00e9nek sz\u00f3viv\u0151je, de azt lesz\u00f6gezte: &#8222;nagyra becs\u00fclj\u00fck (Sv\u00e1jcot) az er\u0151fesz\u00edt\u00e9sei\u00e9rt, amelynek r\u00e9v\u00e9n leveleket v\u00e1lthatunk, ha sz\u00fcks\u00e9ges&#8221;.(MTI)<\/p>\n","protected":false},"excerpt":{"rendered":"<p>Sv\u00e1jci k\u00f6zrem\u0171k\u00f6d\u00e9ssel siker\u00fclt elker\u00fclni az amerikai-ir\u00e1ni v\u00e1ls\u00e1got &#8211; \u00e9rtes\u00fclt a The Wall Street Journal (WSJ) c\u00edm\u0171 amerikai lap.<\/p>\n","protected":false},"author":1001003,"featured_media":0,"comment_status":"closed","ping_status":"open","sticky":false,"template":"","format":"standard","meta":[],"categories":[13,12,16],"tags":[],"_links":{"self":[{"href":"https:\/\/gazdasagportal.hu\/index.php\/wp-json\/wp\/v2\/posts\/122891"}],"collection":[{"href":"https:\/\/gazdasagportal.hu\/index.php\/wp-json\/wp\/v2\/posts"}],"about":[{"href":"https:\/\/gazdasagportal.hu\/index.php\/wp-json\/wp\/v2\/types\/post"}],"author":[{"embeddable":true,"href":"https:\/\/gazdasagportal.hu\/index.php\/wp-json\/wp\/v2\/users\/1001003"}],"replies":[{"embeddable":true,"href":"https:\/\/gazdasagportal.hu\/index.php\/wp-json\/wp\/v2\/comments?post=122891"}],"version-history":[{"count":1,"href":"https:\/\/gazdasagportal.hu\/index.php\/wp-json\/wp\/v2\/posts\/122891\/revisions"}],"predecessor-version":[{"id":122892,"href":"https:\/\/gazdasagportal.hu\/index.php\/wp-json\/wp\/v2\/posts\/122891\/revisions\/122892"}],"wp:attachment":[{"href":"https:\/\/gazdasagportal.hu\/index.php\/wp-json\/wp\/v2\/media?parent=122891"}],"wp:term":[{"taxonomy":"category","embeddable":true,"href":"https:\/\/gazdasagportal.hu\/index.php\/wp-json\/wp\/v2\/categories?post=122891"},{"taxonomy":"post_tag","embeddable":true,"href":"https:\/\/gazdasagportal.hu\/index.php\/wp-json\/wp\/v2\/tags?post=122891"}],"curies":[{"name":"wp","href":"https:\/\/api.w.org\/{rel}","templated":true}]}}