{"id":122836,"date":"2020-01-09T11:44:11","date_gmt":"2020-01-09T10:44:11","guid":{"rendered":"http:\/\/gazdasagportal.hu\/?p=122836"},"modified":"2020-01-09T11:44:11","modified_gmt":"2020-01-09T10:44:11","slug":"novemberben-nott-a-nemet-ipari-termeles","status":"publish","type":"post","link":"https:\/\/gazdasagportal.hu\/index.php\/novemberben-nott-a-nemet-ipari-termeles\/","title":{"rendered":"Novemberben n\u0151tt a n\u00e9met ipari termel\u00e9s"},"content":{"rendered":"<p><strong>Novemberben a v\u00e1rtn\u00e1l nagyobb m\u00e9rt\u00e9kben emelkedett, \u00e9s m\u00e1sf\u00e9l \u00e9ve a legnagyobb n\u00f6veked\u00e9st \u00e9rte el a n\u00e9met ipari termel\u00e9s az el\u0151z\u0151 havihoz k\u00e9pest a n\u00e9met sz\u00f6vets\u00e9gi statisztikai hivatal, a Destatis cs\u00fct\u00f6rt\u00f6k\u00f6n publik\u00e1lt jelent\u00e9se alapj\u00e1n.<\/strong><!--more--><\/p>\n<div class=\"ads-in-post2\"><script async src=\"https:\/\/pagead2.googlesyndication.com\/pagead\/js\/adsbygoogle.js\"><\/script>\r\n<ins class=\"adsbygoogle\"\r\n     style=\"display:block\"\r\n     data-ad-format=\"fluid\"\r\n     data-ad-layout-key=\"-6t+ed+2i-1n-4w\"\r\n     data-ad-client=\"ca-pub-1959107119989764\"\r\n     data-ad-slot=\"4008251320\"><\/ins>\r\n<script>\r\n     (adsbygoogle = window.adsbygoogle || []).push({});\r\n<\/script><\/div>\n<p>Novemberben a Destatis el\u0151zetes adatai szerint 1,1 sz\u00e1zal\u00e9kkal n\u0151tt \u00e1r, napt\u00e1ri \u00e9s szezon\u00e1lis kiigaz\u00edt\u00e1ssal az ipari termel\u00e9s az el\u0151z\u0151 havihoz k\u00e9pest N\u00e9metorsz\u00e1gban.<br \/>\nA novemberi 1,1 sz\u00e1zal\u00e9k az ipari termel\u00e9s m\u00e1sf\u00e9l \u00e9ve legnagyobb havi n\u00f6veked\u00e9se N\u00e9metorsz\u00e1gban.<br \/>\nAz egy \u00e9vvel kor\u00e1bbihoz k\u00e9pest \u00e1r \u00e9s napt\u00e1ri kiigaz\u00edt\u00e1ssal 2,6 sz\u00e1zal\u00e9kkal cs\u00f6kkent az ipari termel\u00e9s.<br \/>\nA piac az okt\u00f3beri 1,0 sz\u00e1zal\u00e9kos havi cs\u00f6kken\u00e9s ut\u00e1n 0,7 sz\u00e1zal\u00e9kos n\u00f6veked\u00e9st v\u00e1rt novemberre.<br \/>\n<div class=\"ads-in-post1\"><div id=\"gazdasagportal.hu_fullbanner_wideboard\"><\/div>\r\n<\/div>\nAz okt\u00f3beri ipari termel\u00e9si adatokat a Destatis fel\u00fclvizsg\u00e1lta \u00e9s m\u00f3dos\u00edtotta. Okt\u00f3berben a kor\u00e1bban jelzett 1,7 sz\u00e1zal\u00e9k helyett 1,0 sz\u00e1zal\u00e9kkal cs\u00f6kkent az ipari termel\u00e9s az el\u0151z\u0151 havihoz k\u00e9pest. Az egy \u00e9vvel kor\u00e1bbihoz k\u00e9pest pedig 4,6 sz\u00e1zal\u00e9k volt a cs\u00f6kken\u00e9s.<br \/>\n<a title=\"Hely megnyit\u00e1sa\" href=\"https:\/\/www.destatis.de\/DE\/Presse\/Pressemitteilungen\/2020\/01\/PD20_010_421.html\" target=\"_blank\" rel=\"noopener noreferrer\">https:\/\/www.destatis.de\/DE\/Presse\/Pressemitteilungen\/2020\/01\/PD20_010_421.html<\/a><\/p>\n<p>&nbsp;<br \/>\n(MTI)<\/p><div id=\"gazda-2341759099\" class=\"gazda-tartalomban gazda-entity-placement\"><script async src=\"https:\/\/pagead2.googlesyndication.com\/pagead\/js\/adsbygoogle.js\"><\/script>\r\n<ins class=\"adsbygoogle\"\r\n     style=\"display:block\"\r\n     data-ad-format=\"fluid\"\r\n     data-ad-layout-key=\"-6t+ed+2i-1n-4w\"\r\n     data-ad-client=\"ca-pub-1959107119989764\"\r\n     data-ad-slot=\"4008251320\"><\/ins>\r\n<script>\r\n     (adsbygoogle = window.adsbygoogle || []).push({});\r\n<\/script><\/div>\n","protected":false},"excerpt":{"rendered":"<p>Novemberben a v\u00e1rtn\u00e1l nagyobb m\u00e9rt\u00e9kben emelkedett, \u00e9s m\u00e1sf\u00e9l \u00e9ve a legnagyobb n\u00f6veked\u00e9st \u00e9rte el a n\u00e9met ipari termel\u00e9s az el\u0151z\u0151 havihoz k\u00e9pest a n\u00e9met sz\u00f6vets\u00e9gi statisztikai hivatal, a Destatis cs\u00fct\u00f6rt\u00f6k\u00f6n publik\u00e1lt jelent\u00e9se alapj\u00e1n.<\/p>\n","protected":false},"author":1,"featured_media":0,"comment_status":"closed","ping_status":"open","sticky":false,"template":"","format":"standard","meta":[],"categories":[12,246],"tags":[],"_links":{"self":[{"href":"https:\/\/gazdasagportal.hu\/index.php\/wp-json\/wp\/v2\/posts\/122836"}],"collection":[{"href":"https:\/\/gazdasagportal.hu\/index.php\/wp-json\/wp\/v2\/posts"}],"about":[{"href":"https:\/\/gazdasagportal.hu\/index.php\/wp-json\/wp\/v2\/types\/post"}],"author":[{"embeddable":true,"href":"https:\/\/gazdasagportal.hu\/index.php\/wp-json\/wp\/v2\/users\/1"}],"replies":[{"embeddable":true,"href":"https:\/\/gazdasagportal.hu\/index.php\/wp-json\/wp\/v2\/comments?post=122836"}],"version-history":[{"count":1,"href":"https:\/\/gazdasagportal.hu\/index.php\/wp-json\/wp\/v2\/posts\/122836\/revisions"}],"predecessor-version":[{"id":122837,"href":"https:\/\/gazdasagportal.hu\/index.php\/wp-json\/wp\/v2\/posts\/122836\/revisions\/122837"}],"wp:attachment":[{"href":"https:\/\/gazdasagportal.hu\/index.php\/wp-json\/wp\/v2\/media?parent=122836"}],"wp:term":[{"taxonomy":"category","embeddable":true,"href":"https:\/\/gazdasagportal.hu\/index.php\/wp-json\/wp\/v2\/categories?post=122836"},{"taxonomy":"post_tag","embeddable":true,"href":"https:\/\/gazdasagportal.hu\/index.php\/wp-json\/wp\/v2\/tags?post=122836"}],"curies":[{"name":"wp","href":"https:\/\/api.w.org\/{rel}","templated":true}]}}