{"id":122826,"date":"2020-01-09T08:24:49","date_gmt":"2020-01-09T07:24:49","guid":{"rendered":"http:\/\/gazdasagportal.hu\/?p=122826"},"modified":"2020-01-09T08:24:49","modified_gmt":"2020-01-09T07:24:49","slug":"irani-amerikai-viszaly-esper-washington-visszaallitotta-az-elrettentes-bizonyos-szintjet","status":"publish","type":"post","link":"https:\/\/gazdasagportal.hu\/index.php\/irani-amerikai-viszaly-esper-washington-visszaallitotta-az-elrettentes-bizonyos-szintjet\/","title":{"rendered":"Ir\u00e1ni-amerikai visz\u00e1ly &#8211; Esper: Washington vissza\u00e1ll\u00edtotta az elrettent\u00e9s bizonyos szintj\u00e9t"},"content":{"rendered":"<p><strong>Washington vissza\u00e1ll\u00edtotta az elrettent\u00e9s bizonyos szintj\u00e9t &#8211; jelentette ki Mark Esper amerikai v\u00e9delmi miniszter \u00fajs\u00e1g\u00edr\u00f3knak szerd\u00e1n a Pentagonban.<\/strong><!--more--><\/p>\n<div class=\"ads-in-post2\"><script async src=\"https:\/\/pagead2.googlesyndication.com\/pagead\/js\/adsbygoogle.js\"><\/script>\r\n<ins class=\"adsbygoogle\"\r\n     style=\"display:block\"\r\n     data-ad-format=\"fluid\"\r\n     data-ad-layout-key=\"-6t+ed+2i-1n-4w\"\r\n     data-ad-client=\"ca-pub-1959107119989764\"\r\n     data-ad-slot=\"4008251320\"><\/ins>\r\n<script>\r\n     (adsbygoogle = window.adsbygoogle || []).push({});\r\n<\/script><\/div>\n<p>    A t\u00e1rcavezet\u0151 kifejtette: Washington a K\u00e1szim Szulejm\u00e1ni elleni dr\u00f3nt\u00e1mad\u00e1ssal, \u00e9s a m\u00e9g decemberben a Kat\u00e1ib Hezbollah nev\u0171 iraki s\u00edita paramilit\u00e1ris csoportra m\u00e9rt csap\u00e1ssal \u00e1ll\u00edtotta vissza az elrettent\u00e9s &#8222;bizonyos szintj\u00e9t&#8221;. Hozz\u00e1f\u0171zte azonban, csak a j\u00f6v\u0151 igazolhatja majd, hogy az elrettent\u00e9s sikeres volt-e.<br \/>\n    K\u00e1szim Szulejm\u00e1ni, az ir\u00e1ni Forradalmi G\u00e1rda k\u00fcl\u00f6nleges Kudsz er\u0151inek parancsnok\u00e1t az amerikai er\u0151k m\u00falt p\u00e9nteken \u00f6lt\u00e9k meg Bagdadban.<br \/>\n    Esper elmondta, hogy Ir\u00e1n a szerd\u00e1ra virrad\u00f3ra Irakban v\u00e9grehajtott megtorl\u00f3 t\u00e1mad\u00e1saiban 16 r\u00f6vid hat\u00f3t\u00e1vols\u00e1g\u00fa rak\u00e9t\u00e1t l\u0151tt ki, ezek k\u00f6z\u00fcl legal\u00e1bb 11 okozott k\u00e1rt az Ain-el-Aszad l\u00e9gi t\u00e1maszponton, egy pedig az erb\u00edli katonai b\u00e1zison. A miniszter szerint nagyobb anyagi k\u00e1rok nem keletkeztek, a rak\u00e9t\u00e1k katonai s\u00e1trakat \u00e9s egy helikoptert tettek t\u00f6nkre, valamint megrong\u00e1lt\u00e1k a parkol\u00f3t.<br \/>\n<div class=\"ads-in-post1\"><div id=\"gazdasagportal.hu_fullbanner_wideboard\"><\/div>\r\n<\/div>\n    Esper k\u00f6z\u00f6lte: az amerikai hadsereg v\u00e1ltozatlanul k\u00e9szenl\u00e9tben \u00e1ll.<br \/>\n    A sajt\u00f3besz\u00e9lget\u00e9sen r\u00e9szt vett Mark Milley, a vez\u00e9rkari f\u0151n\u00f6k\u00f6k egyes\u00edtett bizotts\u00e1g\u00e1nak vezet\u0151je is. A t\u00e1bornok kifejtette: &#8222;szem\u00e9lyes \u00e9rt\u00e9kel\u00e9se&#8221; szerint Ir\u00e1n sz\u00e1nd\u00e9ka az volt, hogy k\u00e1rt okozzon az infrastrukt\u00far\u00e1ban \u00e9s a hadi felszerel\u00e9sekben, valamint ott \u00e1llom\u00e1soz\u00f3 katon\u00e1kat \u00f6lj\u00f6n meg. Milley mindazon\u00e1ltal hozz\u00e1tette: &#8222;az elemz\u00e9s a h\u00edrszerz\u00e9si szak\u00e9rt\u0151k dolga&#8221;.<br \/>\n    Mark Milley hangs\u00falyozta azt is: m\u00e9g t\u00fal korai volna kijelenteni, hogy a rak\u00e9tat\u00e1mad\u00e1sok ut\u00e1n Ir\u00e1n val\u00f3ban visszavonul\u00f3t f\u00fajt.(MTI)<\/p>\n","protected":false},"excerpt":{"rendered":"<p>Washington vissza\u00e1ll\u00edtotta az elrettent\u00e9s bizonyos szintj\u00e9t &#8211; jelentette ki Mark Esper amerikai v\u00e9delmi miniszter \u00fajs\u00e1g\u00edr\u00f3knak szerd\u00e1n a Pentagonban.<\/p>\n","protected":false},"author":1,"featured_media":0,"comment_status":"closed","ping_status":"open","sticky":false,"template":"","format":"standard","meta":[],"categories":[13,16],"tags":[],"_links":{"self":[{"href":"https:\/\/gazdasagportal.hu\/index.php\/wp-json\/wp\/v2\/posts\/122826"}],"collection":[{"href":"https:\/\/gazdasagportal.hu\/index.php\/wp-json\/wp\/v2\/posts"}],"about":[{"href":"https:\/\/gazdasagportal.hu\/index.php\/wp-json\/wp\/v2\/types\/post"}],"author":[{"embeddable":true,"href":"https:\/\/gazdasagportal.hu\/index.php\/wp-json\/wp\/v2\/users\/1"}],"replies":[{"embeddable":true,"href":"https:\/\/gazdasagportal.hu\/index.php\/wp-json\/wp\/v2\/comments?post=122826"}],"version-history":[{"count":1,"href":"https:\/\/gazdasagportal.hu\/index.php\/wp-json\/wp\/v2\/posts\/122826\/revisions"}],"predecessor-version":[{"id":122827,"href":"https:\/\/gazdasagportal.hu\/index.php\/wp-json\/wp\/v2\/posts\/122826\/revisions\/122827"}],"wp:attachment":[{"href":"https:\/\/gazdasagportal.hu\/index.php\/wp-json\/wp\/v2\/media?parent=122826"}],"wp:term":[{"taxonomy":"category","embeddable":true,"href":"https:\/\/gazdasagportal.hu\/index.php\/wp-json\/wp\/v2\/categories?post=122826"},{"taxonomy":"post_tag","embeddable":true,"href":"https:\/\/gazdasagportal.hu\/index.php\/wp-json\/wp\/v2\/tags?post=122826"}],"curies":[{"name":"wp","href":"https:\/\/api.w.org\/{rel}","templated":true}]}}