{"id":122793,"date":"2020-01-08T07:36:36","date_gmt":"2020-01-08T06:36:36","guid":{"rendered":"http:\/\/gazdasagportal.hu\/?p=122793"},"modified":"2020-01-08T07:36:36","modified_gmt":"2020-01-08T06:36:36","slug":"feher-haz-az-elnok-szorosan-figyelemmel-koveti-az-irani-legicsapas-fejlemenyeit","status":"publish","type":"post","link":"https:\/\/gazdasagportal.hu\/index.php\/feher-haz-az-elnok-szorosan-figyelemmel-koveti-az-irani-legicsapas-fejlemenyeit\/","title":{"rendered":"Feh\u00e9r H\u00e1z: az eln\u00f6k szorosan figyelemmel k\u00f6veti az ir\u00e1ni l\u00e9gicsap\u00e1s fejlem\u00e9nyeit"},"content":{"rendered":"<p><strong>Donald Trump amerikai eln\u00f6k szorosan figyelemmel k\u00f6veti az amerikai er\u0151k k\u00e9t iraki b\u00e1zisa ellen v\u00e9grehajtott ir\u00e1ni l\u00e9gicsap\u00e1s fejlem\u00e9nyeit &#8211; tudatta kedd esti k\u00f6zlem\u00e9ny\u00e9ben Stephanie Grisham, a Feh\u00e9r H\u00e1z sz\u00f3viv\u0151je. Az eln\u00f6k n\u00e9h\u00e1ny \u00f3r\u00e1val k\u00e9s\u0151bb megnyugtat\u00f3 bejegyz\u00e9st tett k\u00f6zz\u00e9 a Twitter k\u00f6z\u00f6ss\u00e9gi port\u00e1lon.<\/strong><!--more--><\/p>\n<div class=\"ads-in-post2\"><script async src=\"https:\/\/pagead2.googlesyndication.com\/pagead\/js\/adsbygoogle.js\"><\/script>\r\n<ins class=\"adsbygoogle\"\r\n     style=\"display:block\"\r\n     data-ad-format=\"fluid\"\r\n     data-ad-layout-key=\"-6t+ed+2i-1n-4w\"\r\n     data-ad-client=\"ca-pub-1959107119989764\"\r\n     data-ad-slot=\"4008251320\"><\/ins>\r\n<script>\r\n     (adsbygoogle = window.adsbygoogle || []).push({});\r\n<\/script><\/div>\n<p>    A Pentagon szerint Ir\u00e1n t\u00f6bb mint egy tucat ballisztikus rak\u00e9t\u00e1t l\u0151tt ki, \u00e9s nem is egy, hanem k\u00e9t iraki t\u00e1maszpontra. Az Ain al-Aszad b\u00e1zison \u00e9s az erb\u00edli t\u00e1maszponton is vannak amerikai katon\u00e1k. Az els\u0151 amerikai sajt\u00f3jelent\u00e9sek szerint a t\u00e1mad\u00e1soknak iraki katon\u00e1k estek \u00e1ldozatul, de egyel\u0151re nem tudni, hogy vannak-e k\u00f6zt\u00fck hal\u00e1los \u00e1ldozatok is.         Amerikai \u00e1ldozatokr\u00f3l egyel\u0151re nem \u00e9rkeztek h\u00edrek.         Mike Pence amerikai aleln\u00f6k hivatala k\u00f6zlem\u00e9nyben t\u00e1j\u00e9koztatta a fejlem\u00e9nyekr\u0151l a szen\u00e1tus vezet\u0151 politikusait. K\u00f6zben kedden \u00e9jjel a Feh\u00e9r H\u00e1zba \u00e9rkezett Mike Pompeo v\u00e9delmi miniszter \u00e9s Mark Esper, a v\u00e9delmi t\u00e1rca ir\u00e1ny\u00edt\u00f3ja. Esper kor\u00e1bban telefonon egyeztetett \u00c1dil Abdul Mahdi iraki \u00fcgyviv\u0151 korm\u00e1nyf\u0151vel.<br \/>\n<div class=\"ads-in-post1\"><div id=\"gazdasagportal.hu_fullbanner_wideboard\"><\/div>\r\n<\/div>\n        Donald Trump &#8211; nem sokkal a Pompe\u00f3val \u00e9s Esperrel tartott tan\u00e1cskoz\u00e1sa ut\u00e1n &#8211; a Twitteren azt \u00edrta: &#8222;minden rendben van! Ir\u00e1nb\u00f3l k\u00e9t iraki katonai t\u00e1maszpontra l\u0151ttek rak\u00e9t\u00e1kat. Jelenleg a sebes\u00fcltek \u00e9s a k\u00e1rok sz\u00e1mbav\u00e9tele tart. Nek\u00fcnk van a leger\u0151sebb \u00e9s legjobban felszerelt hadsereg\u00fcnk a vil\u00e1gon&#8221;. Majd hozz\u00e1tette, hogy szerd\u00e1n reggel nyilatkozatot tesz.<br \/>\n        Kedden \u00e9jjel meger\u0151s\u00edtett\u00e9k a Feh\u00e9r H\u00e1z k\u00f6r\u00fcli biztons\u00e1gi int\u00e9zked\u00e9seket. A Feh\u00e9r H\u00e1zhoz vezet\u0151 ellen\u0151rz\u0151 pontokn\u00e1l mesterl\u00f6v\u00e9szek \u00e1llnak. \u00d3vint\u00e9zked\u00e9seket tett a sz\u00f6vets\u00e9gi l\u00e9g\u00fcgyi hat\u00f3s\u00e1g (FAA) is az amerikai polg\u00e1ri j\u00e1ratok biztons\u00e1g\u00e1nak garant\u00e1l\u00e1s\u00e1ra, szerte a vil\u00e1gban.         Pompeo el\u0151z\u0151leg &#8211; a Bloomberg h\u00edr\u00fcgyn\u00f6ks\u00e9g inform\u00e1ci\u00f3i szerint &#8211; diplom\u00e1ciai t\u00e1viratban elrendelte, hogy a tengerent\u00falon b\u00e1rhol szolg\u00e1latot teljes\u00edt\u0151 amerikai diplomat\u00e1k egyel\u0151re ne tal\u00e1lkozzanak ir\u00e1ni ellenz\u00e9kiekkel. Az amerikai diplom\u00e1cia ir\u00e1ny\u00edt\u00f3ja arra figyelmeztette a diplomat\u00e1kat, hogy b\u00e1rmilyen kapcsolattart\u00e1s ir\u00e1ni ellenz\u00e9ki csoporttal kontraprodukt\u00edv lehet, azaz a k\u00edv\u00e1nttal ellent\u00e9tes hat\u00e1st v\u00e1lthat ki.(MTI)<\/p>\n","protected":false},"excerpt":{"rendered":"<p>Donald Trump amerikai eln\u00f6k szorosan figyelemmel k\u00f6veti az amerikai er\u0151k k\u00e9t iraki b\u00e1zisa ellen v\u00e9grehajtott ir\u00e1ni l\u00e9gicsap\u00e1s fejlem\u00e9nyeit &#8211; tudatta kedd esti k\u00f6zlem\u00e9ny\u00e9ben Stephanie Grisham, a Feh\u00e9r H\u00e1z sz\u00f3viv\u0151je. Az eln\u00f6k n\u00e9h\u00e1ny \u00f3r\u00e1val k\u00e9s\u0151bb megnyugtat\u00f3 bejegyz\u00e9st tett k\u00f6zz\u00e9 a Twitter k\u00f6z\u00f6ss\u00e9gi port\u00e1lon.<\/p>\n","protected":false},"author":1,"featured_media":0,"comment_status":"closed","ping_status":"open","sticky":false,"template":"","format":"standard","meta":[],"categories":[13,16],"tags":[],"_links":{"self":[{"href":"https:\/\/gazdasagportal.hu\/index.php\/wp-json\/wp\/v2\/posts\/122793"}],"collection":[{"href":"https:\/\/gazdasagportal.hu\/index.php\/wp-json\/wp\/v2\/posts"}],"about":[{"href":"https:\/\/gazdasagportal.hu\/index.php\/wp-json\/wp\/v2\/types\/post"}],"author":[{"embeddable":true,"href":"https:\/\/gazdasagportal.hu\/index.php\/wp-json\/wp\/v2\/users\/1"}],"replies":[{"embeddable":true,"href":"https:\/\/gazdasagportal.hu\/index.php\/wp-json\/wp\/v2\/comments?post=122793"}],"version-history":[{"count":1,"href":"https:\/\/gazdasagportal.hu\/index.php\/wp-json\/wp\/v2\/posts\/122793\/revisions"}],"predecessor-version":[{"id":122794,"href":"https:\/\/gazdasagportal.hu\/index.php\/wp-json\/wp\/v2\/posts\/122793\/revisions\/122794"}],"wp:attachment":[{"href":"https:\/\/gazdasagportal.hu\/index.php\/wp-json\/wp\/v2\/media?parent=122793"}],"wp:term":[{"taxonomy":"category","embeddable":true,"href":"https:\/\/gazdasagportal.hu\/index.php\/wp-json\/wp\/v2\/categories?post=122793"},{"taxonomy":"post_tag","embeddable":true,"href":"https:\/\/gazdasagportal.hu\/index.php\/wp-json\/wp\/v2\/tags?post=122793"}],"curies":[{"name":"wp","href":"https:\/\/api.w.org\/{rel}","templated":true}]}}