{"id":122746,"date":"2020-01-06T12:28:53","date_gmt":"2020-01-06T11:28:53","guid":{"rendered":"http:\/\/gazdasagportal.hu\/?p=122746"},"modified":"2020-01-06T12:28:53","modified_gmt":"2020-01-06T11:28:53","slug":"csokkentek-az-ipari-termeloi-arak-novemberben-az-euroovezetben","status":"publish","type":"post","link":"https:\/\/gazdasagportal.hu\/index.php\/csokkentek-az-ipari-termeloi-arak-novemberben-az-euroovezetben\/","title":{"rendered":"Cs\u00f6kkentek az ipari termel\u0151i \u00e1rak novemberben az eur\u00f3\u00f6vezetben"},"content":{"rendered":"<p><strong>A v\u00e1rtn\u00e1l valamivel enyh\u00e9b \u00fctemben cs\u00f6kkentek az ipari termel\u0151i \u00e1rak \u00e9ves \u00f6sszevet\u00e9sben novemberben az eur\u00f3\u00f6vezetben.<\/strong><!--more--><\/p>\n<div class=\"ads-in-post2\"><script async src=\"https:\/\/pagead2.googlesyndication.com\/pagead\/js\/adsbygoogle.js\"><\/script>\r\n<ins class=\"adsbygoogle\"\r\n     style=\"display:block\"\r\n     data-ad-format=\"fluid\"\r\n     data-ad-layout-key=\"-6t+ed+2i-1n-4w\"\r\n     data-ad-client=\"ca-pub-1959107119989764\"\r\n     data-ad-slot=\"4008251320\"><\/ins>\r\n<script>\r\n     (adsbygoogle = window.adsbygoogle || []).push({});\r\n<\/script><\/div>\n<p>    Az uni\u00f3s statisztikai hivatal (Eurostat) h\u00e9tf\u0151n k\u00f6z\u00f6lte, hogy az eur\u00f3\u00f6vezetben \u00e9ves \u00f6sszehasonl\u00edt\u00e1sban 1,4 sz\u00e1zal\u00e9kkal cs\u00f6kkentek az ipari termel\u0151i \u00e1rak novemberben. Elemz\u0151k 1,5 sz\u00e1zal\u00e9kos visszaes\u00e9sre sz\u00e1m\u00edtottak az el\u0151z\u0151 h\u00f3napban m\u00e9rt 1,9 sz\u00e1zal\u00e9kos cs\u00f6kken\u00e9s ut\u00e1n.<br \/>\n    Novemberben m\u00e1r a negyedik egym\u00e1st k\u00f6vet\u0151 h\u00f3napban cs\u00f6kkentek a termel\u0151i \u00e1rak, de legal\u00e1bb nem gyorsult, hanem lassult az \u00fctem. Egy \u00e9vvel kor\u00e1bban, 2018 november\u00e9ben &#8211; amikor is elindult a lassul\u00f3 trend &#8211; m\u00e9g 4,0 sz\u00e1zal\u00e9kkal n\u0151ttek a termel\u0151i \u00e1rak \u00e9ves szinten, \u00e9s \u00e9ppen az el\u0151tte val\u00f3 h\u00f3napban, okt\u00f3berben tet\u0151z\u00f6tt 4,9 sz\u00e1zal\u00e9kon, az emelked\u00e9si \u00fctem.<br \/>\n    Havi \u00f6sszevet\u00e9sben 0,2 sz\u00e1zal\u00e9kkal n\u0151ttek az ipari termel\u0151i \u00e1rak novemberben az eur\u00f3\u00f6vezetben, meghaladva a 0,1 sz\u00e1zal\u00e9kos elemz\u0151i v\u00e1rakoz\u00e1st. Okt\u00f3berben \u00e9s szeptemberben 0,1 sz\u00e1zal\u00e9kos emelked\u00e9st m\u00e9rtek.<br \/>\n    Az Eur\u00f3pai Uni\u00f3ban az el\u0151z\u0151 h\u00f3naphoz k\u00e9pest 0,1 sz\u00e1zal\u00e9kkal n\u0151ttek, \u00e9ves \u00f6sszevet\u00e9sben viszont 1,0 sz\u00e1zal\u00e9kkal cs\u00f6kkentek az ipari termel\u0151i \u00e1rak novemberben. Okt\u00f3berben havi szinten stagn\u00e1ltak, \u00e9ves szinten pedig 1,6 sz\u00e1zal\u00e9kkal estek a termel\u0151i \u00e1rak.<br \/>\n<div class=\"ads-in-post1\"><div id=\"gazdasagportal.hu_fullbanner_wideboard\"><\/div>\r\n<\/div>\n    A gyakran v\u00e1ltoz\u00e9kony energia\u00e1rakat nem sz\u00e1molva havi \u00f6sszevet\u00e9sben az eur\u00f3\u00f6vezetben stagn\u00e1ltak, az uni\u00f3ban pedig 0,1 sz\u00e1zal\u00e9kkal cs\u00f6kkentek, m\u00edg \u00e9ves \u00f6sszevet\u00e9sben 0,3 sz\u00e1zal\u00e9kkal, illetve 0,4 sz\u00e1zal\u00e9kkal n\u0151ttek az ipari termel\u0151i \u00e1rak.<br \/>\n    \u00c9ves \u00f6sszevet\u00e9sben Bulg\u00e1ri\u00e1ban (4,0 sz\u00e1zal\u00e9k), Rom\u00e1ni\u00e1ban (3,6 sz\u00e1zal\u00e9k), valamint G\u00f6r\u00f6gorsz\u00e1gban \u00e9s Szlov\u00e9ni\u00e1ban (mindkett\u0151 2,0 sz\u00e1zal\u00e9k) n\u0151ttek legnagyobb m\u00e9rt\u00e9kben a termel\u0151i \u00e1rak, a leger\u0151sebben pedig D\u00e1ni\u00e1ban (4,8 sz\u00e1zal\u00e9k), Olaszorsz\u00e1gban (3,6 sz\u00e1zal\u00e9k), Belgiumban (3,2 sz\u00e1zal\u00e9k) \u00e9s Portug\u00e1li\u00e1ban (2,7 sz\u00e1zal\u00e9k) cs\u00f6kkentek.<br \/>\n    Havi szinten G\u00f6r\u00f6gorsz\u00e1gban (3,4 sz\u00e1zal\u00e9k), Franciaorsz\u00e1gban (1,1 sz\u00e1zal\u00e9k) \u00e9s Sv\u00e9dorsz\u00e1gban (0,9 sz\u00e1zal\u00e9k) n\u0151ttek legnagyobb m\u00e9rt\u00e9kben, m\u00edg a leger\u0151sebb cs\u00f6kken\u00e9st Portug\u00e1li\u00e1ban (0,9 sz\u00e1zal\u00e9k), Spanyolorsz\u00e1gban (0,6 sz\u00e1zal\u00e9k) \u00e9s Lettorsz\u00e1gban (0,5 sz\u00e1zal\u00e9k) m\u00e9rt\u00e9k.<br \/>\n    A termel\u0151i \u00e1rak a fogyaszt\u00f3i infl\u00e1ci\u00f3 alakul\u00e1s\u00e1nak egyik korai indik\u00e1tora. Az Eur\u00f3pai K\u00f6zponti Bank arra t\u00f6rekszik, hogy az \u00e9ves harmoniz\u00e1lt fogyaszt\u00f3i\u00e1r-index k\u00f6z\u00e9pt\u00e1von 2 sz\u00e1zal\u00e9k alatt, \u00e1m ahhoz k\u00f6zeli \u00e9rt\u00e9ken maradjon.(MTI)<\/p>\n","protected":false},"excerpt":{"rendered":"<p>A v\u00e1rtn\u00e1l valamivel enyh\u00e9b \u00fctemben cs\u00f6kkentek az ipari termel\u0151i \u00e1rak \u00e9ves \u00f6sszevet\u00e9sben novemberben az eur\u00f3\u00f6vezetben.<\/p>\n","protected":false},"author":1,"featured_media":0,"comment_status":"closed","ping_status":"open","sticky":false,"template":"","format":"standard","meta":[],"categories":[246],"tags":[],"_links":{"self":[{"href":"https:\/\/gazdasagportal.hu\/index.php\/wp-json\/wp\/v2\/posts\/122746"}],"collection":[{"href":"https:\/\/gazdasagportal.hu\/index.php\/wp-json\/wp\/v2\/posts"}],"about":[{"href":"https:\/\/gazdasagportal.hu\/index.php\/wp-json\/wp\/v2\/types\/post"}],"author":[{"embeddable":true,"href":"https:\/\/gazdasagportal.hu\/index.php\/wp-json\/wp\/v2\/users\/1"}],"replies":[{"embeddable":true,"href":"https:\/\/gazdasagportal.hu\/index.php\/wp-json\/wp\/v2\/comments?post=122746"}],"version-history":[{"count":1,"href":"https:\/\/gazdasagportal.hu\/index.php\/wp-json\/wp\/v2\/posts\/122746\/revisions"}],"predecessor-version":[{"id":122747,"href":"https:\/\/gazdasagportal.hu\/index.php\/wp-json\/wp\/v2\/posts\/122746\/revisions\/122747"}],"wp:attachment":[{"href":"https:\/\/gazdasagportal.hu\/index.php\/wp-json\/wp\/v2\/media?parent=122746"}],"wp:term":[{"taxonomy":"category","embeddable":true,"href":"https:\/\/gazdasagportal.hu\/index.php\/wp-json\/wp\/v2\/categories?post=122746"},{"taxonomy":"post_tag","embeddable":true,"href":"https:\/\/gazdasagportal.hu\/index.php\/wp-json\/wp\/v2\/tags?post=122746"}],"curies":[{"name":"wp","href":"https:\/\/api.w.org\/{rel}","templated":true}]}}