{"id":122742,"date":"2020-01-06T11:33:06","date_gmt":"2020-01-06T10:33:06","guid":{"rendered":"http:\/\/gazdasagportal.hu\/?p=122742"},"modified":"2020-01-06T11:33:06","modified_gmt":"2020-01-06T10:33:06","slug":"a-keresetek-tavalyinal-valamivel-enyhebb-novekedesere-szamitanak-az-elemzok","status":"publish","type":"post","link":"https:\/\/gazdasagportal.hu\/index.php\/a-keresetek-tavalyinal-valamivel-enyhebb-novekedesere-szamitanak-az-elemzok\/","title":{"rendered":"A keresetek tavalyin\u00e1l valamivel enyh\u00e9bb n\u00f6veked\u00e9s\u00e9re sz\u00e1m\u00edtanak az elemz\u0151k"},"content":{"rendered":"<p><strong>A keresetek tavalyin\u00e1l valamivel enyh\u00e9bb n\u00f6veked\u00e9s\u00e9re sz\u00e1m\u00edtanak az MTI-nek nyilatkoz\u00f3 elemz\u0151k az idei \u00e9vben is, amiben a kor\u00e1bbin\u00e1l nagyobb szerepet j\u00e1tszhatnak majd a korm\u00e1nyzati int\u00e9zked\u00e9sek.<\/strong><!--more--><\/p>\n<div class=\"ads-in-post2\"><script async src=\"https:\/\/pagead2.googlesyndication.com\/pagead\/js\/adsbygoogle.js\"><\/script>\r\n<ins class=\"adsbygoogle\"\r\n     style=\"display:block\"\r\n     data-ad-format=\"fluid\"\r\n     data-ad-layout-key=\"-6t+ed+2i-1n-4w\"\r\n     data-ad-client=\"ca-pub-1959107119989764\"\r\n     data-ad-slot=\"4008251320\"><\/ins>\r\n<script>\r\n     (adsbygoogle = window.adsbygoogle || []).push({});\r\n<\/script><\/div>\n<p>    A K\u00f6zponti Statisztikai Hivatal (KSH) h\u00e9tf\u0151n kiadott   jelent\u00e9se szerint tavaly okt\u00f3berben a brutt\u00f3 \u00e1tlagkereset 11,6 sz\u00e1zal\u00e9kkal volt magasabb, mint egy \u00e9vvel kor\u00e1bban. Az okt\u00f3beri 2,9 sz\u00e1zal\u00e9kos infl\u00e1ci\u00f3val sz\u00e1molva az okt\u00f3beri re\u00e1lkeresetek 8,5 sz\u00e1zal\u00e9kkal voltak magasabbak az egy \u00e9vvel kor\u00e1bbiakn\u00e1l. A v\u00e1llalkoz\u00e1sokn\u00e1l 11,5 sz\u00e1zal\u00e9kkal 378 ezer forintra n\u0151ttek a brutt\u00f3 \u00e1tlagkeresetek tavaly okt\u00f3berre, a k\u00f6lts\u00e9gvet\u00e9si szektorban &#8211; k\u00f6zfoglalkoztatottak n\u00e9lk\u00fcl sz\u00e1molva &#8211; 10,7 sz\u00e1zal\u00e9kos n\u00f6veked\u00e9ssel 374 ezer forint volt a brutt\u00f3 \u00e1tlagkereset.<br \/>\n    Virov\u00e1cz P\u00e9ter, az ING Bank vezet\u0151 elemz\u0151je az MTI-hez eljuttatott komment\u00e1rj\u00e1ban arra h\u00edvta fel a figyelmet, hogy<br \/>\na szoci\u00e1lis hozz\u00e1j\u00e1rul\u00e1si ad\u00f3 cs\u00f6kkent\u00e9se, az \u00e1llami szf\u00e9ra egyes ter\u00fcleteit \u00e9rint\u0151 b\u00e9rmeg\u00e1llapod\u00e1sok \u00e9s a munkaer\u0151hi\u00e1ny egy\u00fctt tartotta m\u00e9g okt\u00f3berben is k\u00e9tsz\u00e1mjegy\u0171 szinten a b\u00e9rn\u00f6veked\u00e9st. Ez v\u00e1rhat\u00f3an a tavalyi \u00e9v utols\u00f3 k\u00e9t h\u00f3napj\u00e1ban is kitart majd, de 2020-ban m\u00e1r egysz\u00e1mjegy\u0171re lassulhat a b\u00e9rdinamika, d\u00f6nt\u0151en a munkaer\u0151hi\u00e1ny kis m\u00e9rt\u00e9k\u0171 m\u00e9rs\u00e9kl\u0151d\u00e9se miatt. Ugyanakkor k\u00f6nnyen lehet, hogy \u00e9v k\u00f6zben bejelentenek \u00fajabb b\u00e9rrendez\u00e9seket a k\u00f6zszf\u00e9r\u00e1ban, \u00edgy egy\u00e1ltal\u00e1n nem z\u00e1rhat\u00f3 ki, hogy id\u00e9n is 10 sz\u00e1zal\u00e9k felett emelkedjenek a b\u00e9rek.<br \/>\n<div class=\"ads-in-post1\"><div id=\"gazdasagportal.hu_fullbanner_wideboard\"><\/div>\r\n<\/div>\n    Horv\u00e1th Andr\u00e1s, a Takar\u00e9kbank vezet\u0151 elemz\u0151j\u00e9nek meg\u00edt\u00e9l\u00e9se szerint okt\u00f3berben a k\u00e9pzett munkaer\u0151 egyre fokozottabb hi\u00e1nya \u00e9s a b\u00e9rminimum emel\u00e9sek hat\u00e1s\u00e1ra n\u0151ttek a brutt\u00f3 b\u00e9rek a v\u00e1rakoz\u00e1sokat n\u00e9mileg meghalad\u00f3 m\u00e9rt\u00e9kben. 2020-ra a meg\u00e1llap\u00edtott ism\u00e9telten 8 sz\u00e1zal\u00e9kkal n\u00f6vekv\u0151 b\u00e9rminimumok miatt is 9 sz\u00e1zal\u00e9kot v\u00e1rhat\u00f3an meghalad\u00f3 b\u00e9rn\u00f6veked\u00e9st v\u00e1rnak a Takar\u00e9kbank elemz\u0151i, ami 5,5 sz\u00e1zal\u00e9k k\u00f6r\u00fcli re\u00e1lb\u00e9r n\u00f6veked\u00e9st jelent. A tov\u00e1bbra is kifesz\u00edtett munkaer\u0151piac \u00e9s a rekord alacsony munkan\u00e9lk\u00fclis\u00e9g miatt a b\u00e9rn\u00f6veked\u00e9s dinamik\u00e1ja a k\u00f6vetkez\u0151 id\u0151szakban is hasonl\u00f3an intenz\u00edv marad.<br \/>\n    Reg\u0151s G\u00e1bor, a Sz\u00e1zadv\u00e9g Gazdas\u00e1gkutat\u00f3 makrogazdas\u00e1gi \u00fczlet\u00e1g\u00e1nak vezet\u0151je kiemelte, hogy okt\u00f3berben a versenyszf\u00e9r\u00e1ban \u00e9s a k\u00f6zszf\u00e9r\u00e1ban hasonl\u00f3 volt a b\u00e9rek n\u00f6veked\u00e9s\u00e9nek \u00fcteme, mert a k\u00f6zszf\u00e9ra egy r\u00e9sz\u00e9n &#8211; p\u00e9ld\u00e1ul eg\u00e9szs\u00e9g\u00fcgy egyes ter\u00fcletein &#8211; a b\u00e9rek rendez\u00e9s\u00e9re ker\u00fclt sor. 2020-ban a b\u00e9rek tavalyin\u00e1l n\u00e9mileg lassabb, de tov\u00e1bbra is er\u0151teljes n\u00f6veked\u00e9s\u00e9re sz\u00e1m\u00edtanak a Sz\u00e1zadv\u00e9g elemz\u0151i, az \u00e1tlagos n\u00f6veked\u00e9s megk\u00f6zel\u00edtheti a 10 sz\u00e1zal\u00e9kot. Ebben fontos szerepet j\u00e1tszhatnak majd a k\u00f6zszf\u00e9ra b\u00e9rrendez\u00e9sei is, amelyeket t\u00f6bb ter\u00fcleten (p\u00e9ld\u00e1ul oktat\u00e1s) is folytatni kell a munkaer\u0151 elv\u00e1ndorl\u00e1s\u00e1nak megakad\u00e1lyoz\u00e1sa \u00e9rdek\u00e9ben. A szoci\u00e1lis hozz\u00e1j\u00e1rul\u00e1si ad\u00f3 idei esetleges tov\u00e1bbi cs\u00f6kkent\u00e9se szint\u00e9n a b\u00e9rek n\u00f6veked\u00e9s\u00e9nek ir\u00e1ny\u00e1ba hathat. A versenyszf\u00e9ra b\u00e9remel\u00e9seit ugyanakkor m\u00e9rs\u00e9kli a k\u00fcls\u0151 k\u00f6rnyezet bizonytalans\u00e1ga.(MTI)<\/p>\n","protected":false},"excerpt":{"rendered":"<p>A keresetek tavalyin\u00e1l valamivel enyh\u00e9bb n\u00f6veked\u00e9s\u00e9re sz\u00e1m\u00edtanak az MTI-nek nyilatkoz\u00f3 elemz\u0151k az idei \u00e9vben is, amiben a kor\u00e1bbin\u00e1l nagyobb szerepet j\u00e1tszhatnak majd a korm\u00e1nyzati int\u00e9zked\u00e9sek.<\/p>\n","protected":false},"author":1,"featured_media":0,"comment_status":"closed","ping_status":"open","sticky":false,"template":"","format":"standard","meta":[],"categories":[19],"tags":[],"_links":{"self":[{"href":"https:\/\/gazdasagportal.hu\/index.php\/wp-json\/wp\/v2\/posts\/122742"}],"collection":[{"href":"https:\/\/gazdasagportal.hu\/index.php\/wp-json\/wp\/v2\/posts"}],"about":[{"href":"https:\/\/gazdasagportal.hu\/index.php\/wp-json\/wp\/v2\/types\/post"}],"author":[{"embeddable":true,"href":"https:\/\/gazdasagportal.hu\/index.php\/wp-json\/wp\/v2\/users\/1"}],"replies":[{"embeddable":true,"href":"https:\/\/gazdasagportal.hu\/index.php\/wp-json\/wp\/v2\/comments?post=122742"}],"version-history":[{"count":1,"href":"https:\/\/gazdasagportal.hu\/index.php\/wp-json\/wp\/v2\/posts\/122742\/revisions"}],"predecessor-version":[{"id":122743,"href":"https:\/\/gazdasagportal.hu\/index.php\/wp-json\/wp\/v2\/posts\/122742\/revisions\/122743"}],"wp:attachment":[{"href":"https:\/\/gazdasagportal.hu\/index.php\/wp-json\/wp\/v2\/media?parent=122742"}],"wp:term":[{"taxonomy":"category","embeddable":true,"href":"https:\/\/gazdasagportal.hu\/index.php\/wp-json\/wp\/v2\/categories?post=122742"},{"taxonomy":"post_tag","embeddable":true,"href":"https:\/\/gazdasagportal.hu\/index.php\/wp-json\/wp\/v2\/tags?post=122742"}],"curies":[{"name":"wp","href":"https:\/\/api.w.org\/{rel}","templated":true}]}}