{"id":122740,"date":"2020-01-06T10:49:51","date_gmt":"2020-01-06T09:49:51","guid":{"rendered":"http:\/\/gazdasagportal.hu\/?p=122740"},"modified":"2020-01-06T10:49:51","modified_gmt":"2020-01-06T09:49:51","slug":"szakerto-regionalis-haboruhoz-vezethet-iran-es-az-egyesult-allamok-konfliktusa","status":"publish","type":"post","link":"https:\/\/gazdasagportal.hu\/index.php\/szakerto-regionalis-haboruhoz-vezethet-iran-es-az-egyesult-allamok-konfliktusa\/","title":{"rendered":"Szak\u00e9rt\u0151: region\u00e1lis h\u00e1bor\u00fahoz vezethet Ir\u00e1n \u00e9s az Egyes\u00fclt \u00c1llamok konfliktusa"},"content":{"rendered":"<p><strong>Izrael r\u00e9szv\u00e9tel\u00e9vel zajl\u00f3 region\u00e1lis h\u00e1bor\u00fahoz vezethet az Egyes\u00fclt \u00c1llamok \u00e9s Ir\u00e1n konfliktusa, az ir\u00e1ni atomprogram \u00fajraind\u00edt\u00e1sa &#8211; jelentette ki a Nemzeti K\u00f6zszolg\u00e1lati Egyetem professzora az M1 aktu\u00e1lis csatorna h\u00e9tf\u0151i m\u0171sor\u00e1ban.<\/strong><!--more--><\/p>\n<div class=\"ads-in-post2\"><script async src=\"https:\/\/pagead2.googlesyndication.com\/pagead\/js\/adsbygoogle.js\"><\/script>\r\n<ins class=\"adsbygoogle\"\r\n     style=\"display:block\"\r\n     data-ad-format=\"fluid\"\r\n     data-ad-layout-key=\"-6t+ed+2i-1n-4w\"\r\n     data-ad-client=\"ca-pub-1959107119989764\"\r\n     data-ad-slot=\"4008251320\"><\/ins>\r\n<script>\r\n     (adsbygoogle = window.adsbygoogle || []).push({});\r\n<\/script><\/div>\n<p>    Izrael kor\u00e1ban deklar\u00e1lta, hogy meg fogja akad\u00e1lyozni az ir\u00e1ni atomfegyver kifejleszt\u00e9s\u00e9t. Az Ir\u00e1ni Forradalmi G\u00e1rd\u00e1val sz\u00f6vets\u00e9ges mil\u00edci\u00e1k pedig k\u00e9szen \u00e1llnak amerikai c\u00e9lpontok elleni mer\u00e9nyletekre &#8211; magyar\u00e1zta Kis-Benedek J\u00f3zsef.<br \/>\n    A biztons\u00e1gpolitikai szak\u00e9rt\u0151 azt mondta, a K\u00e1szim Szulejm\u00e1ni t\u00e1bornok, az ir\u00e1ni K\u00f6zt\u00e1rsas\u00e1gi G\u00e1rda al-Kudsz Brig\u00e1djai nev\u0171 k\u00fcl\u00f6nleges egys\u00e9g\u00e9nek parancsnoka elleni t\u00e1mad\u00e1st az v\u00e1ltotta ki, hogy Ir\u00e1n \u00e1tl\u00e9pett egy &#8222;v\u00f6r\u00f6s vonalat&#8221; az Egyes\u00fclt \u00c1llamok bagdadi nagyk\u00f6vets\u00e9g\u00e9nek megt\u00e1mad\u00e1s\u00e1val.<br \/>\n<div class=\"ads-in-post1\"><div id=\"gazdasagportal.hu_fullbanner_wideboard\"><\/div>\r\n<\/div>\n    Az elm\u00falt id\u0151szakban, p\u00e9ld\u00e1ul a sza\u00fadi olajl\u00e9tes\u00edtm\u00e9nyek elleni vagy a Hormuzi szorosban k\u00f6zleked\u0151 haj\u00f3k elleni t\u00e1mad\u00e1ssal Ir\u00e1n t\u00f6bb olyan akci\u00f3t is v\u00e9grehajtott, amelyek k\u00f6zvetlen\u00fcl vesz\u00e9lyeztetik az Egyes\u00fclt \u00c1llamok \u00e9s sz\u00f6vets\u00e9gesei biztons\u00e1g\u00e1t &#8211; sorolta a szak\u00e9rt\u0151.(MTI)<\/p>\n","protected":false},"excerpt":{"rendered":"<p>Izrael r\u00e9szv\u00e9tel\u00e9vel zajl\u00f3 region\u00e1lis h\u00e1bor\u00fahoz vezethet az Egyes\u00fclt \u00c1llamok \u00e9s Ir\u00e1n konfliktusa, az ir\u00e1ni atomprogram \u00fajraind\u00edt\u00e1sa &#8211; jelentette ki a Nemzeti K\u00f6zszolg\u00e1lati Egyetem professzora az M1 aktu\u00e1lis csatorna h\u00e9tf\u0151i m\u0171sor\u00e1ban.<\/p>\n","protected":false},"author":1,"featured_media":0,"comment_status":"closed","ping_status":"open","sticky":false,"template":"","format":"standard","meta":[],"categories":[13,16],"tags":[],"_links":{"self":[{"href":"https:\/\/gazdasagportal.hu\/index.php\/wp-json\/wp\/v2\/posts\/122740"}],"collection":[{"href":"https:\/\/gazdasagportal.hu\/index.php\/wp-json\/wp\/v2\/posts"}],"about":[{"href":"https:\/\/gazdasagportal.hu\/index.php\/wp-json\/wp\/v2\/types\/post"}],"author":[{"embeddable":true,"href":"https:\/\/gazdasagportal.hu\/index.php\/wp-json\/wp\/v2\/users\/1"}],"replies":[{"embeddable":true,"href":"https:\/\/gazdasagportal.hu\/index.php\/wp-json\/wp\/v2\/comments?post=122740"}],"version-history":[{"count":1,"href":"https:\/\/gazdasagportal.hu\/index.php\/wp-json\/wp\/v2\/posts\/122740\/revisions"}],"predecessor-version":[{"id":122741,"href":"https:\/\/gazdasagportal.hu\/index.php\/wp-json\/wp\/v2\/posts\/122740\/revisions\/122741"}],"wp:attachment":[{"href":"https:\/\/gazdasagportal.hu\/index.php\/wp-json\/wp\/v2\/media?parent=122740"}],"wp:term":[{"taxonomy":"category","embeddable":true,"href":"https:\/\/gazdasagportal.hu\/index.php\/wp-json\/wp\/v2\/categories?post=122740"},{"taxonomy":"post_tag","embeddable":true,"href":"https:\/\/gazdasagportal.hu\/index.php\/wp-json\/wp\/v2\/tags?post=122740"}],"curies":[{"name":"wp","href":"https:\/\/api.w.org\/{rel}","templated":true}]}}