{"id":122706,"date":"2020-01-04T10:41:11","date_gmt":"2020-01-04T09:41:11","guid":{"rendered":"http:\/\/gazdasagportal.hu\/?p=122706"},"modified":"2020-01-04T10:02:27","modified_gmt":"2020-01-04T09:02:27","slug":"szakerto-a-technologiai-megoldasok-adhatnak-valaszt-a-klimakerdesre","status":"publish","type":"post","link":"https:\/\/gazdasagportal.hu\/index.php\/szakerto-a-technologiai-megoldasok-adhatnak-valaszt-a-klimakerdesre\/","title":{"rendered":"Szak\u00e9rt\u0151: a technol\u00f3giai megold\u00e1sok adhatnak v\u00e1laszt a kl\u00edmak\u00e9rd\u00e9sre"},"content":{"rendered":"<p><strong>A kl\u00edmak\u00e9rd\u00e9sre a technol\u00f3giai megold\u00e1sok jelenthetik a v\u00e1laszt &#8211; mondta Ferencz Orsolya \u0171rkutat\u00e1s\u00e9rt felel\u0151s miniszteri biztos az M1 aktu\u00e1lis csatorna p\u00e9ntek esti m\u0171sor\u00e1ban.<\/strong><!--more--><\/p>\n<div class=\"ads-in-post2\"><script async src=\"https:\/\/pagead2.googlesyndication.com\/pagead\/js\/adsbygoogle.js\"><\/script>\r\n<ins class=\"adsbygoogle\"\r\n     style=\"display:block\"\r\n     data-ad-format=\"fluid\"\r\n     data-ad-layout-key=\"-6t+ed+2i-1n-4w\"\r\n     data-ad-client=\"ca-pub-1959107119989764\"\r\n     data-ad-slot=\"4008251320\"><\/ins>\r\n<script>\r\n     (adsbygoogle = window.adsbygoogle || []).push({});\r\n<\/script><\/div>\n<p>    \u00dagy fogalmazott: a probl\u00e9ma abb\u00f3l ad\u00f3dik, hogy az iparosod\u00e1s \u00f3ta az emberis\u00e9g a k\u00fcl\u00f6nb\u00f6z\u0151 technol\u00f3gi\u00e1kkal olyan sok szennyez\u00e9st okozott a l\u00e9gk\u00f6rnek \u00e9s a F\u00f6ldnek, ami val\u00f3ban komoly vesz\u00e9lyforr\u00e1st jelent a bioszf\u00e9r\u00e1ra. Erre a v\u00e1lasz kiz\u00e1r\u00f3lag az lehet, hogy az emberek technol\u00f3giailag megpr\u00f3b\u00e1lj\u00e1k megtal\u00e1lni a megold\u00e1sokat, \u00e9s \u00fagy igaz\u00edtj\u00e1k az \u00e9letform\u00e1jukat, hogy az a bioszf\u00e9r\u00e1val harmonikus legyen.<br \/>\n    A miniszteri biztos szerint az els\u0151sorban baloldali, magukat z\u00f6ldnek nevez\u0151 politikai p\u00e1rtok teljes m\u00e9rt\u00e9kben szakmaiatlanul haszn\u00e1lj\u00e1k fel a kl\u00edmak\u00e9rd\u00e9st az\u00e9rt, hogy a hatalom k\u00f6zel\u00e9be jussanak.<br \/>\n    Ferencz Orsolya kiemelte: a probl\u00e9m\u00e1t akkor lehet hat\u00e9konyabban kezelni az eddigiekn\u00e9l, ha t\u00e9nyleg annak kezel\u00e9s\u00e9re koncentr\u00e1lunk.(MTI)<br \/>\n<div class=\"ads-in-post1\"><div id=\"gazdasagportal.hu_fullbanner_wideboard\"><\/div>\r\n<\/div>\n","protected":false},"excerpt":{"rendered":"<p>A kl\u00edmak\u00e9rd\u00e9sre a technol\u00f3giai megold\u00e1sok jelenthetik a v\u00e1laszt &#8211; mondta Ferencz Orsolya \u0171rkutat\u00e1s\u00e9rt felel\u0151s miniszteri biztos az M1 aktu\u00e1lis csatorna p\u00e9ntek esti m\u0171sor\u00e1ban.<\/p>\n","protected":false},"author":1001003,"featured_media":0,"comment_status":"closed","ping_status":"open","sticky":false,"template":"","format":"standard","meta":[],"categories":[19],"tags":[],"_links":{"self":[{"href":"https:\/\/gazdasagportal.hu\/index.php\/wp-json\/wp\/v2\/posts\/122706"}],"collection":[{"href":"https:\/\/gazdasagportal.hu\/index.php\/wp-json\/wp\/v2\/posts"}],"about":[{"href":"https:\/\/gazdasagportal.hu\/index.php\/wp-json\/wp\/v2\/types\/post"}],"author":[{"embeddable":true,"href":"https:\/\/gazdasagportal.hu\/index.php\/wp-json\/wp\/v2\/users\/1001003"}],"replies":[{"embeddable":true,"href":"https:\/\/gazdasagportal.hu\/index.php\/wp-json\/wp\/v2\/comments?post=122706"}],"version-history":[{"count":1,"href":"https:\/\/gazdasagportal.hu\/index.php\/wp-json\/wp\/v2\/posts\/122706\/revisions"}],"predecessor-version":[{"id":122707,"href":"https:\/\/gazdasagportal.hu\/index.php\/wp-json\/wp\/v2\/posts\/122706\/revisions\/122707"}],"wp:attachment":[{"href":"https:\/\/gazdasagportal.hu\/index.php\/wp-json\/wp\/v2\/media?parent=122706"}],"wp:term":[{"taxonomy":"category","embeddable":true,"href":"https:\/\/gazdasagportal.hu\/index.php\/wp-json\/wp\/v2\/categories?post=122706"},{"taxonomy":"post_tag","embeddable":true,"href":"https:\/\/gazdasagportal.hu\/index.php\/wp-json\/wp\/v2\/tags?post=122706"}],"curies":[{"name":"wp","href":"https:\/\/api.w.org\/{rel}","templated":true}]}}