{"id":122702,"date":"2020-01-04T12:56:15","date_gmt":"2020-01-04T11:56:15","guid":{"rendered":"http:\/\/gazdasagportal.hu\/?p=122702"},"modified":"2020-01-04T09:57:47","modified_gmt":"2020-01-04T08:57:47","slug":"josep-borrell-a-legnagyobb-merteku-visszafogottsagra-van-szukseg-a-jelenlegi-kozel-keleti-helyzetben","status":"publish","type":"post","link":"https:\/\/gazdasagportal.hu\/index.php\/josep-borrell-a-legnagyobb-merteku-visszafogottsagra-van-szukseg-a-jelenlegi-kozel-keleti-helyzetben\/","title":{"rendered":"Josep Borrell: a legnagyobb m\u00e9rt\u00e9k\u0171 visszafogotts\u00e1gra van sz\u00fcks\u00e9g a jelenlegi k\u00f6zel-keleti helyzetben"},"content":{"rendered":"<p><strong>Visszafogotts\u00e1gra \u00e9s felel\u0151ss\u00e9gv\u00e1llal\u00e1sra sz\u00f3l\u00edtott fel p\u00e9nteken Br\u00fcsszelben Josep Borrel, az Eur\u00f3pai Uni\u00f3 k\u00fcl- \u00e9s biztons\u00e1gpolitikai f\u0151k\u00e9pvisel\u0151je a K\u00e1szim Szulejm\u00e1ni ir\u00e1ni t\u00e1bornok hal\u00e1l\u00e1t k\u00f6vet\u0151 fesz\u00fclt nemzetk\u00f6zi helyzetben.<\/strong><!--more--><\/p>\n<div class=\"ads-in-post2\"><script async src=\"https:\/\/pagead2.googlesyndication.com\/pagead\/js\/adsbygoogle.js\"><\/script>\r\n<ins class=\"adsbygoogle\"\r\n     style=\"display:block\"\r\n     data-ad-format=\"fluid\"\r\n     data-ad-layout-key=\"-6t+ed+2i-1n-4w\"\r\n     data-ad-client=\"ca-pub-1959107119989764\"\r\n     data-ad-slot=\"4008251320\"><\/ins>\r\n<script>\r\n     (adsbygoogle = window.adsbygoogle || []).push({});\r\n<\/script><\/div>\n<p>    A politikus Charles Michel, az Eur\u00f3pai Tan\u00e1cs eln\u00f6ke ut\u00e1n m\u00e1sodikk\u00e9nt reag\u00e1lt a p\u00e9ntek reggeli bagdadi amerikai l\u00e9gicsap\u00e1sra, amelyben Szulejm\u00e1ni mellett meg\u00f6lt\u00e9k Abu Mahdi al-Muhandiszt, a N\u00e9pi Mozg\u00f3s\u00edt\u00e1si Er\u0151k nev\u0171, ir\u00e1ni t\u00e1mogat\u00e1st \u00e9lvez\u0151 milicist\u00e1kat t\u00f6m\u00f6r\u00edt\u0151 erny\u0151szervezet vezet\u0151j\u00e9t is.<br \/>\n    &#8222;Meg kell \u00e1ll\u00edtani az er\u0151szak k\u00f6rforg\u00e1s\u00e1t, miel\u0151tt teljesen ellen\u0151rizhetetlenn\u00e9 v\u00e1lik. Az \u00f6sszes \u00e9rintett f\u00e9lnek a legnagyobb m\u00e9rt\u00e9k\u0171 visszafogotts\u00e1got kell gyakorolnia \u00e9s felel\u0151ss\u00e9get tan\u00fas\u00edtani ebben a kritikus helyzetben &#8221; &#8211; hangs\u00falyozta sajt\u00f3k\u00f6zlem\u00e9ny\u00e9ben Borrell.<br \/>\n<div class=\"ads-in-post1\"><div id=\"gazdasagportal.hu_fullbanner_wideboard\"><\/div>\r\n<\/div>\n     Az uni\u00f3s vezet\u0151 kijelentette, hogy a jelenlegi v\u00e1ls\u00e1g \u00e9vek stabiliz\u00e1ci\u00f3s er\u0151fesz\u00edt\u00e9seit vesz\u00e9lyezteti Irakban. A fesz\u00fclts\u00e9g fokoz\u00f3d\u00e1sa az eg\u00e9sz r\u00e9gi\u00f3t is fenyegeti &#8211; tette hozz\u00e1. P\u00e1rbesz\u00e9dre van sz\u00fcks\u00e9g ahhoz hogy a K\u00f6zel-Kelet hossz\u00fa t\u00e1von stabil maradjon. Az EU k\u00e9szen \u00e1ll  mindegyik f\u00e9llel egy\u00fcttm\u0171k\u00f6dni annak \u00e9rdek\u00e9ben, hogy hat\u00e1stalan\u00edtsa a fesz\u00fclts\u00e9get, \u00e9s elker\u00fclje a v\u00e1ls\u00e1got, amely vesz\u00e9lybe sodorja az \u00e9vek sor\u00e1n Irak stabiliz\u00e1ci\u00f3j\u00e1ra tett er\u0151fesz\u00edt\u00e9seket &#8211; k\u00f6z\u00f6lte.<br \/>\n    &#8222;A kialakul\u00f3 v\u00e1ls\u00e1g fenyegeti az eg\u00e9sz r\u00e9gi\u00f3t, amely m\u00e9rhetetlen\u00fcl szenved, \u00e9s amelynek lakoss\u00e1ga meg\u00e9rdemli, hogy v\u00e9gre b\u00e9k\u00e9ben \u00e9ljen. Tov\u00e1bbi p\u00e1rbesz\u00e9dre \u00e9s er\u0151fesz\u00edt\u00e9sre van sz\u00fcks\u00e9g a k\u00f6lcs\u00f6n\u00f6s meg\u00e9rt\u00e9s el\u0151seg\u00edt\u00e9se \u00e9rdek\u00e9ben, valamint az\u00e9rt, hogy hossz\u00fa t\u00e1v\u00fa megold\u00e1sokat dolgozzanak ki a K\u00f6zel-Kelet stabiliz\u00e1l\u00e1s\u00e1ra&#8221; &#8211; hangoztatta Josep Borrell.(MTI)<\/p>\n","protected":false},"excerpt":{"rendered":"<p>Visszafogotts\u00e1gra \u00e9s felel\u0151ss\u00e9gv\u00e1llal\u00e1sra sz\u00f3l\u00edtott fel p\u00e9nteken Br\u00fcsszelben Josep Borrel, az Eur\u00f3pai Uni\u00f3 k\u00fcl- \u00e9s biztons\u00e1gpolitikai f\u0151k\u00e9pvisel\u0151je a K\u00e1szim Szulejm\u00e1ni ir\u00e1ni t\u00e1bornok hal\u00e1l\u00e1t k\u00f6vet\u0151 fesz\u00fclt nemzetk\u00f6zi helyzetben.<\/p>\n","protected":false},"author":1001003,"featured_media":0,"comment_status":"closed","ping_status":"open","sticky":false,"template":"","format":"standard","meta":[],"categories":[13,16],"tags":[],"_links":{"self":[{"href":"https:\/\/gazdasagportal.hu\/index.php\/wp-json\/wp\/v2\/posts\/122702"}],"collection":[{"href":"https:\/\/gazdasagportal.hu\/index.php\/wp-json\/wp\/v2\/posts"}],"about":[{"href":"https:\/\/gazdasagportal.hu\/index.php\/wp-json\/wp\/v2\/types\/post"}],"author":[{"embeddable":true,"href":"https:\/\/gazdasagportal.hu\/index.php\/wp-json\/wp\/v2\/users\/1001003"}],"replies":[{"embeddable":true,"href":"https:\/\/gazdasagportal.hu\/index.php\/wp-json\/wp\/v2\/comments?post=122702"}],"version-history":[{"count":1,"href":"https:\/\/gazdasagportal.hu\/index.php\/wp-json\/wp\/v2\/posts\/122702\/revisions"}],"predecessor-version":[{"id":122703,"href":"https:\/\/gazdasagportal.hu\/index.php\/wp-json\/wp\/v2\/posts\/122702\/revisions\/122703"}],"wp:attachment":[{"href":"https:\/\/gazdasagportal.hu\/index.php\/wp-json\/wp\/v2\/media?parent=122702"}],"wp:term":[{"taxonomy":"category","embeddable":true,"href":"https:\/\/gazdasagportal.hu\/index.php\/wp-json\/wp\/v2\/categories?post=122702"},{"taxonomy":"post_tag","embeddable":true,"href":"https:\/\/gazdasagportal.hu\/index.php\/wp-json\/wp\/v2\/tags?post=122702"}],"curies":[{"name":"wp","href":"https:\/\/api.w.org\/{rel}","templated":true}]}}