{"id":122698,"date":"2020-01-04T09:51:29","date_gmt":"2020-01-04T08:51:29","guid":{"rendered":"http:\/\/gazdasagportal.hu\/?p=122698"},"modified":"2020-01-04T20:19:14","modified_gmt":"2020-01-04T19:19:14","slug":"az-amerikai-sajtoban-reszletek-jelentek-meg-szulejmani-likvidalasanak-elozmenyeirol","status":"publish","type":"post","link":"https:\/\/gazdasagportal.hu\/index.php\/az-amerikai-sajtoban-reszletek-jelentek-meg-szulejmani-likvidalasanak-elozmenyeirol\/","title":{"rendered":"Az amerikai sajt\u00f3ban r\u00e9szletek jelentek meg Szulejm\u00e1ni likvid\u00e1l\u00e1s\u00e1nak el\u0151zm\u00e9nyeir\u0151l"},"content":{"rendered":"<p><strong>Az amerikai sajt\u00f3ban egym\u00e1s ut\u00e1n jelennek meg r\u00e9szletek K\u00e1szem Szulejm\u00e1ni ir\u00e1ni t\u00e1bornok \u00e9s Abu Mahdi al-Muhandisz iraki milicista vezet\u0151 p\u00e9nteki bagdadi likvid\u00e1l\u00e1s\u00e1nak el\u0151zm\u00e9nyeir\u0151l.<\/strong><!--more--><\/p>\n<div class=\"ads-in-post2\"><script async src=\"https:\/\/pagead2.googlesyndication.com\/pagead\/js\/adsbygoogle.js\"><\/script>\r\n<ins class=\"adsbygoogle\"\r\n     style=\"display:block\"\r\n     data-ad-format=\"fluid\"\r\n     data-ad-layout-key=\"-6t+ed+2i-1n-4w\"\r\n     data-ad-client=\"ca-pub-1959107119989764\"\r\n     data-ad-slot=\"4008251320\"><\/ins>\r\n<script>\r\n     (adsbygoogle = window.adsbygoogle || []).push({});\r\n<\/script><\/div>\n<p>    A The Wall Street Journal c\u00edm\u0171 lap szombati inform\u00e1ci\u00f3i szerint Donald Trump amerikai eln\u00f6k nem cs\u00fct\u00f6rt\u00f6k\u00f6n hozott d\u00f6nt\u00e9st a Szulejm\u00e1ni \u00e9s Al-Muhandisz elleni c\u00e9lzott t\u00e1mad\u00e1sr\u00f3l, hanem m\u00e9g december 27-\u00e9n, azt k\u00f6vet\u0151en, hogy az Ir\u00e1n t\u00e1mogat\u00e1s\u00e1t \u00e9lvez\u0151 milicist\u00e1k az iraki Kirkuk k\u00f6zel\u00e9ben l\u00e9v\u0151 amerikai t\u00e1maszpont ellen t\u00e1mad\u00e1st int\u00e9ztek, amelyben \u00e9let\u00e9t vesztette az amerikai hadsereg egyik alv\u00e1llalkoz\u00f3ja &#8211; egy nyelv\u00e9sz &#8211; is.        Az amerikai h\u00edrszerz\u00e9s \u00e9s biztons\u00e1gi szolg\u00e1latok akkor &#8211; a lap inform\u00e1ci\u00f3i szerint &#8211; egybehangz\u00f3an arr\u00f3l t\u00e1j\u00e9koztatt\u00e1k a kar\u00e1csonyi \u00fcnnepeket m\u00e1r a floridai vill\u00e1j\u00e1ban t\u00f6lt\u0151 Trumpot, hogy az amerikai \u00e9rdekelts\u00e9gek elleni mer\u00e9nyleteket K\u00e1szem Szulejm\u00e1ni ir\u00e1ny\u00edtotta, \u00e9s Libanonban, Sz\u00edri\u00e1ban, valamint Irakban tov\u00e1bbi offenz\u00edv\u00e1kat k\u00e9sz\u00edt el\u0151.       A Feh\u00e9r H\u00e1z egyik, neve elhallgat\u00e1s\u00e1t k\u00e9r\u0151 tiszts\u00e9gvisel\u0151je a The Wall Street Journal munkat\u00e1rs\u00e1nak elmondta: Mike Pompeo k\u00fcl\u00fcgyminiszter, Mark Esper, a v\u00e9delmi t\u00e1rca ir\u00e1ny\u00edt\u00f3ja \u00e9s Mark Milley t\u00e1bornok, a vez\u00e9rkari f\u0151n\u00f6k\u00f6k egyes\u00edtett bizotts\u00e1g\u00e1nak vezet\u0151je akkor vitatta meg a floridai Mar-a-Lago vill\u00e1ban Trumppal a kialakult helyzetet. Meggy\u0151zt\u00e9k \u0151t arr\u00f3l: &#8222;most van \u00e9sszer\u0171 es\u00e9ly arra&#8221;, hogy a csap\u00e1sm\u00e9r\u00e9ssel nem h\u00e1bor\u00fat robbantanak ki, hanem az Ir\u00e1non bel\u00fcli &#8222;m\u00e9rs\u00e9kelt er\u0151ket&#8221; er\u0151s\u00edtik. A politikusok r\u00e9szletesen megvitatt\u00e1k a csap\u00e1sm\u00e9r\u00e9s jogi h\u00e1tter\u00e9t is, azt, hogy Szulejm\u00e1ni\u00e9k likvid\u00e1l\u00e1sa min\u0151s\u00edthet\u0151-e \u00f6nv\u00e9delemnek.<br \/>\n    Washington tiszt\u00e1ban volt azzal, hogy a Mar-a-Lag\u00f3ban t\u00f6rt\u00e9nt egyeztet\u00e9s ut\u00e1n \u00f6t nappal Szulejm\u00e1ni Bagdadba \u00e9rkezik rep\u00fcl\u0151vel. &#8222;Ekkor v\u00e1lt alkalmas c\u00e9lpontt\u00e1&#8221; &#8211; id\u00e9zte a Pentagon (amerikai v\u00e9delmi miniszt\u00e9rium) munkat\u00e1rs\u00e1t a The Wall Street Journal. A bagdadi nemzetk\u00f6zi rep\u00fcl\u0151t\u00e9rr\u0151l a f\u0151v\u00e1rosba bevezet\u0151 \u00faton ugyanis nagyon kev\u00e9s kij\u00e1rat van \u00e9s az utat v\u00e9gig magas fal \u00f6vezi. Ez az amerikai d\u00f6nt\u00e9shoz\u00f3k sz\u00e1m\u00e1ra &#8211; a lap megfogalmaz\u00e1sa szerint &#8211; &#8222;optim\u00e1lis helysz\u00edn volt a c\u00e9lzott likvid\u00e1l\u00e1shoz&#8221;.<br \/>\n    K\u00e1szem Szulejm\u00e1ni alig indult el a rep\u00fcl\u0151t\u00e9ri \u00faton, amikor a konvoj\u00e1t dr\u00f3nt\u00e1mad\u00e1s \u00e9rte.     A lap kit\u00e9rt arra is, hogy az el\u0151z\u0151 amerikai eln\u00f6k, Barack Obama korm\u00e1nyzata idej\u00e9n &#8211; amikor m\u00e1r tartottak az ir\u00e1ni atomprogramr\u00f3l foly\u00f3 t\u00e1rgyal\u00e1sok &#8211; Washington v\u00e9gig figyelemmel k\u00eds\u00e9rte K\u00e1szem Szulejm\u00e1ni tev\u00e9kenys\u00e9g\u00e9t, s\u0151t, hallgat\u00f3lagosan beleegyezett abba is, hogy az ir\u00e1ni t\u00e1bornok rep\u00fcl\u0151g\u00e9pe ugyanabban az iraki l\u00e9gikik\u00f6t\u0151ben parkoljon, ahol a k\u00fcl\u00f6nleges m\u0171veletek f\u0151parancsnoks\u00e1g\u00e1t vezet\u0151 Tony Thomas amerikai t\u00e1bornok rep\u00fcl\u0151je szokott \u00e1llni. A Pentagon egyik strat\u00e9g\u00e1ja ezt &#8222;nem hivatalos t\u0171zsz\u00fcnetk\u00e9nt&#8221; \u00e9rt\u00e9kelte.<br \/>\n<div class=\"ads-in-post1\"><div id=\"gazdasagportal.hu_fullbanner_wideboard\"><\/div>\r\n<\/div>\n    A The Wall Street Journal inform\u00e1ci\u00f3i szerint a Trump-korm\u00e1nyzat els\u0151 k\u00e9t \u00e9v\u00e9ben az illet\u00e9kes d\u00f6nt\u00e9shoz\u00f3k t\u00f6bbsz\u00f6r is megvitatt\u00e1k Szulejm\u00e1ni elt\u00e1vol\u00edt\u00e1s\u00e1nak lehet\u0151s\u00e9g\u00e9t. \u00c1m neh\u00e9z volt meghat\u00e1rozni a tart\u00f3zkod\u00e1si hely\u00e9t, ann\u00e1l is ink\u00e1bb, mivel nagyon ritk\u00e1n \u00e9s akkor is csup\u00e1n r\u00f6vid id\u0151re hagyta el Ir\u00e1nt. Ez\u00e9rt nem sz\u00fcletett d\u00f6nt\u00e9s a likvid\u00e1l\u00e1sr\u00f3l.<br \/>\n    Az amerikai k\u00f6zszolg\u00e1lati r\u00e1di\u00f3ban (NPR) elhangzott \u00f6ssze\u00e1ll\u00edt\u00e1s szerint Mike Pompe\u00f3nak m\u00e1r \u00e9vek \u00f3ta c\u00e9lkeresztj\u00e9ben volt az ir\u00e1ni t\u00e1bornok.<br \/>\n    Pompeo m\u00e1r 2015-ben &#8211; amikor m\u00e9g Kansas republik\u00e1nus k\u00e9pvisel\u0151je volt a washingtoni kongresszusban &#8211; rendszerv\u00e1ltoz\u00e1st szorgalmazott Ir\u00e1nban \u00e9s K\u00e1szem Szulejm\u00e1nit nevezte meg a m\u00e1sodik legfontosabb embernek perzsa f\u00f6ld\u00f6n. Akkor egy rendezv\u00e9nyen arr\u00f3l besz\u00e9lt, hogy Szulejm\u00e1ni kez\u00e9hez &#8222;amerikaiak sz\u00e1zainak v\u00e9re tapad&#8221;.     Az NPR felid\u00e9zte, hogy Pompeo 2017 j\u00falius\u00e1ban, amikor m\u00e1r a K\u00f6zponti H\u00edrszerz\u0151 \u00dcgyn\u00f6ks\u00e9g (CIA) vezet\u0151je volt, a colorad\u00f3i Aspenben \u00e9vente megrendezett h\u00edres biztons\u00e1gi f\u00f3rumon is besz\u00e9lt Szulejm\u00e1nir\u00f3l. Arra a k\u00e9rd\u00e9sre, hogy realista, vagy j\u00e1rhat\u00f3 megold\u00e1s-e a rendszerv\u00e1ltoztat\u00e1s Ir\u00e1nban, azt felelte: &#8222;a bajkever\u0151k, K\u00e1szem Szulejm\u00e1ni \u00e9s a band\u00e1ja, nem megv\u00e1lasztott tiszts\u00e9gvisel\u0151k. Mi ezekre az emberekre figyel\u00fcnk hal\u00e1l komolyan, hogy ne folytathass\u00e1k tev\u00e9kenys\u00e9g\u00fcket \u00e9s ne legyen hatalmuk&#8221;.<br \/>\n    A r\u00e1di\u00f3m\u0171sorban eml\u00e9keztettek arra is: Pompeo m\u00e9g abban az \u00e9vben bejelentette, hogy levelet int\u00e9zett Szulejm\u00e1nihoz \u00e9s Ir\u00e1n m\u00e1s, egy\u00e9bk\u00e9nt meg nem nevezett vezet\u0151ihez. A lev\u00e9lben arra figyelmeztette \u0151ket, hogy egyre vesz\u00e9lyesebb magatart\u00e1st tan\u00fas\u00edtanak Irakban, \u00e9s az Egyes\u00fclt \u00c1llamok \u0151ket fogja felel\u0151snek tartani az Irakban l\u00e9v\u0151 amerikai \u00e9rdekelts\u00e9gek elleni b\u00e1rmely t\u00e1mad\u00e1s\u00e9rt. &#8222;Ez vil\u00e1gos \u00fczenet volt, de biztosak akartunk lenni abban, hogy Szulejm\u00e1ni \u00e9s az ir\u00e1ni vezet\u0151k meg\u00e9rtett\u00e9k, mit akarunk&#8221; &#8211; jelentette ki az akkor m\u00e9g CIA-vezet\u0151 Pompeo egy Ronald Reagan eln\u00f6kr\u0151l elnevezett nemzetv\u00e9delmi f\u00f3rumon D\u00e9l-Kaliforni\u00e1ban.(MTI)<\/p>\n","protected":false},"excerpt":{"rendered":"<p>Az amerikai sajt\u00f3ban egym\u00e1s ut\u00e1n jelennek meg r\u00e9szletek K\u00e1szem Szulejm\u00e1ni ir\u00e1ni t\u00e1bornok \u00e9s Abu Mahdi al-Muhandisz iraki milicista vezet\u0151 p\u00e9nteki bagdadi likvid\u00e1l\u00e1s\u00e1nak el\u0151zm\u00e9nyeir\u0151l.<\/p>\n","protected":false},"author":1001003,"featured_media":122712,"comment_status":"closed","ping_status":"open","sticky":false,"template":"","format":"standard","meta":[],"categories":[146,13,16],"tags":[],"_links":{"self":[{"href":"https:\/\/gazdasagportal.hu\/index.php\/wp-json\/wp\/v2\/posts\/122698"}],"collection":[{"href":"https:\/\/gazdasagportal.hu\/index.php\/wp-json\/wp\/v2\/posts"}],"about":[{"href":"https:\/\/gazdasagportal.hu\/index.php\/wp-json\/wp\/v2\/types\/post"}],"author":[{"embeddable":true,"href":"https:\/\/gazdasagportal.hu\/index.php\/wp-json\/wp\/v2\/users\/1001003"}],"replies":[{"embeddable":true,"href":"https:\/\/gazdasagportal.hu\/index.php\/wp-json\/wp\/v2\/comments?post=122698"}],"version-history":[{"count":1,"href":"https:\/\/gazdasagportal.hu\/index.php\/wp-json\/wp\/v2\/posts\/122698\/revisions"}],"predecessor-version":[{"id":122699,"href":"https:\/\/gazdasagportal.hu\/index.php\/wp-json\/wp\/v2\/posts\/122698\/revisions\/122699"}],"wp:featuredmedia":[{"embeddable":true,"href":"https:\/\/gazdasagportal.hu\/index.php\/wp-json\/wp\/v2\/media\/122712"}],"wp:attachment":[{"href":"https:\/\/gazdasagportal.hu\/index.php\/wp-json\/wp\/v2\/media?parent=122698"}],"wp:term":[{"taxonomy":"category","embeddable":true,"href":"https:\/\/gazdasagportal.hu\/index.php\/wp-json\/wp\/v2\/categories?post=122698"},{"taxonomy":"post_tag","embeddable":true,"href":"https:\/\/gazdasagportal.hu\/index.php\/wp-json\/wp\/v2\/tags?post=122698"}],"curies":[{"name":"wp","href":"https:\/\/api.w.org\/{rel}","templated":true}]}}