{"id":122692,"date":"2020-01-03T16:32:54","date_gmt":"2020-01-03T15:32:54","guid":{"rendered":"http:\/\/gazdasagportal.hu\/?p=122692"},"modified":"2020-01-03T16:32:54","modified_gmt":"2020-01-03T15:32:54","slug":"ankara-aggodalmat-fejezte-ki-az-egyesult-allamok-es-iran-kozti-feszultseg-elezodese-miatt","status":"publish","type":"post","link":"https:\/\/gazdasagportal.hu\/index.php\/ankara-aggodalmat-fejezte-ki-az-egyesult-allamok-es-iran-kozti-feszultseg-elezodese-miatt\/","title":{"rendered":"Ankara aggodalm\u00e1t fejezte ki az Egyes\u00fclt \u00c1llamok \u00e9s Ir\u00e1n k\u00f6zti fesz\u00fclts\u00e9g \u00e9lez\u0151d\u00e9se miatt"},"content":{"rendered":"<p><strong>M\u00e9ly aggodalm\u00e1t fejezte ki a t\u00f6r\u00f6k k\u00fcl\u00fcgyminiszt\u00e9rium a Washington \u00e9s Teher\u00e1n k\u00f6zti fesz\u00fclts\u00e9g \u00e9lez\u0151d\u00e9se miatt, miut\u00e1n az Egyes\u00fclt \u00c1llamok p\u00e9ntekre virrad\u00f3ra Bagdad rep\u00fcl\u0151ter\u00e9n\u00e9l l\u00e9gicsap\u00e1sban meg\u00f6lt egy magas rang\u00fa ir\u00e1ni t\u00e1bornokot, valamint az Ir\u00e1n \u00e1ltal t\u00e1mogatott iraki mil\u00edci\u00e1k vezet\u0151j\u00e9t.<\/strong><!--more--><\/p>\n<div class=\"ads-in-post1\"><div id=\"gazdasagportal.hu_fullbanner_wideboard\"><\/div>\r\n<\/div>\n<p>    A t\u00e1rca k\u00f6zlem\u00e9ny\u00e9ben arra figyelmeztetett, hogy a t\u00e1mad\u00e1s, \u00e9s k\u00fcl\u00f6n\u00f6sen Irak konfliktus\u00f6vezett\u00e9 t\u00e9tele \u00e1rthat a k\u00f6zel-keleti t\u00e9rs\u00e9g b\u00e9k\u00e9j\u00e9nek, biztons\u00e1g\u00e1nak \u00e9s stabilit\u00e1s\u00e1nak.<br \/>\n    A t\u00f6r\u00f6k k\u00fcl\u00fcgyminiszt\u00e9rium hangs\u00falyozta: a hasonl\u00f3 l\u00e9p\u00e9sek fokozz\u00e1k az er\u0151szakot, amelynek minden \u00e9rintett f\u00e9l a k\u00e1r\u00e1t l\u00e1tja. A t\u00e1rca lesz\u00f6gezte, hogy &#8222;T\u00f6r\u00f6korsz\u00e1g mindig ellenezte a r\u00e9gi\u00f3 k\u00fcls\u0151 befoly\u00e1sol\u00e1s\u00e1t, a mer\u00e9nyleteket \u00e9s a felekezeti visz\u00e1lyt&#8221;, egy\u00fattal arra k\u00e9rte az \u00e9rintetteket, hogy &#8222;a j\u00f3zan \u00e9sz szerint cselekedjenek&#8221; \u00e9s &#8222;a diplom\u00e1ci\u00e1t r\u00e9szes\u00edts\u00e9k el\u0151nyben&#8221;.<br \/>\n<div class=\"ads-in-post2\"><script async src=\"https:\/\/pagead2.googlesyndication.com\/pagead\/js\/adsbygoogle.js\"><\/script>\r\n<ins class=\"adsbygoogle\"\r\n     style=\"display:block\"\r\n     data-ad-format=\"fluid\"\r\n     data-ad-layout-key=\"-6t+ed+2i-1n-4w\"\r\n     data-ad-client=\"ca-pub-1959107119989764\"\r\n     data-ad-slot=\"4008251320\"><\/ins>\r\n<script>\r\n     (adsbygoogle = window.adsbygoogle || []).push({});\r\n<\/script><\/div>\n    A Donald Trump amerikai eln\u00f6k \u00e1ltal elrendelt amerikai l\u00e9gicsap\u00e1sban meg\u00f6lt\u00e9k K\u00e1szim Szulejm\u00e1ni t\u00e1bornokot, az ir\u00e1ni Forradalmi G\u00e1rda al-Kudsz nev\u0171 k\u00fcl\u00f6nleges egys\u00e9g\u00e9nek parancsnok\u00e1t \u00e9s Abu Mahdi al-Muhandiszt, az ir\u00e1ni t\u00e1mogat\u00e1s\u00fa iraki mil\u00edci\u00e1k erny\u0151szervezet\u00e9nek, a N\u00e9pi Mozg\u00f3s\u00edt\u00e1si Er\u0151knek a vezet\u0151j\u00e9t.<br \/>\n    \u00c1dil Abdul Mahdi iraki \u00fcgyvezet\u0151 korm\u00e1nyf\u0151 k\u00f6zlem\u00e9ny\u00e9ben Irak elleni agresszi\u00f3nak, orsz\u00e1ga szuverenit\u00e1sa megs\u00e9rt\u00e9s\u00e9nek nevezte a t\u00e1mad\u00e1st, amely szerinte h\u00e1bor\u00fahoz fog vezetni Irakban, a t\u00e9rs\u00e9gben \u00e9s a vil\u00e1gban. Hozz\u00e1tette: a t\u00e1mad\u00e1s megs\u00e9rtette az iraki amerikai jelenl\u00e9t felt\u00e9teleit is. Barham Sz\u00e1leh iraki eln\u00f6k szint\u00e9n el\u00edt\u00e9lte a l\u00e9git\u00e1mad\u00e1st, de \u00f6nm\u00e9rs\u00e9kletre sz\u00f3l\u00edtott fel. Iraknak els\u0151dlegesen a nemzeti \u00e9rdekeit kell figyelembe vennie, \u00e9s el kell ker\u00fclnie a fegyveres konfliktus okozta trag\u00e9di\u00e1kat, amelyekt\u0151l n\u00e9gy \u00e9vtizede szenved &#8211; \u00edrta k\u00f6zlem\u00e9ny\u00e9ben.(MTI)<\/p>\n","protected":false},"excerpt":{"rendered":"<p>M\u00e9ly aggodalm\u00e1t fejezte ki a t\u00f6r\u00f6k k\u00fcl\u00fcgyminiszt\u00e9rium a Washington \u00e9s Teher\u00e1n k\u00f6zti fesz\u00fclts\u00e9g \u00e9lez\u0151d\u00e9se miatt, miut\u00e1n az Egyes\u00fclt \u00c1llamok p\u00e9ntekre virrad\u00f3ra Bagdad rep\u00fcl\u0151ter\u00e9n\u00e9l l\u00e9gicsap\u00e1sban meg\u00f6lt egy magas rang\u00fa ir\u00e1ni t\u00e1bornokot, valamint az Ir\u00e1n \u00e1ltal t\u00e1mogatott iraki mil\u00edci\u00e1k vezet\u0151j\u00e9t.<\/p>\n","protected":false},"author":1,"featured_media":0,"comment_status":"closed","ping_status":"open","sticky":false,"template":"","format":"standard","meta":[],"categories":[13,16],"tags":[],"_links":{"self":[{"href":"https:\/\/gazdasagportal.hu\/index.php\/wp-json\/wp\/v2\/posts\/122692"}],"collection":[{"href":"https:\/\/gazdasagportal.hu\/index.php\/wp-json\/wp\/v2\/posts"}],"about":[{"href":"https:\/\/gazdasagportal.hu\/index.php\/wp-json\/wp\/v2\/types\/post"}],"author":[{"embeddable":true,"href":"https:\/\/gazdasagportal.hu\/index.php\/wp-json\/wp\/v2\/users\/1"}],"replies":[{"embeddable":true,"href":"https:\/\/gazdasagportal.hu\/index.php\/wp-json\/wp\/v2\/comments?post=122692"}],"version-history":[{"count":1,"href":"https:\/\/gazdasagportal.hu\/index.php\/wp-json\/wp\/v2\/posts\/122692\/revisions"}],"predecessor-version":[{"id":122693,"href":"https:\/\/gazdasagportal.hu\/index.php\/wp-json\/wp\/v2\/posts\/122692\/revisions\/122693"}],"wp:attachment":[{"href":"https:\/\/gazdasagportal.hu\/index.php\/wp-json\/wp\/v2\/media?parent=122692"}],"wp:term":[{"taxonomy":"category","embeddable":true,"href":"https:\/\/gazdasagportal.hu\/index.php\/wp-json\/wp\/v2\/categories?post=122692"},{"taxonomy":"post_tag","embeddable":true,"href":"https:\/\/gazdasagportal.hu\/index.php\/wp-json\/wp\/v2\/tags?post=122692"}],"curies":[{"name":"wp","href":"https:\/\/api.w.org\/{rel}","templated":true}]}}