{"id":122686,"date":"2020-01-03T15:16:11","date_gmt":"2020-01-03T14:16:11","guid":{"rendered":"http:\/\/gazdasagportal.hu\/?p=122686"},"modified":"2020-01-03T15:18:36","modified_gmt":"2020-01-03T14:18:36","slug":"rekordszamu-autot-adott-at-a-tesla-a-negyedik-negyedevben","status":"publish","type":"post","link":"https:\/\/gazdasagportal.hu\/index.php\/rekordszamu-autot-adott-at-a-tesla-a-negyedik-negyedevben\/","title":{"rendered":"Rekordsz\u00e1m\u00fa aut\u00f3t adott \u00e1t a Tesla a negyedik negyed\u00e9vben"},"content":{"rendered":"<p><strong>Rekordsz\u00e1m\u00fa elektromos aut\u00f3t adott \u00e1t a Tesla a negyedik negyed\u00e9vben.<\/strong><!--more--><\/p>\n<div class=\"ads-in-post2\"><script async src=\"https:\/\/pagead2.googlesyndication.com\/pagead\/js\/adsbygoogle.js\"><\/script>\r\n<ins class=\"adsbygoogle\"\r\n     style=\"display:block\"\r\n     data-ad-format=\"fluid\"\r\n     data-ad-layout-key=\"-6t+ed+2i-1n-4w\"\r\n     data-ad-client=\"ca-pub-1959107119989764\"\r\n     data-ad-slot=\"4008251320\"><\/ins>\r\n<script>\r\n     (adsbygoogle = window.adsbygoogle || []).push({});\r\n<\/script><\/div>\n<p>Az amerikai aut\u00f3gy\u00e1rt\u00f3 az amerikai \u00e9rt\u00e9kpap\u00edr-fel\u00fcgyeletnek (SEC) p\u00e9nteken \u00e1tadott t\u00e1j\u00e9koztat\u00f3j\u00e1ban k\u00f6z\u00f6lte, hogy 112 ezer aut\u00f3t sz\u00e1ll\u00edtott le, amib\u0151l 92 550-re r\u00fagott a legkeresettebb t\u00edpus, a Model 3 sz\u00e1ma. A Model S \u00e9s a Model X aut\u00f3kb\u00f3l 19 450 darabot adtak \u00e1t a negyedik negyed\u00e9vben.<br \/>\nElemz\u0151k enn\u00e9l kevesebb aut\u00f3, mintegy 105 ezer j\u00e1rm\u0171 lesz\u00e1ll\u00edt\u00e1s\u00e1ra sz\u00e1m\u00edtottak. A v\u00e1rtn\u00e1l jobb adat annak k\u00f6sz\u00f6nhet\u0151, hogy er\u0151s\u00f6d\u00f6tt a kereslet a &#8222;t\u00f6megterm\u00e9knek&#8221; sz\u00e1nt Model 3 ir\u00e1nt.<br \/>\nA tavalyi utols\u00f3 negyed\u00e9vben a Tesla 104 891 aut\u00f3t gy\u00e1rtott, ebb\u0151l 86 958 volt Model 3, a Model S\/X aut\u00f3k sz\u00e1ma pedig 17 933-ra r\u00fagott.<br \/>\n<div class=\"ads-in-post1\"><div id=\"gazdasagportal.hu_fullbanner_wideboard\"><\/div>\r\n<\/div>\nA tavalyi eg\u00e9sz \u00e9vben a Tesla mintegy 367 500 elektromos aut\u00f3t sz\u00e1ll\u00edtott le megrendel\u0151inek, 50 sz\u00e1zal\u00e9kkal t\u00f6bbet az el\u0151z\u0151 \u00e9vin\u00e9l.<br \/>\nA Tesla 360-400 ezres \u00e9rt\u00e9kes\u00edt\u00e9si c\u00e9lt t\u0171z\u00f6tt ki a 2019-es \u00e9vre. Az okt\u00f3ber v\u00e9g\u00e9n k\u00f6zz\u00e9tett, harmadik negyed\u00e9ves besz\u00e1mol\u00f3ban a Tesla menedzsmentje \u00fagy fogalmazott, &#8222;nagyon b\u00edzik abban, hogy id\u00e9n meghaladja a 360 ezret&#8221; eladott aut\u00f3inak sz\u00e1ma.<br \/>\nNew Yorkban a t\u0151zsdenyit\u00e1st megel\u0151z\u0151 elektronikus keresked\u00e9sben a Tesla 2,15 sz\u00e1zal\u00e9kos pluszban, 439,49 doll\u00e1ros \u00e1rfolyamon forgott.<br \/>\n<a title=\"Hely megnyit\u00e1sa\" href=\"https:\/\/ir.tesla.com\/static-files\/08c5239d-f3b5-4824-a6bf-44ed75747385\" target=\"_blank\" rel=\"noopener noreferrer\">https:\/\/ir.tesla.com\/static-files\/08c5239d-f3b5-4824-a6bf-44ed75747385<\/a><\/p>\n<p>&nbsp;<br \/>\n(MTI)<\/p><div id=\"gazda-2227804175\" class=\"gazda-tartalomban gazda-entity-placement\"><script async src=\"https:\/\/pagead2.googlesyndication.com\/pagead\/js\/adsbygoogle.js\"><\/script>\r\n<ins class=\"adsbygoogle\"\r\n     style=\"display:block\"\r\n     data-ad-format=\"fluid\"\r\n     data-ad-layout-key=\"-6t+ed+2i-1n-4w\"\r\n     data-ad-client=\"ca-pub-1959107119989764\"\r\n     data-ad-slot=\"4008251320\"><\/ins>\r\n<script>\r\n     (adsbygoogle = window.adsbygoogle || []).push({});\r\n<\/script><\/div>\n","protected":false},"excerpt":{"rendered":"<p>Rekordsz\u00e1m\u00fa elektromos aut\u00f3t adott \u00e1t a Tesla a negyedik negyed\u00e9vben.<\/p>\n","protected":false},"author":1,"featured_media":28360,"comment_status":"closed","ping_status":"open","sticky":false,"template":"","format":"standard","meta":[],"categories":[146,8,246],"tags":[],"_links":{"self":[{"href":"https:\/\/gazdasagportal.hu\/index.php\/wp-json\/wp\/v2\/posts\/122686"}],"collection":[{"href":"https:\/\/gazdasagportal.hu\/index.php\/wp-json\/wp\/v2\/posts"}],"about":[{"href":"https:\/\/gazdasagportal.hu\/index.php\/wp-json\/wp\/v2\/types\/post"}],"author":[{"embeddable":true,"href":"https:\/\/gazdasagportal.hu\/index.php\/wp-json\/wp\/v2\/users\/1"}],"replies":[{"embeddable":true,"href":"https:\/\/gazdasagportal.hu\/index.php\/wp-json\/wp\/v2\/comments?post=122686"}],"version-history":[{"count":3,"href":"https:\/\/gazdasagportal.hu\/index.php\/wp-json\/wp\/v2\/posts\/122686\/revisions"}],"predecessor-version":[{"id":122689,"href":"https:\/\/gazdasagportal.hu\/index.php\/wp-json\/wp\/v2\/posts\/122686\/revisions\/122689"}],"wp:featuredmedia":[{"embeddable":true,"href":"https:\/\/gazdasagportal.hu\/index.php\/wp-json\/wp\/v2\/media\/28360"}],"wp:attachment":[{"href":"https:\/\/gazdasagportal.hu\/index.php\/wp-json\/wp\/v2\/media?parent=122686"}],"wp:term":[{"taxonomy":"category","embeddable":true,"href":"https:\/\/gazdasagportal.hu\/index.php\/wp-json\/wp\/v2\/categories?post=122686"},{"taxonomy":"post_tag","embeddable":true,"href":"https:\/\/gazdasagportal.hu\/index.php\/wp-json\/wp\/v2\/tags?post=122686"}],"curies":[{"name":"wp","href":"https:\/\/api.w.org\/{rel}","templated":true}]}}