{"id":122680,"date":"2020-01-03T12:08:05","date_gmt":"2020-01-03T11:08:05","guid":{"rendered":"http:\/\/gazdasagportal.hu\/?p=122680"},"modified":"2020-01-03T12:08:05","modified_gmt":"2020-01-03T11:08:05","slug":"a-suzuki-negy-eve-vezeti-a-magyarorszagi-ujauto-eladasi-listat","status":"publish","type":"post","link":"https:\/\/gazdasagportal.hu\/index.php\/a-suzuki-negy-eve-vezeti-a-magyarorszagi-ujauto-eladasi-listat\/","title":{"rendered":"A Suzuki n\u00e9gy \u00e9ve vezeti a magyarorsz\u00e1gi \u00fajaut\u00f3-elad\u00e1si list\u00e1t"},"content":{"rendered":"<p><strong>Sorozatban negyedszer v\u00e9gzett az els\u0151 helyen a Magyar Suzuki Magyarorsz\u00e1gon 2019-ben, 25 766 regisztr\u00e1lt szem\u00e9lyg\u00e9pkocsival 16,32 sz\u00e1zal\u00e9kos r\u00e9szesed\u00e9st \u00e9rt el a magyar szem\u00e9lyaut\u00f3-piacon &#8211; k\u00f6z\u00f6lte a t\u00e1rsas\u00e1g p\u00e9nteken az MTI-vel.<\/strong><!--more--><\/p>\n<div class=\"ads-in-post2\"><script async src=\"https:\/\/pagead2.googlesyndication.com\/pagead\/js\/adsbygoogle.js\"><\/script>\r\n<ins class=\"adsbygoogle\"\r\n     style=\"display:block\"\r\n     data-ad-format=\"fluid\"\r\n     data-ad-layout-key=\"-6t+ed+2i-1n-4w\"\r\n     data-ad-client=\"ca-pub-1959107119989764\"\r\n     data-ad-slot=\"4008251320\"><\/ins>\r\n<script>\r\n     (adsbygoogle = window.adsbygoogle || []).push({});\r\n<\/script><\/div>\n<p>    A Suzuki tavaly 2,2 sz\u00e1zal\u00e9kkal n\u00f6velte piaci r\u00e9szesed\u00e9s\u00e9t az el\u0151z\u0151 \u00e9vhez k\u00e9pest.<br \/>\n    Tavaly \u00f6sszesen 157 906 szem\u00e9lyaut\u00f3t helyeztek forgalomba. A stagn\u00e1l\u00f3 eur\u00f3pai piac mellett a magyar szem\u00e9lyg\u00e9pkocsi piac 15,6 sz\u00e1zal\u00e9kkal b\u0151v\u00fclt volumenben 2019-ben, ezen bel\u00fcl a Suzuki 33,55 sz\u00e1zal\u00e9kkal. A Suzuki 2019-es belf\u00f6ldi \u00e9rt\u00e9kes\u00edt\u00e9se meghaladta a v\u00e1ls\u00e1got megel\u0151z\u0151 2008-as \u00e9v eredm\u00e9ny\u00e9t is.<br \/>\n    A Suzuki k\u00f6zlem\u00e9nye szerint a 2015 \u00f3ta Esztergomban gy\u00e1rtott \u00e9s 2018 \u0151sz\u00e9n meg\u00fajult Vitara, amelyb\u0151l m\u00e1r t\u00f6bb mint f\u00e9lmilli\u00f3t k\u00e9sz\u00edtettek Magyarorsz\u00e1gon, 20,39 sz\u00e1zal\u00e9kos szegmens-r\u00e9szesed\u00e9ssel vezeti a SUV szabadid\u0151aut\u00f3-kateg\u00f3ri\u00e1t \u00e9s ezzel egy\u00fctt a szem\u00e9lyaut\u00f3k mez\u0151ny\u00e9t is. 12 106 darabot regisztr\u00e1ltak a modellb\u0151l 2019. janu\u00e1r 1-je \u00e9s december 31-e k\u00f6z\u00f6tt.<br \/>\n    A teljes szem\u00e9lyaut\u00f3 piac top 3 modellje k\u00f6z\u00f6tt a m\u00e1sodik helyet foglalja el a szint\u00e9n hazai gy\u00e1rt\u00e1s\u00fa Suzuki SX4 S-CROSS. Az \u00e9v v\u00e9g\u00e9ig \u00f6sszesen 9246 kelt el ebb\u0151l a modellb\u0151l Magyarorsz\u00e1gon, amely az \u00f6sszes \u00e9rt\u00e9kes\u00edtett als\u00f3-k\u00f6z\u00e9pkateg\u00f3ri\u00e1s modell (42 680) 21,66 sz\u00e1zal\u00e9ka, a modell \u00edgy az 1. helyen \u00e1ll ebben a szegmensben.<br \/>\n    A k\u00e9t hazai modell gy\u00e1rt\u00e1s\u00e1t 3200 dolgoz\u00f3 \u00e9s 770 robot v\u00e9gzi k\u00e9t m\u0171szakban.<br \/>\n<div class=\"ads-in-post1\"><div id=\"gazdasagportal.hu_fullbanner_wideboard\"><\/div>\r\n<\/div>\n    A Magyar Suzuki Zrt.-t 1991-ben alap\u00edtott\u00e1k, \u00e9s az\u00f3ta is a jap\u00e1n anyav\u00e1llalat egyetlen eur\u00f3pai gy\u00e1rt\u00f3egys\u00e9ge. A t\u00e1rsas\u00e1g k\u00f6zvetlen\u00fcl 3200 f\u0151t foglalkoztat, illetve partnereinek, besz\u00e1ll\u00edt\u00f3inak, valamint a 78 tag\u00fa orsz\u00e1gos m\u00e1rkakeresked\u0151i h\u00e1l\u00f3zat\u00e1nak k\u00f6sz\u00f6nhet\u0151en hozz\u00e1vet\u0151legesen 10 000 munkav\u00e1llal\u00f3 meg\u00e9lhet\u00e9s\u00e9hez j\u00e1rul hozz\u00e1.<br \/>\n    A Magyar Suzuki 2018-ban 171 885 j\u00e1rm\u0171vet \u00e9rt\u00e9kes\u00edtett 123 orsz\u00e1gban, amelyek 95 sz\u00e1zal\u00e9ka Esztergomban k\u00e9sz\u00fclt.<br \/>\n    A Magyar Suzuki nett\u00f3 \u00e1rbev\u00e9tele 2018-ban 1,953 milli\u00e1rd eur\u00f3 volt a 2017. \u00e9vi 2,1 milli\u00e1rd eur\u00f3 ut\u00e1n. Ebb\u0151l a belf\u00f6ldi \u00e1rbev\u00e9tel 280,4 milli\u00f3 eur\u00f3t tett ki, 18,6 sz\u00e1zal\u00e9kkal b\u0151v\u00fclt. Az ad\u00f3z\u00e1s el\u0151tti eredm\u00e9ny 2018-ban el\u00e9rte a 82 milli\u00f3 eur\u00f3t, n\u00e9mileg elmaradva a 2017. \u00e9vi 90,8 milli\u00f3 eur\u00f3t\u00f3l.(MTI)<\/p>\n","protected":false},"excerpt":{"rendered":"<p>Sorozatban negyedszer v\u00e9gzett az els\u0151 helyen a Magyar Suzuki Magyarorsz\u00e1gon 2019-ben, 25 766 regisztr\u00e1lt szem\u00e9lyg\u00e9pkocsival 16,32 sz\u00e1zal\u00e9kos r\u00e9szesed\u00e9st \u00e9rt el a magyar szem\u00e9lyaut\u00f3-piacon &#8211; k\u00f6z\u00f6lte a t\u00e1rsas\u00e1g p\u00e9nteken az MTI-vel.<\/p>\n","protected":false},"author":1,"featured_media":0,"comment_status":"closed","ping_status":"open","sticky":false,"template":"","format":"standard","meta":[],"categories":[19],"tags":[],"_links":{"self":[{"href":"https:\/\/gazdasagportal.hu\/index.php\/wp-json\/wp\/v2\/posts\/122680"}],"collection":[{"href":"https:\/\/gazdasagportal.hu\/index.php\/wp-json\/wp\/v2\/posts"}],"about":[{"href":"https:\/\/gazdasagportal.hu\/index.php\/wp-json\/wp\/v2\/types\/post"}],"author":[{"embeddable":true,"href":"https:\/\/gazdasagportal.hu\/index.php\/wp-json\/wp\/v2\/users\/1"}],"replies":[{"embeddable":true,"href":"https:\/\/gazdasagportal.hu\/index.php\/wp-json\/wp\/v2\/comments?post=122680"}],"version-history":[{"count":1,"href":"https:\/\/gazdasagportal.hu\/index.php\/wp-json\/wp\/v2\/posts\/122680\/revisions"}],"predecessor-version":[{"id":122681,"href":"https:\/\/gazdasagportal.hu\/index.php\/wp-json\/wp\/v2\/posts\/122680\/revisions\/122681"}],"wp:attachment":[{"href":"https:\/\/gazdasagportal.hu\/index.php\/wp-json\/wp\/v2\/media?parent=122680"}],"wp:term":[{"taxonomy":"category","embeddable":true,"href":"https:\/\/gazdasagportal.hu\/index.php\/wp-json\/wp\/v2\/categories?post=122680"},{"taxonomy":"post_tag","embeddable":true,"href":"https:\/\/gazdasagportal.hu\/index.php\/wp-json\/wp\/v2\/tags?post=122680"}],"curies":[{"name":"wp","href":"https:\/\/api.w.org\/{rel}","templated":true}]}}