{"id":122661,"date":"2020-01-02T16:45:39","date_gmt":"2020-01-02T15:45:39","guid":{"rendered":"http:\/\/gazdasagportal.hu\/?p=122661"},"modified":"2020-01-02T16:45:39","modified_gmt":"2020-01-02T15:45:39","slug":"datahouse-156-szazalekkal-nott-tavaly-az-uj-autok-eladasa","status":"publish","type":"post","link":"https:\/\/gazdasagportal.hu\/index.php\/datahouse-156-szazalekkal-nott-tavaly-az-uj-autok-eladasa\/","title":{"rendered":"Datahouse: 15,6 sz\u00e1zal\u00e9kkal n\u0151tt tavaly az \u00faj aut\u00f3k elad\u00e1sa"},"content":{"rendered":"<p><strong>Tavaly 15,6 sz\u00e1zal\u00e9kkal b\u0151v\u00fclt az \u00faj aut\u00f3k elad\u00e1sa: 136 601-r\u0151l 157 906 ezerre n\u0151tt egy \u00e9v alatt a forgalomba \u00e1ll\u00f3 \u00faj szem\u00e9lyg\u00e9pj\u00e1rm\u0171vek sz\u00e1ma &#8211; k\u00f6z\u00f6lte a Datahouse cs\u00fct\u00f6rt\u00f6k\u00f6n az MTI-vel.<\/strong><!--more--><\/p>\n<div class=\"ads-in-post1\"><div id=\"gazdasagportal.hu_fullbanner_wideboard\"><\/div>\r\n<\/div>\n<p>    A Carinfo adatai alapj\u00e1n 2017-hez k\u00e9pest m\u00e9g nagyobb, 35,8 sz\u00e1zal\u00e9kos a bk\u00fcl\u00f6nbs\u00e9g. Az \u00e9v v\u00e9g\u00e9n k\u00fcl\u00f6n\u00f6sen sok, 16 139 \u00faj aut\u00f3 \u00e1llt forgalomba, vagyis 66,6 sz\u00e1zal\u00e9kkal t\u00f6bb, mint 2018 december\u00e9ben, de 2017 utols\u00f3 h\u00f3napj\u00e1hoz k\u00e9pest is 48,9 sz\u00e1zal\u00e9k a b\u0151v\u00fcl\u00e9s. Ilyen m\u00e9rt\u00e9ket 2019 egyik h\u00f3napj\u00e1ban sem \u00e9rt el a n\u00f6veked\u00e9s. \u00c9ves alapon visszaes\u00e9st csak j\u00faniusban m\u00e9rtek, 4,4 sz\u00e1zal\u00e9kot.<br \/>\n    Az \u00e9v v\u00e9ge hozta a legjelent\u0151sebb n\u00f6veked\u00e9st a negyed\u00e9ves \u00f6sszevet\u00e9sek alapj\u00e1n is. 2019 utols\u00f3 h\u00e1rom h\u00f3napj\u00e1ban 42 802 \u00faj szem\u00e9lyg\u00e9pj\u00e1rm\u0171 \u00e1llt forgalomba, meghaladva nemcsak az el\u0151z\u0151 k\u00e9t \u00e9v azonos id\u0151szak\u00e1t, hanem a tavalyi el\u0151z\u0151 negyed\u00e9veket is.<br \/>\n    A gy\u00e1rt\u00f3k k\u00f6z\u00fcl 2019 december\u00e9ben \u00e9s az \u00e9ves \u00f6sszes\u00edt\u00e9sben egyar\u00e1nt a Suzuki \u00e9rte el a legnagyobb, 16 sz\u00e1zal\u00e9kot meghalad\u00f3 piaci r\u00e9szesed\u00e9st. A jap\u00e1n gy\u00e1rt\u00f3 utols\u00f3 havi \u00e9rt\u00e9kes\u00edt\u00e9se 2627 darab, a tavalyi eg\u00e9sz \u00e9ves 25 766 darab volt Magyarorsz\u00e1gon. A m\u00e1sodik helyet a Ford \u00e9rte el 10 sz\u00e1zal\u00e9k k\u00f6r\u00fcli, illetve azt kiss\u00e9 meghalad\u00f3 eredm\u00e9nnyel. A tavalyi rangsor k\u00f6vetkez\u0151 helyeit \u00e9rt\u00e9kes\u00edt\u00e9si r\u00e9szar\u00e1ny alapj\u00e1n sorrendben a Skoda, az Opel, a Toyota \u00e9s a Volkswagen szerezte meg.<br \/>\n<div class=\"ads-in-post2\"><script async src=\"https:\/\/pagead2.googlesyndication.com\/pagead\/js\/adsbygoogle.js\"><\/script>\r\n<ins class=\"adsbygoogle\"\r\n     style=\"display:block\"\r\n     data-ad-format=\"fluid\"\r\n     data-ad-layout-key=\"-6t+ed+2i-1n-4w\"\r\n     data-ad-client=\"ca-pub-1959107119989764\"\r\n     data-ad-slot=\"4008251320\"><\/ins>\r\n<script>\r\n     (adsbygoogle = window.adsbygoogle || []).push({});\r\n<\/script><\/div>\n    A motorker\u00e9kp\u00e1rok elad\u00e1sa decemberben 38,7 sz\u00e1zal\u00e9kkal, az el\u0151z\u0151 12 h\u00f3nap alatt 34,9 sz\u00e1zal\u00e9kkal b\u0151v\u00fclt 2018 azonos id\u0151szak\u00e1hoz k\u00e9pest. \u00c9ves \u00f6sszes\u00edt\u00e9sben a forgalomba helyezett darabsz\u00e1m 3022-r\u0151l 4078-ra n\u0151tt.<br \/>\n    A kis haszong\u00e9pj\u00e1rm\u0171vek \u00e9rt\u00e9kes\u00edt\u00e9se 2019 december\u00e9ben visszaesett ugyan 4,4 sz\u00e1zal\u00e9kkal, az \u00e9v eg\u00e9sz\u00e9ben viszont 15,3 sz\u00e1zal\u00e9kot b\u0151v\u00fclt, miut\u00e1n 22 723-r\u00f3l 26 203-ra n\u0151tt az \u00e9ves forgalomba helyezett darabsz\u00e1m.<br \/>\n    A nagy haszong\u00e9pj\u00e1rm\u0171vek \u00e9rt\u00e9kes\u00edt\u00e9se a decemberi \u00e9s az eg\u00e9sz \u00e9ves \u00f6sszes\u00edt\u00e9s alapj\u00e1n is visszaesett. A tavalyi utols\u00f3 h\u00f3napra 406-r\u00f3l 321-re, az \u00f6sszes h\u00f3napot tekintve pedig 6241-r\u0151l 5274-re cs\u00f6kkent a forgalomba helyez\u00e9sek sz\u00e1ma egy \u00e9v alatt &#8211; der\u00fcl ki a k\u00f6zlem\u00e9nyb\u0151l.(MTI)<\/p>\n","protected":false},"excerpt":{"rendered":"<p>Tavaly 15,6 sz\u00e1zal\u00e9kkal b\u0151v\u00fclt az \u00faj aut\u00f3k elad\u00e1sa: 136 601-r\u0151l 157 906 ezerre n\u0151tt egy \u00e9v alatt a forgalomba \u00e1ll\u00f3 \u00faj szem\u00e9lyg\u00e9pj\u00e1rm\u0171vek sz\u00e1ma &#8211; k\u00f6z\u00f6lte a Datahouse cs\u00fct\u00f6rt\u00f6k\u00f6n az MTI-vel.<\/p>\n","protected":false},"author":1,"featured_media":0,"comment_status":"closed","ping_status":"open","sticky":false,"template":"","format":"standard","meta":[],"categories":[19],"tags":[],"_links":{"self":[{"href":"https:\/\/gazdasagportal.hu\/index.php\/wp-json\/wp\/v2\/posts\/122661"}],"collection":[{"href":"https:\/\/gazdasagportal.hu\/index.php\/wp-json\/wp\/v2\/posts"}],"about":[{"href":"https:\/\/gazdasagportal.hu\/index.php\/wp-json\/wp\/v2\/types\/post"}],"author":[{"embeddable":true,"href":"https:\/\/gazdasagportal.hu\/index.php\/wp-json\/wp\/v2\/users\/1"}],"replies":[{"embeddable":true,"href":"https:\/\/gazdasagportal.hu\/index.php\/wp-json\/wp\/v2\/comments?post=122661"}],"version-history":[{"count":1,"href":"https:\/\/gazdasagportal.hu\/index.php\/wp-json\/wp\/v2\/posts\/122661\/revisions"}],"predecessor-version":[{"id":122662,"href":"https:\/\/gazdasagportal.hu\/index.php\/wp-json\/wp\/v2\/posts\/122661\/revisions\/122662"}],"wp:attachment":[{"href":"https:\/\/gazdasagportal.hu\/index.php\/wp-json\/wp\/v2\/media?parent=122661"}],"wp:term":[{"taxonomy":"category","embeddable":true,"href":"https:\/\/gazdasagportal.hu\/index.php\/wp-json\/wp\/v2\/categories?post=122661"},{"taxonomy":"post_tag","embeddable":true,"href":"https:\/\/gazdasagportal.hu\/index.php\/wp-json\/wp\/v2\/tags?post=122661"}],"curies":[{"name":"wp","href":"https:\/\/api.w.org\/{rel}","templated":true}]}}