{"id":122657,"date":"2020-01-02T15:28:33","date_gmt":"2020-01-02T14:28:33","guid":{"rendered":"http:\/\/gazdasagportal.hu\/?p=122657"},"modified":"2020-01-02T15:28:33","modified_gmt":"2020-01-02T14:28:33","slug":"brexit-het-es-fel-evi-melyponton-a-brit-gyaripar-termelesi-aktivitasa","status":"publish","type":"post","link":"https:\/\/gazdasagportal.hu\/index.php\/brexit-het-es-fel-evi-melyponton-a-brit-gyaripar-termelesi-aktivitasa\/","title":{"rendered":"Brexit &#8211; H\u00e9t \u00e9s f\u00e9l \u00e9vi m\u00e9lyponton a brit gy\u00e1ripar termel\u00e9si aktivit\u00e1sa"},"content":{"rendered":"<p><strong>A brit gy\u00e1ripar kibocs\u00e1t\u00e1si aktivit\u00e1sa h\u00e9t \u00e9s f\u00e9l \u00e9ve nem tapasztalt \u00fctemben cs\u00f6kkent a m\u00falt h\u00f3napban a cs\u00fct\u00f6rt\u00f6k\u00f6n ismertetett legfrissebb m\u00e9r\u0151sz\u00e1mok szerint, nem kis r\u00e9szben a brit EU-tags\u00e1g megsz\u0171n\u00e9s\u00e9t (Brexit)  tov\u00e1bbra is \u00f6vez\u0151 bizonytalans\u00e1gok hat\u00e1s\u00e1ra.<\/strong><!--more--><\/p>\n<div class=\"ads-in-post1\"><div id=\"gazdasagportal.hu_fullbanner_wideboard\"><\/div>\r\n<\/div>\n<p>    Az IHS Markit londoni p\u00e9nz\u00fcgyi-gazdas\u00e1gi adatszolg\u00e1ltat\u00f3 csoport \u00e9s a brit gazdas\u00e1gi \u00e1gazatok beszerz\u00e9si aktivit\u00e1s\u00e1t m\u00e9r\u0151 int\u00e9zet (Chartered Institute of Procurement &#038; Supply, CIPS) k\u00f6z\u00f6s felm\u00e9r\u00e9se szerint a brit gazdas\u00e1g feldolgoz\u00f3szektor\u00e1nak szezon\u00e1lis kiigaz\u00edt\u00e1ssal sz\u00e1molt beszerz\u00e9simenedzser-indexe (BMI) decemberben 47,5 volt az egy h\u00f3nappal kor\u00e1bban m\u00e9rt 48,9 ut\u00e1n.<br \/>\n    Az 50 alatti BMI-indexek a vizsg\u00e1lt szektor aktivit\u00e1s\u00e1nak gyeng\u00fcl\u00e9s\u00e9re utalnak, b\u00e1r egyes londoni elemz\u0151m\u0171helyek t\u00f6rt\u00e9nelmi t\u00e1vlat\u00fa visszatekint\u0151 m\u00e9r\u00e9sek alapj\u00e1n ink\u00e1bb az 52-es BMI-szintet tartj\u00e1k a n\u00f6veked\u00e9s \u00e9s a visszaes\u00e9s mezsgy\u00e9j\u00e9nek.<br \/>\n    December volt a nyolcadik h\u00f3nap egym\u00e1s ut\u00e1n, amelyben cs\u00f6kken\u00e9st jelzett a brit gy\u00e1ripar aktivit\u00e1si m\u00e9r\u0151sz\u00e1ma.<br \/>\n    Az IHS Markit cs\u00fct\u00f6rt\u00f6ki elemz\u00e9s\u00e9ben kiemeli, hogy a brit feldolgoz\u00f3ipar \u00faj BMI-mutat\u00f3ja a szektor kibocs\u00e1t\u00e1s\u00e1nak 2012 j\u00faliusa \u00f3ta nem m\u00e9rt \u00fctem\u0171 visszaes\u00e9s\u00e9re utal.<br \/>\n    Az \u00e1tfog\u00f3 indexen bel\u00fcl a legmeredekebb visszaes\u00e9st a beruh\u00e1z\u00e1si javak termel\u00e9s\u00e9nek r\u00e9szindexe mutatta, a folytat\u00f3d\u00f3 bizonytalans\u00e1gok miatt ugyanis az \u00faj megrendel\u00e9sek \u00e1llom\u00e1nya \u00e9s az \u00faj exporttranzakci\u00f3k \u00e9rt\u00e9ke ebben a r\u00e9sz\u00e1gazatban t\u00f6bb mint t\u00edz \u00e9ve nem tapasztalt \u00fctemben visszaesett &#8211; \u00e1ll az IHS Markit elemz\u00e9s\u00e9ben.<br \/>\n<div class=\"ads-in-post2\"><script async src=\"https:\/\/pagead2.googlesyndication.com\/pagead\/js\/adsbygoogle.js\"><\/script>\r\n<ins class=\"adsbygoogle\"\r\n     style=\"display:block\"\r\n     data-ad-format=\"fluid\"\r\n     data-ad-layout-key=\"-6t+ed+2i-1n-4w\"\r\n     data-ad-client=\"ca-pub-1959107119989764\"\r\n     data-ad-slot=\"4008251320\"><\/ins>\r\n<script>\r\n     (adsbygoogle = window.adsbygoogle || []).push({});\r\n<\/script><\/div>\n     Duncan Brock, a CIPS csoportigazgat\u00f3ja a decemberi adatokhoz f\u0171z\u00f6tt komment\u00e1rj\u00e1ban kiemelte, hogy a brit \u00fczleti szektorban tov\u00e1bbra is meghat\u00e1roz\u00f3 t\u00e9nyez\u0151 a Brexithez k\u00f6t\u0151d\u0151 bizonytalans\u00e1g \u00e9s ennek hat\u00e1sa a brit v\u00e1llalkoz\u00e1sok \u00fcgyf\u00e9lk\u00f6r\u00e9nek bizalm\u00e1ra.<br \/>\n    Brock szerint a decemberben tartott brit parlamenti v\u00e1laszt\u00e1sok eredm\u00e9nye egy\u00e9rtelm\u0171bb\u00e9 teszi ugyan a k\u00f6rnyezetet a brit \u00fczleti szektor sz\u00e1m\u00e1ra, de m\u00e9g hossz\u00fa id\u0151be telik, mire a feldolgoz\u00f3ipar kil\u00e1bal az elm\u00falt \u00e9vben elszenvedett vesztes\u00e9geib\u0151l.<br \/>\n    A december 12-\u00e9n tartott, el\u0151rehozott brit parlamenti v\u00e1laszt\u00e1son a Boris Johnson minisztereln\u00f6k vezette Konzervat\u00edv P\u00e1rt &#8211; amely addig kisebbs\u00e9gben korm\u00e1nyzott &#8211; k\u00e9nyelmes, 80 f\u0151s t\u00f6bbs\u00e9get szerzett a londoni als\u00f3h\u00e1zban.<br \/>\n    Johnson a v\u00e1laszt\u00e1s ut\u00e1n lesz\u00f6gezte, hogy a konzervat\u00edv p\u00e1rti korm\u00e1ny a Brexit jelenleg \u00e9rv\u00e9nyes janu\u00e1r 31-i hat\u00e1rnapj\u00e1n mindenk\u00e9ppen kil\u00e9pteti az Egyes\u00fclt Kir\u00e1lys\u00e1got az Eur\u00f3pai Uni\u00f3b\u00f3l.<br \/>\n    A Brexitet tavaly az akkor m\u00e9g kisebbs\u00e9gi konzervat\u00edv korm\u00e1ny \u00e9s a parlament k\u00f6z\u00f6tti folyamatos viaskod\u00e1s k\u00f6zepette t\u00f6bbsz\u00f6r is elhalasztott\u00e1k, \u00e9s emiatt a brit v\u00e1llalati szektorban t\u00f6bb rakt\u00e1rk\u00e9szlet-felhalmoz\u00e1si, illetve k\u00e9szletle\u00e9p\u00edt\u00e9si ciklus k\u00f6vette egym\u00e1st.<br \/>\n    Az IHS Markit a cs\u00fct\u00f6rt\u00f6k\u00f6n ismertetett friss gy\u00e1ripari BMI-adatok elemz\u00e9s\u00e9ben  kiemelte, hogy a szektor termel\u00e9si teljes\u00edtm\u00e9ny\u00e9t r\u00e9szben most is a kor\u00e1bban felhalmozott k\u00e9szletek le\u00e9p\u00edt\u00e9s\u00e9re tett v\u00e1llalati er\u0151fesz\u00edt\u00e9sek terhelik.<br \/>\n    A legut\u00f3bbi el\u0151rejelz\u00e9sek \u00e9s n\u00f6veked\u00e9si adatok is komor k\u00e9pet festenek a brit gazdas\u00e1g \u00e1llapot\u00e1r\u00f3l.<br \/>\n    A Bank of England monet\u00e1ris tan\u00e1csa decemberi progn\u00f3zis\u00e1ban k\u00f6z\u00f6lte, hogy v\u00e1rakoz\u00e1sa szerint 2019 negyedik negyed\u00e9v\u00e9ben mind\u00f6ssze 0,1 sz\u00e1zal\u00e9kkal n\u0151tt a brit hazai \u00f6sszterm\u00e9k (GDP) az el\u0151z\u0151 h\u00e1rom h\u00f3naphoz m\u00e9rve.<br \/>\n    A tavalyi harmadik negyed\u00e9vben 0,3 sz\u00e1zal\u00e9kos negyed\u00e9ves n\u00f6veked\u00e9st m\u00e9rtek a brit gazdas\u00e1gban.<br \/>\n    A brit jegybank becsl\u00e9se szerint a brit gazdas\u00e1g negyed\u00e9vente m\u00e9rt n\u00f6veked\u00e9si \u00fctemeinek \u00e1tlaga 2019 eg\u00e9sz\u00e9ben mind\u00f6ssze 0,2 sz\u00e1zal\u00e9k volt, a fele az elm\u00falt h\u00e1rom \u00e9v negyed\u00e9ves n\u00f6veked\u00e9si \u00e1tlag\u00e1nak.<br \/>\n    A brit statisztikai hivatal (ONS) legfrissebb kimutat\u00e1sa szerint a brit gazdas\u00e1g n\u00f6veked\u00e9si \u00fcteme okt\u00f3berben \u00e9s az okt\u00f3berrel v\u00e9get \u00e9rt h\u00e1rom h\u00f3napban is z\u00e9r\u00f3 volt.(MTI)<\/p>\n","protected":false},"excerpt":{"rendered":"<p>A brit gy\u00e1ripar kibocs\u00e1t\u00e1si aktivit\u00e1sa h\u00e9t \u00e9s f\u00e9l \u00e9ve nem tapasztalt \u00fctemben cs\u00f6kkent a m\u00falt h\u00f3napban a cs\u00fct\u00f6rt\u00f6k\u00f6n ismertetett legfrissebb m\u00e9r\u0151sz\u00e1mok szerint, nem kis r\u00e9szben a brit EU-tags\u00e1g megsz\u0171n\u00e9s\u00e9t (Brexit) tov\u00e1bbra is \u00f6vez\u0151 bizonytalans\u00e1gok hat\u00e1s\u00e1ra.<\/p>\n","protected":false},"author":1,"featured_media":0,"comment_status":"closed","ping_status":"open","sticky":false,"template":"","format":"standard","meta":[],"categories":[12],"tags":[],"_links":{"self":[{"href":"https:\/\/gazdasagportal.hu\/index.php\/wp-json\/wp\/v2\/posts\/122657"}],"collection":[{"href":"https:\/\/gazdasagportal.hu\/index.php\/wp-json\/wp\/v2\/posts"}],"about":[{"href":"https:\/\/gazdasagportal.hu\/index.php\/wp-json\/wp\/v2\/types\/post"}],"author":[{"embeddable":true,"href":"https:\/\/gazdasagportal.hu\/index.php\/wp-json\/wp\/v2\/users\/1"}],"replies":[{"embeddable":true,"href":"https:\/\/gazdasagportal.hu\/index.php\/wp-json\/wp\/v2\/comments?post=122657"}],"version-history":[{"count":1,"href":"https:\/\/gazdasagportal.hu\/index.php\/wp-json\/wp\/v2\/posts\/122657\/revisions"}],"predecessor-version":[{"id":122658,"href":"https:\/\/gazdasagportal.hu\/index.php\/wp-json\/wp\/v2\/posts\/122657\/revisions\/122658"}],"wp:attachment":[{"href":"https:\/\/gazdasagportal.hu\/index.php\/wp-json\/wp\/v2\/media?parent=122657"}],"wp:term":[{"taxonomy":"category","embeddable":true,"href":"https:\/\/gazdasagportal.hu\/index.php\/wp-json\/wp\/v2\/categories?post=122657"},{"taxonomy":"post_tag","embeddable":true,"href":"https:\/\/gazdasagportal.hu\/index.php\/wp-json\/wp\/v2\/tags?post=122657"}],"curies":[{"name":"wp","href":"https:\/\/api.w.org\/{rel}","templated":true}]}}