{"id":122653,"date":"2020-01-02T13:57:46","date_gmt":"2020-01-02T12:57:46","guid":{"rendered":"http:\/\/gazdasagportal.hu\/?p=122653"},"modified":"2020-01-02T13:57:46","modified_gmt":"2020-01-02T12:57:46","slug":"mlbkt-kedvezo-evzaras-2019-ben-nott-a-bmi-decemberben","status":"publish","type":"post","link":"https:\/\/gazdasagportal.hu\/index.php\/mlbkt-kedvezo-evzaras-2019-ben-nott-a-bmi-decemberben\/","title":{"rendered":"MLBKT: kedvez\u0151 \u00e9vz\u00e1r\u00e1s 2019-ben, n\u0151tt a BMI decemberben"},"content":{"rendered":"<p><strong>A Beszerz\u00e9si Menedzser Index (BMI) szezon\u00e1lisan kiigaz\u00edtott decemberi \u00e9rt\u00e9ke 53,9, ez alapj\u00e1n a v\u00e1laszad\u00f3k az el\u0151z\u0151 h\u00f3naphoz k\u00e9pest \u00f6sszess\u00e9g\u00e9ben kedvez\u0151bb folyamatokr\u00f3l sz\u00e1moltak be. 2018-ban a trend v\u00e9gig kedvez\u0151 k\u00e9pet mutatott, ami folytat\u00f3dott 2019-ben is &#8211; k\u00f6z\u00f6lte a Magyar Logisztikai, Beszerz\u00e9si \u00e9s K\u00e9szletez\u00e9si T\u00e1rsas\u00e1g (MLBKT) cs\u00fct\u00f6rt\u00f6k\u00f6n.<\/strong><!--more--><\/p>\n<div class=\"ads-in-post1\"><div id=\"gazdasagportal.hu_fullbanner_wideboard\"><\/div>\r\n<\/div>\n<p>    A 2019 december havi index nagyobb a novemberi (53,1) \u00e9rt\u00e9kn\u00e9l, \u00e9s a hetedik legmagasabb decemberi adat, \u00e9rt\u00e9ke fel\u00fclm\u00falja a hossz\u00fa t\u00e1v\u00fa decemberi \u00e1tlagot (52,4), \u00e9s nem \u00e9ri el az elm\u00falt h\u00e1rom \u00e9v \u00e1tlag\u00e1t (55,1).<br \/>\n    Az MLBKT k\u00f6zlem\u00e9nye szerint a felm\u00e9r\u00e9sben vizsg\u00e1lt r\u00e9szindexek t\u00f6bbs\u00e9ge n\u0151tt novemberhez k\u00e9pest, a v\u00e1ltoz\u00e1sok m\u00e9rt\u00e9ke n\u00e9gy esetben haladta meg a 4 sz\u00e1zal\u00e9kpontot.<br \/>\n    A termel\u00e9si mennyis\u00e9g indexe n\u0151tt novemberhez k\u00e9pest, \u00e9s 50,0 pont felett maradva a termelt mennyis\u00e9g emelked\u00e9s\u00e9t jelzi. A mostani \u00e9rt\u00e9k \u00e1tlag feletti, 1995 \u00f3ta hatszor volt enn\u00e9l magasabb decemberben.<br \/>\n    Az \u00faj rendel\u00e9sek indexe n\u00e9mileg er\u0151s\u00f6d\u00f6tt, azt mutatva, hogy az \u00faj rendel\u00e9sek \u00e1llom\u00e1nya ism\u00e9t magasabb lett az el\u0151z\u0151 h\u00f3naphoz viszony\u00edtva. \u00c9rt\u00e9ke \u00e1tlag feletti, 1995 \u00f3ta, eddig h\u00e9t alkalommal m\u00e9rtek magasabb decemberi mutat\u00f3t.<br \/>\n    A decemberi sz\u00e1ll\u00edt\u00e1si \u00e1tfut\u00e1si id\u0151 hosszabb lett novemberhez k\u00e9pest, de az \u00fctem gyeng\u00fclt. Az index \u00e9rt\u00e9ke az elm\u00falt egy \u00e9vben v\u00e9gig 50,0 pont alatt volt. A kor\u00e1bbi decemberi \u00e9rt\u00e9keket n\u00e9zve az idei a tizenegyedik legalacsonyabb \u00e9rt\u00e9k.<br \/>\n    A v\u00e1s\u00e1rolt k\u00e9szletek \u00f6t\u00f6dik alkalommal b\u0151v\u00fcltek egy h\u00f3nap sz\u0171k\u00fcl\u00e9s ut\u00e1n. A decemberi index\u00e9rt\u00e9k az elm\u00falt \u00e9vekhez k\u00e9pest \u00e1tlag feletti, \u00e9s a harmadik legnagyobb decemberi. Tavaly \u00f6sszesen tizenegy h\u00f3napban jelzett n\u00f6veked\u00e9st a mutat\u00f3.<br \/>\n    A foglalkoztatotts\u00e1gi index az elm\u00falt h\u00f3napt\u00f3l elt\u00e9r\u0151en decemberben cs\u00f6kken\u00e9sre utal. Az index \u00e9rt\u00e9ke kisebb lett novemberhez k\u00e9pest, \u00e9s \u00e1tlag alatti a kor\u00e1bbi decemberi adatokkal \u00f6sszevetve.<br \/>\n<div class=\"ads-in-post2\"><script async src=\"https:\/\/pagead2.googlesyndication.com\/pagead\/js\/adsbygoogle.js\"><\/script>\r\n<ins class=\"adsbygoogle\"\r\n     style=\"display:block\"\r\n     data-ad-format=\"fluid\"\r\n     data-ad-layout-key=\"-6t+ed+2i-1n-4w\"\r\n     data-ad-client=\"ca-pub-1959107119989764\"\r\n     data-ad-slot=\"4008251320\"><\/ins>\r\n<script>\r\n     (adsbygoogle = window.adsbygoogle || []).push({});\r\n<\/script><\/div>\n    A beszerz\u00e9si mennyis\u00e9g indexe n\u0151tt 2019 utols\u00f3 h\u00f3napj\u00e1ban, \u00e9s 50,0 pont f\u00f6l\u00f6tt maradva tov\u00e1bbra is a beszerz\u00e9si mennyis\u00e9g emelked\u00e9s\u00e9t jelzi.<br \/>\n    A beszerz\u00e9si \u00e1rak eset\u00e9ben az index \u00e9rt\u00e9ke magasabb lett, \u00e9s 50,0 pont felett maradva tov\u00e1bbi \u00e1rn\u00f6veked\u00e9st jelez a v\u00e1laszad\u00f3k szerint. Ezzel a beszerz\u00e9si \u00e1rak nyolc h\u00f3nap cs\u00f6kken\u00e9s ut\u00e1n a szezon\u00e1lis kiigaz\u00edt\u00e1snak k\u00f6sz\u00f6nhet\u0151en negyvennegyedik h\u00f3napja lesznek magasabbak. A mostani \u00fctem 1995 \u00f3ta vizsg\u00e1lva a tizenharmadik legnagyobb decemberi a k\u00f6zlem\u00e9ny szerint.<br \/>\n    A k\u00e9szterm\u00e9kk\u00e9szletek szintje decemberben magasabb lett az el\u0151z\u0151 h\u00f3naphoz k\u00e9pest, de \u00fcteme tov\u00e1bbra sem t\u00fal er\u0151s. Ennek ellen\u00e9re a kor\u00e1bbi decemberi \u00e9rt\u00e9kekhez viszony\u00edtva \u00e1tlag feletti, a nyolcadik legnagyobb 1995 \u00f3ta.<br \/>\n    A k\u00fclpiaci mutat\u00f3k k\u00f6z\u00fcl az importindex \u00e9rt\u00e9ke n\u0151tt novemberhez k\u00e9pest, \u00e9s 50,0 pont f\u00f6l\u00f6tt maradt. A szezon\u00e1lis kiigaz\u00edt\u00e1snak k\u00f6sz\u00f6nhet\u0151en az index negyven h\u00f3napig jelezte az import mennyis\u00e9g\u00e9nek n\u00f6veked\u00e9s\u00e9t az egyhavi sz\u0171k\u00fcl\u00e9st megel\u0151z\u0151en, az\u00f3ta h\u00e1rom h\u00f3napja tart a b\u0151v\u00fcl\u0151 trend. A m\u00e1sik k\u00fclpiaci mutat\u00f3, az exportindex eset\u00e9ben hasonl\u00f3 folyamat rajzol\u00f3dik ki: \u00e9rt\u00e9ke n\u0151tt az el\u0151z\u0151 h\u00f3naphoz k\u00e9pest, \u00e9s 50,0 pont f\u00f6l\u00e9 ker\u00fclve jelzi az export mennyis\u00e9g\u00e9nek er\u0151sebb \u00fctem\u0171 b\u0151v\u00fcl\u00e9s\u00e9t.<br \/>\n    A Beszerz\u00e9si Menedzser Index (BMI) egy \u00f6sszetett mutat\u00f3sz\u00e1m, amelynek 50 feletti \u00e9rt\u00e9ke a feldolgoz\u00f3ipari tev\u00e9kenys\u00e9gek fellend\u00fcl\u00e9s\u00e9re, 50 alatti \u00e9rt\u00e9ke a recesszi\u00f3 ir\u00e1ny\u00e1ba val\u00f3 elmozdul\u00e1sra utal.(MTI)<\/p>\n","protected":false},"excerpt":{"rendered":"<p>A Beszerz\u00e9si Menedzser Index (BMI) szezon\u00e1lisan kiigaz\u00edtott decemberi \u00e9rt\u00e9ke 53,9, ez alapj\u00e1n a v\u00e1laszad\u00f3k az el\u0151z\u0151 h\u00f3naphoz k\u00e9pest \u00f6sszess\u00e9g\u00e9ben kedvez\u0151bb folyamatokr\u00f3l sz\u00e1moltak be. 2018-ban a trend v\u00e9gig kedvez\u0151 k\u00e9pet mutatott, ami folytat\u00f3dott 2019-ben is &#8211; k\u00f6z\u00f6lte a Magyar Logisztikai, Beszerz\u00e9si \u00e9s K\u00e9szletez\u00e9si T\u00e1rsas\u00e1g (MLBKT) cs\u00fct\u00f6rt\u00f6k\u00f6n.<\/p>\n","protected":false},"author":1,"featured_media":0,"comment_status":"closed","ping_status":"open","sticky":false,"template":"","format":"standard","meta":[],"categories":[19],"tags":[],"_links":{"self":[{"href":"https:\/\/gazdasagportal.hu\/index.php\/wp-json\/wp\/v2\/posts\/122653"}],"collection":[{"href":"https:\/\/gazdasagportal.hu\/index.php\/wp-json\/wp\/v2\/posts"}],"about":[{"href":"https:\/\/gazdasagportal.hu\/index.php\/wp-json\/wp\/v2\/types\/post"}],"author":[{"embeddable":true,"href":"https:\/\/gazdasagportal.hu\/index.php\/wp-json\/wp\/v2\/users\/1"}],"replies":[{"embeddable":true,"href":"https:\/\/gazdasagportal.hu\/index.php\/wp-json\/wp\/v2\/comments?post=122653"}],"version-history":[{"count":1,"href":"https:\/\/gazdasagportal.hu\/index.php\/wp-json\/wp\/v2\/posts\/122653\/revisions"}],"predecessor-version":[{"id":122654,"href":"https:\/\/gazdasagportal.hu\/index.php\/wp-json\/wp\/v2\/posts\/122653\/revisions\/122654"}],"wp:attachment":[{"href":"https:\/\/gazdasagportal.hu\/index.php\/wp-json\/wp\/v2\/media?parent=122653"}],"wp:term":[{"taxonomy":"category","embeddable":true,"href":"https:\/\/gazdasagportal.hu\/index.php\/wp-json\/wp\/v2\/categories?post=122653"},{"taxonomy":"post_tag","embeddable":true,"href":"https:\/\/gazdasagportal.hu\/index.php\/wp-json\/wp\/v2\/tags?post=122653"}],"curies":[{"name":"wp","href":"https:\/\/api.w.org\/{rel}","templated":true}]}}