{"id":122570,"date":"2019-12-30T09:59:34","date_gmt":"2019-12-30T08:59:34","guid":{"rendered":"http:\/\/gazdasagportal.hu\/?p=122570"},"modified":"2019-12-30T08:01:08","modified_gmt":"2019-12-30T07:01:08","slug":"donald-trump-ki-kell-irtani-az-antiszemitizmus-ordogi-sorscsapasat","status":"publish","type":"post","link":"https:\/\/gazdasagportal.hu\/index.php\/donald-trump-ki-kell-irtani-az-antiszemitizmus-ordogi-sorscsapasat\/","title":{"rendered":"Donald Trump: ki kell irtani az antiszemitizmus \u00f6rd\u00f6gi sorscsap\u00e1s\u00e1t"},"content":{"rendered":"<p><strong>Ki kell irtani az antiszemitizmus \u00f6rd\u00f6gi sorscsap\u00e1s\u00e1t &#8211; \u00edrta Donald Trump amerikai eln\u00f6k a Twitteren vas\u00e1rnap d\u00e9lut\u00e1n, a New York \u00e1llamban egy rabbi otthon\u00e1ban elk\u00f6vetett k\u00e9sel\u00e9ses mer\u00e9nyletre reag\u00e1lva.  <\/strong><!--more--><\/p>\n<div class=\"ads-in-post1\"><div id=\"gazdasagportal.hu_fullbanner_wideboard\"><\/div>\r\n<\/div>\n<p>    Az eln\u00f6k hangs\u00falyozta, hogy a Hanukka \u00fcnnep\u00e9nek hetedik \u00e9jszak\u00e1j\u00e1n elk\u00f6vetett antiszemita t\u00e1mad\u00e1s &#8222;r\u00e9ms\u00e9ges&#8221; volt.     &#8222;Valamennyi\u00fcnknek \u00f6ssze kell fognunk&#8221; &#8211; hangs\u00falyozta, \u00e9s kiemelte az antiszemitizmus elleni k\u00f6z\u00f6s harc fontoss\u00e1g\u00e1t.<br \/>\n    Donald Trump egyben a saj\u00e1t \u00e9s a hitvese nev\u00e9ben is gyors \u00e9s teljes jobbul\u00e1st k\u00edv\u00e1nt a t\u00e1mad\u00e1sban megsebes\u00fclt \u00e1ldozatoknak.<br \/>\n    A New York v\u00e1ros\u00e1t\u00f3l mintegy 50 kilom\u00e9ternyire \u00e9szakra fekv\u0151 Monsey v\u00e1rosk\u00e1ban szombaton este egy \u00e1larcos mer\u00e9nyl\u0151 \u00f6t ember k\u00e9selt meg machet\u00e9vel a helyi haszid rabbi, H\u00e1im Rottenberg lak\u00e1s\u00e1n rendezett \u00fcnneps\u00e9gen. A felt\u00e9telezett afroamerikai mer\u00e9nyl\u0151t, a 37 \u00e9ves Thomas Graftont vas\u00e1rnap elfogt\u00e1k.<br \/>\n    Andrew Cuomo az \u00e1llam korm\u00e1nyz\u00f3ja &#8222;belf\u00f6ldi terrorizmusnak&#8221; min\u0151s\u00edtette a t\u00e1mad\u00e1st.<br \/>\n<div class=\"ads-in-post2\"><script async src=\"https:\/\/pagead2.googlesyndication.com\/pagead\/js\/adsbygoogle.js\"><\/script>\r\n<ins class=\"adsbygoogle\"\r\n     style=\"display:block\"\r\n     data-ad-format=\"fluid\"\r\n     data-ad-layout-key=\"-6t+ed+2i-1n-4w\"\r\n     data-ad-client=\"ca-pub-1959107119989764\"\r\n     data-ad-slot=\"4008251320\"><\/ins>\r\n<script>\r\n     (adsbygoogle = window.adsbygoogle || []).push({});\r\n<\/script><\/div>\n   Az elm\u00falt hetekben New Yorkban \u00e9s New Jerseyben t\u00f6bb t\u00e1mad\u00e1st k\u00f6vettek el zsid\u00f3 vall\u00e1s\u00fa emberek ellen. Decemberben Jersey City egyik k\u00f3ser boltj\u00e1ban l\u0151ttek le h\u00e1rom embert, a h\u00e9ten pedig h\u00e9t esetben s\u00e9rtegettek, vagy vertek meg zsid\u00f3kat. Szombaton Bill de Blasio, New York polg\u00e1rmestere be is jelentette, hogy meger\u0151s\u00edtik a rend\u0151ri jelenl\u00e9tet a v\u00e1ros azon negyedeiben, ahol jelent\u0151s l\u00e9leksz\u00e1m\u00fa zsid\u00f3 k\u00f6z\u00f6ss\u00e9gek \u00e9lnek.     Az amerikai sajt\u00f3 vas\u00e1rnapi jelent\u00e9sei szerint New York Brooklyn negyed\u00e9ben az \u0150rangyalok (The Guardian Angels) nev\u0171 fegyvertelen civil szervezet tagjai vas\u00e1rnap d\u00e9lut\u00e1n megkezdt\u00e9k a j\u00e1r\u0151r\u00f6z\u00e9st.<br \/>\n    A csoport alap\u00edt\u00f3ja, Curtis Sliwa, az NBC telev\u00edzi\u00f3nak elmondta, hogy \u00e9jjel-nappal j\u00e1r\u0151r\u00f6znek, els\u0151sorban Brooklynban, de ha sz\u00fcks\u00e9ges, New York m\u00e1s negyedeiben is. Elmondta azt is: meggy\u0151z\u0151d\u00e9se szerint csoportjuk tev\u00e9kenys\u00e9g\u00e9nek k\u00f6sz\u00f6nhet\u0151en abbamaradnak az antiszemita t\u00e1mad\u00e1sok.<br \/>\n    &#8222;Piros sapk\u00e1nkkal \u00e9s piros szat\u00e9n dzsekinkkel nagyon is j\u00f3l l\u00e1that\u00f3ak vagyunk, \u00edgy elrettenthetj\u00fck azokat, akik t\u00e1mad\u00e1sokat terveznek&#8221; &#8211; fogalmazott Sliwa.(MTI)<\/p>\n","protected":false},"excerpt":{"rendered":"<p>Ki kell irtani az antiszemitizmus \u00f6rd\u00f6gi sorscsap\u00e1s\u00e1t &#8211; \u00edrta Donald Trump amerikai eln\u00f6k a Twitteren vas\u00e1rnap d\u00e9lut\u00e1n, a New York \u00e1llamban egy rabbi otthon\u00e1ban elk\u00f6vetett k\u00e9sel\u00e9ses mer\u00e9nyletre reag\u00e1lva.<\/p>\n","protected":false},"author":1001003,"featured_media":0,"comment_status":"closed","ping_status":"open","sticky":false,"template":"","format":"standard","meta":[],"categories":[13],"tags":[],"_links":{"self":[{"href":"https:\/\/gazdasagportal.hu\/index.php\/wp-json\/wp\/v2\/posts\/122570"}],"collection":[{"href":"https:\/\/gazdasagportal.hu\/index.php\/wp-json\/wp\/v2\/posts"}],"about":[{"href":"https:\/\/gazdasagportal.hu\/index.php\/wp-json\/wp\/v2\/types\/post"}],"author":[{"embeddable":true,"href":"https:\/\/gazdasagportal.hu\/index.php\/wp-json\/wp\/v2\/users\/1001003"}],"replies":[{"embeddable":true,"href":"https:\/\/gazdasagportal.hu\/index.php\/wp-json\/wp\/v2\/comments?post=122570"}],"version-history":[{"count":1,"href":"https:\/\/gazdasagportal.hu\/index.php\/wp-json\/wp\/v2\/posts\/122570\/revisions"}],"predecessor-version":[{"id":122571,"href":"https:\/\/gazdasagportal.hu\/index.php\/wp-json\/wp\/v2\/posts\/122570\/revisions\/122571"}],"wp:attachment":[{"href":"https:\/\/gazdasagportal.hu\/index.php\/wp-json\/wp\/v2\/media?parent=122570"}],"wp:term":[{"taxonomy":"category","embeddable":true,"href":"https:\/\/gazdasagportal.hu\/index.php\/wp-json\/wp\/v2\/categories?post=122570"},{"taxonomy":"post_tag","embeddable":true,"href":"https:\/\/gazdasagportal.hu\/index.php\/wp-json\/wp\/v2\/tags?post=122570"}],"curies":[{"name":"wp","href":"https:\/\/api.w.org\/{rel}","templated":true}]}}