{"id":122539,"date":"2019-12-28T14:56:05","date_gmt":"2019-12-28T13:56:05","guid":{"rendered":"http:\/\/gazdasagportal.hu\/?p=122539"},"modified":"2019-12-28T10:26:52","modified_gmt":"2019-12-28T09:26:52","slug":"szijjarto-magyarorszag-egyertelmuen-az-uj-vilaggazdasagi-korszak-nyertesei-koze-tartozik","status":"publish","type":"post","link":"https:\/\/gazdasagportal.hu\/index.php\/szijjarto-magyarorszag-egyertelmuen-az-uj-vilaggazdasagi-korszak-nyertesei-koze-tartozik\/","title":{"rendered":"Szijj\u00e1rt\u00f3: Magyarorsz\u00e1g egy\u00e9rtelm\u0171en az \u00faj vil\u00e1ggazdas\u00e1gi korszak nyertesei k\u00f6z\u00e9 tartozik"},"content":{"rendered":"<p><strong>A magyar gazdas\u00e1gban sikeresen megy v\u00e9gbe a dimenzi\u00f3v\u00e1lt\u00e1s, amelynek nyom\u00e1n Magyarorsz\u00e1g egy\u00e9rtelm\u0171en az \u00faj vil\u00e1ggazdas\u00e1gi korszak nyertesei k\u00f6z\u00e9 tartozik &#8211; k\u00f6z\u00f6lte Szijj\u00e1rt\u00f3 P\u00e9ter k\u00fclgazdas\u00e1gi \u00e9s k\u00fcl\u00fcgyminiszter szombaton az MTI-vel.<\/strong><!--more--><\/p>\n<div class=\"ads-in-post1\"><div id=\"gazdasagportal.hu_fullbanner_wideboard\"><\/div>\r\n<\/div>\n<p>    &#8222;A folyamatosan magas sz\u00ednvonalon teljes\u00edt\u0151 magyar munkaer\u0151nek, Eur\u00f3pa legalacsonyabb ad\u00f3inak \u00e9s az \u00faj t\u00e1mogat\u00e1si rendszernek k\u00f6sz\u00f6nhet\u0151en minden id\u0151k legt\u00f6bb beruh\u00e1z\u00e1sa \u00e9rkezett id\u00e9n Magyarorsz\u00e1gra&#8221; &#8211; emelte ki a miniszter.<br \/>\n    K\u00f6z\u00f6lte, a november v\u00e9gi adatok alapj\u00e1n 1540 milli\u00e1rd forint \u00e9rt\u00e9kben sz\u00fcletett pozit\u00edv befektet\u00e9si d\u00f6nt\u00e9s Magyarorsz\u00e1g vonatkoz\u00e1s\u00e1ban, ezzel a beruh\u00e1z\u00e1si volumen tekintet\u00e9ben m\u00e1r novemberben megd\u0151lt a tavalyi eg\u00e9sz \u00e9ves eredm\u00e9ny. A beruh\u00e1z\u00e1s\u00f6szt\u00f6nz\u00e9si rendszeren kereszt\u00fcl l\u00e9trej\u00f6tt \u00faj munkahelyeken a brutt\u00f3 fizet\u00e9s tavaly \u00e1tlagosan havi 420 ezer, id\u00e9n az els\u0151 11 h\u00f3nap alapj\u00e1n 457 ezer forint volt.<br \/>\n<div class=\"ads-in-post2\"><script async src=\"https:\/\/pagead2.googlesyndication.com\/pagead\/js\/adsbygoogle.js\"><\/script>\r\n<ins class=\"adsbygoogle\"\r\n     style=\"display:block\"\r\n     data-ad-format=\"fluid\"\r\n     data-ad-layout-key=\"-6t+ed+2i-1n-4w\"\r\n     data-ad-client=\"ca-pub-1959107119989764\"\r\n     data-ad-slot=\"4008251320\"><\/ins>\r\n<script>\r\n     (adsbygoogle = window.adsbygoogle || []).push({});\r\n<\/script><\/div>\n    Szijj\u00e1rt\u00f3 P\u00e9ter \u00fagy fogalmazott, Magyarorsz\u00e1g az elektromosaut\u00f3-ipar fellegv\u00e1ra lett, miut\u00e1n a glob\u00e1lis aut\u00f3ipar \u00e1talak\u00edt\u00e1s\u00e1nak temp\u00f3j\u00e1t dikt\u00e1l\u00f3 nagy koreai v\u00e1llalatok sorra hozz\u00e1k \u00faj gy\u00e1raikat Magyarorsz\u00e1gra.<br \/>\n    Eml\u00e9keztetett: Magyarorsz\u00e1gon \u00e9p\u00fcl a vil\u00e1g legnagyobb elektromosakkumul\u00e1tor-gy\u00e1ra \u00e9s besz\u00e1ll\u00edt\u00f3i h\u00e1torsz\u00e1ga, ami egy\u00e9rtelm\u0171en Magyarorsz\u00e1g siker\u00e9t vet\u00edti el\u0151re a vil\u00e1g aut\u00f3ipar\u00e1nak \u00faj korszak\u00e1ban.<br \/>\n    A magyar gazdas\u00e1gt\u00f6rt\u00e9netben \u00f6t \u00e9v ut\u00e1n most fordult el\u0151 el\u0151sz\u00f6r, hogy a befektet\u00e9sek tekintet\u00e9ben nem a n\u00e9metek\u00e9, hanem D\u00e9l-Kore\u00e1\u00e9 az els\u0151 hely. Az idei beruh\u00e1z\u00e1sok nyom\u00e1n a d\u00e9l-koreai v\u00e1llalatok alkotj\u00e1k a legnagyobb beruh\u00e1z\u00f3i k\u00f6z\u00f6ss\u00e9get, \u00edgy 2019-ben D\u00e9l-Kore\u00e1b\u00f3l \u00e9rkezik a legt\u00f6bb beruh\u00e1z\u00e1s Magyarorsz\u00e1gra, ami vil\u00e1gosan mutatja a keleti nyit\u00e1s siker\u00e9t &#8211; mutatott r\u00e1 a k\u00fclgazdas\u00e1gi \u00e9s k\u00fcl\u00fcgyminiszter.(MTI)<\/p>\n","protected":false},"excerpt":{"rendered":"<p>A magyar gazdas\u00e1gban sikeresen megy v\u00e9gbe a dimenzi\u00f3v\u00e1lt\u00e1s, amelynek nyom\u00e1n Magyarorsz\u00e1g egy\u00e9rtelm\u0171en az \u00faj vil\u00e1ggazdas\u00e1gi korszak nyertesei k\u00f6z\u00e9 tartozik &#8211; k\u00f6z\u00f6lte Szijj\u00e1rt\u00f3 P\u00e9ter k\u00fclgazdas\u00e1gi \u00e9s k\u00fcl\u00fcgyminiszter szombaton az MTI-vel.<\/p>\n","protected":false},"author":1001003,"featured_media":0,"comment_status":"closed","ping_status":"open","sticky":false,"template":"","format":"standard","meta":[],"categories":[19],"tags":[],"_links":{"self":[{"href":"https:\/\/gazdasagportal.hu\/index.php\/wp-json\/wp\/v2\/posts\/122539"}],"collection":[{"href":"https:\/\/gazdasagportal.hu\/index.php\/wp-json\/wp\/v2\/posts"}],"about":[{"href":"https:\/\/gazdasagportal.hu\/index.php\/wp-json\/wp\/v2\/types\/post"}],"author":[{"embeddable":true,"href":"https:\/\/gazdasagportal.hu\/index.php\/wp-json\/wp\/v2\/users\/1001003"}],"replies":[{"embeddable":true,"href":"https:\/\/gazdasagportal.hu\/index.php\/wp-json\/wp\/v2\/comments?post=122539"}],"version-history":[{"count":1,"href":"https:\/\/gazdasagportal.hu\/index.php\/wp-json\/wp\/v2\/posts\/122539\/revisions"}],"predecessor-version":[{"id":122540,"href":"https:\/\/gazdasagportal.hu\/index.php\/wp-json\/wp\/v2\/posts\/122539\/revisions\/122540"}],"wp:attachment":[{"href":"https:\/\/gazdasagportal.hu\/index.php\/wp-json\/wp\/v2\/media?parent=122539"}],"wp:term":[{"taxonomy":"category","embeddable":true,"href":"https:\/\/gazdasagportal.hu\/index.php\/wp-json\/wp\/v2\/categories?post=122539"},{"taxonomy":"post_tag","embeddable":true,"href":"https:\/\/gazdasagportal.hu\/index.php\/wp-json\/wp\/v2\/tags?post=122539"}],"curies":[{"name":"wp","href":"https:\/\/api.w.org\/{rel}","templated":true}]}}