{"id":122531,"date":"2019-12-28T09:51:38","date_gmt":"2019-12-28T08:51:38","guid":{"rendered":"http:\/\/gazdasagportal.hu\/?p=122531"},"modified":"2019-12-28T09:51:38","modified_gmt":"2019-12-28T08:51:38","slug":"kozgazdasz-a-magyar-gazdasag-szamara-donto-jelentosegu-a-nemzetkozi-kornyezet-alakulasa","status":"publish","type":"post","link":"https:\/\/gazdasagportal.hu\/index.php\/kozgazdasz-a-magyar-gazdasag-szamara-donto-jelentosegu-a-nemzetkozi-kornyezet-alakulasa\/","title":{"rendered":"K\u00f6zgazd\u00e1sz: a magyar gazdas\u00e1g sz\u00e1m\u00e1ra d\u00f6nt\u0151 jelent\u0151s\u00e9g\u0171 a nemzetk\u00f6zi k\u00f6rnyezet alakul\u00e1sa"},"content":{"rendered":"<p><strong>A kis, nyitott gazdas\u00e1gok sz\u00e1m\u00e1ra, mint amilyen a magyar is, d\u00f6nt\u0151 jelent\u0151s\u00e9g\u0171 a nemzetk\u00f6zi k\u00f6rnyezet alakul\u00e1sa &#8211; mondta el Halmai P\u00e9ter k\u00f6zgazd\u00e1sz, egyetemi tan\u00e1r az M1 aktu\u00e1lis csatorna szombat reggeli m\u0171sor\u00e1ban.<\/strong><!--more--><\/p>\n<div class=\"ads-in-post1\"><div id=\"gazdasagportal.hu_fullbanner_wideboard\"><\/div>\r\n<\/div>\n<p>    A szak\u00e9rt\u0151 felh\u00edvta a figyelmet arra: a magyar gazdas\u00e1g 2017 \u00f3ta produk\u00e1l magas n\u00f6veked\u00e9si teljes\u00edtm\u00e9nyt, \u00e9s a c\u00e9l az, hogy ezt hossz\u00fa t\u00e1von is fenn lehessen tartani. 2016 ut\u00e1n els\u0151sorban a munkaer\u0151 bevon\u00e1s\u00e1val, majd a beruh\u00e1z\u00e1sok felfut\u00e1s\u00e1val f\u00fcgg\u00f6tt \u00f6ssze a gazdas\u00e1g n\u00f6veked\u00e9se, a legut\u00f3bbi id\u0151szakban pedig m\u00e1r a termel\u00e9kenys\u00e9g is kedvez\u0151en alakult &#8211; mutatott r\u00e1.<br \/>\n    Hozz\u00e1tette: a vil\u00e1ggazdas\u00e1g ciklikuss\u00e1ga miatt ugyanakkor nem ker\u00fclhet\u0151 el a n\u00f6veked\u00e9s lassul\u00e1sa, biztosra vehet\u0151, hogy a jelenleg 5 sz\u00e1zal\u00e9k k\u00f6r\u00fcli n\u00f6veked\u00e9s nem tarthat\u00f3 fenn; a k\u00e9rd\u00e9s az, hogy a recesszi\u00f3 mikor \u00e9rkezik el \u00e9s milyen m\u00e9rt\u00e9k\u0171 lesz.<br \/>\n<div class=\"ads-in-post2\"><script async src=\"https:\/\/pagead2.googlesyndication.com\/pagead\/js\/adsbygoogle.js\"><\/script>\r\n<ins class=\"adsbygoogle\"\r\n     style=\"display:block\"\r\n     data-ad-format=\"fluid\"\r\n     data-ad-layout-key=\"-6t+ed+2i-1n-4w\"\r\n     data-ad-client=\"ca-pub-1959107119989764\"\r\n     data-ad-slot=\"4008251320\"><\/ins>\r\n<script>\r\n     (adsbygoogle = window.adsbygoogle || []).push({});\r\n<\/script><\/div>\n    Halmai P\u00e9ter \u00fagy v\u00e9lte, egyel\u0151re a &#8222;Trump-effektus&#8221; m\u00e9g n\u00f6veked\u00e9si lend\u00fcletet ad a vil\u00e1ggazdas\u00e1gnak. Ezzel kapcsolatban kifejtette: a globaliz\u00e1ci\u00f3, az \u00f6sszefon\u00f3d\u00f3 gazdas\u00e1gok kor\u00e1ban kock\u00e1zatos az, amit az amerikai eln\u00f6k tesz, hogy \u00e9lezi a vil\u00e1gkereskedelmi fesz\u00fclts\u00e9geket, ugyanakkor \u00fagy t\u0171nik, ezt egyel\u0151re d\u00edjazz\u00e1k a piacok \u00e9s tart a gazdas\u00e1gi n\u00f6veked\u00e9s. Az amerikai adminisztr\u00e1ci\u00f3 \u00e9rdeke az, hogy az eln\u00f6kv\u00e1laszt\u00e1s el\u0151tt ne legyen recesszi\u00f3 &#8211; jegyezte meg.(MTI)<\/p>\n","protected":false},"excerpt":{"rendered":"<p>A kis, nyitott gazdas\u00e1gok sz\u00e1m\u00e1ra, mint amilyen a magyar is, d\u00f6nt\u0151 jelent\u0151s\u00e9g\u0171 a nemzetk\u00f6zi k\u00f6rnyezet alakul\u00e1sa &#8211; mondta el Halmai P\u00e9ter k\u00f6zgazd\u00e1sz, egyetemi tan\u00e1r az M1 aktu\u00e1lis csatorna szombat reggeli m\u0171sor\u00e1ban.<\/p>\n","protected":false},"author":1001003,"featured_media":0,"comment_status":"closed","ping_status":"open","sticky":false,"template":"","format":"standard","meta":[],"categories":[19,246],"tags":[],"_links":{"self":[{"href":"https:\/\/gazdasagportal.hu\/index.php\/wp-json\/wp\/v2\/posts\/122531"}],"collection":[{"href":"https:\/\/gazdasagportal.hu\/index.php\/wp-json\/wp\/v2\/posts"}],"about":[{"href":"https:\/\/gazdasagportal.hu\/index.php\/wp-json\/wp\/v2\/types\/post"}],"author":[{"embeddable":true,"href":"https:\/\/gazdasagportal.hu\/index.php\/wp-json\/wp\/v2\/users\/1001003"}],"replies":[{"embeddable":true,"href":"https:\/\/gazdasagportal.hu\/index.php\/wp-json\/wp\/v2\/comments?post=122531"}],"version-history":[{"count":1,"href":"https:\/\/gazdasagportal.hu\/index.php\/wp-json\/wp\/v2\/posts\/122531\/revisions"}],"predecessor-version":[{"id":122532,"href":"https:\/\/gazdasagportal.hu\/index.php\/wp-json\/wp\/v2\/posts\/122531\/revisions\/122532"}],"wp:attachment":[{"href":"https:\/\/gazdasagportal.hu\/index.php\/wp-json\/wp\/v2\/media?parent=122531"}],"wp:term":[{"taxonomy":"category","embeddable":true,"href":"https:\/\/gazdasagportal.hu\/index.php\/wp-json\/wp\/v2\/categories?post=122531"},{"taxonomy":"post_tag","embeddable":true,"href":"https:\/\/gazdasagportal.hu\/index.php\/wp-json\/wp\/v2\/tags?post=122531"}],"curies":[{"name":"wp","href":"https:\/\/api.w.org\/{rel}","templated":true}]}}