{"id":122527,"date":"2019-12-27T16:35:46","date_gmt":"2019-12-27T15:35:46","guid":{"rendered":"http:\/\/gazdasagportal.hu\/?p=122527"},"modified":"2019-12-27T16:35:47","modified_gmt":"2019-12-27T15:35:47","slug":"itm-a-belfoldi-gaztarozok-tele-vannak-a-foldgazellatas-biztositott-a-teli-honapokra","status":"publish","type":"post","link":"https:\/\/gazdasagportal.hu\/index.php\/itm-a-belfoldi-gaztarozok-tele-vannak-a-foldgazellatas-biztositott-a-teli-honapokra\/","title":{"rendered":"ITM: a belf\u00f6ldi g\u00e1zt\u00e1roz\u00f3k tele vannak, a f\u00f6ldg\u00e1zell\u00e1t\u00e1s biztos\u00edtott a t\u00e9li h\u00f3napokra"},"content":{"rendered":"<p><strong>Az \u00e9v v\u00e9g\u00e9hez k\u00f6zeledve 98,5 sz\u00e1zal\u00e9k a belf\u00f6ldi g\u00e1zt\u00e1roz\u00f3k t\u00f6lt\u00f6tts\u00e9ge, k\u00fclf\u00f6ldr\u0151l a kereskedelmi meg\u00e1llapod\u00e1soknak megfelel\u0151en \u00e9rkezik a f\u00f6ldg\u00e1z Magyarorsz\u00e1gra &#8211; k\u00f6z\u00f6lte az Innov\u00e1ci\u00f3s \u00e9s Technol\u00f3giai Miniszt\u00e9rium (ITM) energia\u00fcgyek\u00e9rt \u00e9s kl\u00edmapolitik\u00e1\u00e9rt felel\u0151s \u00e1llamtitk\u00e1ra p\u00e9nteken Budapesten, sajt\u00f3t\u00e1j\u00e9koztat\u00f3n.<br \/>\n        Kaderj\u00e1k P\u00e9ter \u00e9rt\u00e9kel\u00e9se szerint a f\u00f6ldg\u00e1zell\u00e1t\u00e1s biztos\u00edtott a t\u00e9li h\u00f3napokra, a lakoss\u00e1g \u00e9s a k\u00f6zfeladatok ell\u00e1t\u00e1s\u00e1hoz sz\u00fcks\u00e9ges mennyis\u00e9g egyar\u00e1nt rendelkez\u00e9sre \u00e1ll. Magyarorsz\u00e1g r\u00e9szt v\u00e1llal a k\u00f6rnyez\u0151 \u00e1llamok ell\u00e1t\u00e1s\u00e1ban is, hiszen Szerbia \u00e9s Bosznia kiz\u00e1r\u00f3lag innen juthat g\u00e1zhoz, a t\u00e9li felk\u00e9sz\u00fcl\u00e9sben pedig Horv\u00e1torsz\u00e1got \u00e9s Rom\u00e1ni\u00e1t is seg\u00edtette &#8211; tette hozz\u00e1.  <\/strong><!--more--><\/p>\n<div class=\"ads-in-post1\"><div id=\"gazdasagportal.hu_fullbanner_wideboard\"><\/div>\r\n<\/div>\n<p>        Az \u00e1llamtitk\u00e1r elmondta, hogy a korm\u00e1ny az id\u00e9n a t\u00e1rol\u00f3kapacit\u00e1sok teljes kihaszn\u00e1l\u00e1s\u00e1ra t\u00e1maszkodva a szok\u00e1sosn\u00e1l is er\u0151sebb t\u00e9li felk\u00e9sz\u00fcl\u00e9s mellett d\u00f6nt\u00f6tt, \u00edgy el\u0151sz\u00f6r fordult el\u0151, hogy a szezon kezdet\u00e9n el\u00e9rte a 100 sz\u00e1zal\u00e9kot a g\u00e1zt\u00e1roz\u00f3k felt\u00f6lt\u00f6tts\u00e9ge. A biztons\u00e1gi k\u00e9szletekkel egy\u00fctt a belf\u00f6ld\u00f6n t\u00e1rolt mennyis\u00e9g meghaladta a 6,3 milli\u00e1rd k\u00f6bm\u00e9tert, vagyis 2,7 milli\u00e1rd k\u00f6bm\u00e9terrel t\u00f6bb volt, mint tavaly.<br \/>\n        A strat\u00e9giai k\u00e9szlet mennyis\u00e9ge 1,45 milli\u00e1rd k\u00f6bm\u00e9ter. Az elt\u00e1rolt g\u00e1z \u00e1tlagos fogyaszt\u00e1s mellett 126 napra el\u00e9g, a lakoss\u00e1gi sz\u00fcks\u00e9gletet 263 napig tudn\u00e1 kiel\u00e9g\u00edteni.<br \/>\n<div class=\"ads-in-post2\"><script async src=\"https:\/\/pagead2.googlesyndication.com\/pagead\/js\/adsbygoogle.js\"><\/script>\r\n<ins class=\"adsbygoogle\"\r\n     style=\"display:block\"\r\n     data-ad-format=\"fluid\"\r\n     data-ad-layout-key=\"-6t+ed+2i-1n-4w\"\r\n     data-ad-client=\"ca-pub-1959107119989764\"\r\n     data-ad-slot=\"4008251320\"><\/ins>\r\n<script>\r\n     (adsbygoogle = window.adsbygoogle || []).push({});\r\n<\/script><\/div>\n        Kaderj\u00e1k P\u00e9ter hozz\u00e1tette, hogy az ell\u00e1t\u00e1sbiztons\u00e1g \u00e9rdek\u00e9ben a korm\u00e1ny folyamatosan egyeztet a g\u00e1zpiac szerepl\u0151ivel, valamint a szomsz\u00e9dos \u00e1llamokkal, \u00e9s bizakodva v\u00e1rja a meg\u00e1llapod\u00e1st az orosz-ukr\u00e1n g\u00e1ztranzit-szerz\u0151d\u00e9s meg\u00faj\u00edt\u00e1s\u00e1r\u00f3l. Magyarorsz\u00e1g legjelent\u0151sebb bet\u00e1pl\u00e1l\u00e1si pontja tal\u00e1lhat\u00f3 Ukrajn\u00e1n\u00e1l, a felek azonban t\u00f6bb k\u00e9rd\u00e9st m\u00e9g nem z\u00e1rtak le, ez\u00e9rt fel kell k\u00e9sz\u00fclni arra is, hogy a legfontosabb sz\u00e1ll\u00edt\u00e1si \u00fatvonal ak\u00e1r tart\u00f3san is kieshet &#8211; tette hozz\u00e1.<br \/>\n        Magyarorsz\u00e1g \u00e9rdekelt abban, hogy \u00fajabb hossz\u00fa t\u00e1v\u00fa szerz\u0151d\u00e9ssel biztos\u00edtsa az orosz g\u00e1zimportot 2021 ut\u00e1n, a korm\u00e1ny ez\u00e9rt abban b\u00edzik, hogy a k\u00e9t \u00e1llam partners\u00e9ge ezen a ter\u00fcleten is folytat\u00f3dhat &#8211; mondta az \u00e1llamtitk\u00e1r.(MTI)<\/p>\n","protected":false},"excerpt":{"rendered":"<p>Az \u00e9v v\u00e9g\u00e9hez k\u00f6zeledve 98,5 sz\u00e1zal\u00e9k a belf\u00f6ldi g\u00e1zt\u00e1roz\u00f3k t\u00f6lt\u00f6tts\u00e9ge, k\u00fclf\u00f6ldr\u0151l a kereskedelmi meg\u00e1llapod\u00e1soknak megfelel\u0151en \u00e9rkezik a f\u00f6ldg\u00e1z Magyarorsz\u00e1gra &#8211; k\u00f6z\u00f6lte az Innov\u00e1ci\u00f3s \u00e9s Technol\u00f3giai Miniszt\u00e9rium (ITM) energia\u00fcgyek\u00e9rt \u00e9s kl\u00edmapolitik\u00e1\u00e9rt felel\u0151s \u00e1llamtitk\u00e1ra p\u00e9nteken Budapesten, sajt\u00f3t\u00e1j\u00e9koztat\u00f3n. Kaderj\u00e1k P\u00e9ter \u00e9rt\u00e9kel\u00e9se szerint a f\u00f6ldg\u00e1zell\u00e1t\u00e1s biztos\u00edtott a t\u00e9li h\u00f3napokra, a lakoss\u00e1g \u00e9s a k\u00f6zfeladatok ell\u00e1t\u00e1s\u00e1hoz sz\u00fcks\u00e9ges mennyis\u00e9g egyar\u00e1nt rendelkez\u00e9sre &#8230;<\/p>\n","protected":false},"author":1001003,"featured_media":0,"comment_status":"closed","ping_status":"open","sticky":false,"template":"","format":"standard","meta":[],"categories":[4],"tags":[],"_links":{"self":[{"href":"https:\/\/gazdasagportal.hu\/index.php\/wp-json\/wp\/v2\/posts\/122527"}],"collection":[{"href":"https:\/\/gazdasagportal.hu\/index.php\/wp-json\/wp\/v2\/posts"}],"about":[{"href":"https:\/\/gazdasagportal.hu\/index.php\/wp-json\/wp\/v2\/types\/post"}],"author":[{"embeddable":true,"href":"https:\/\/gazdasagportal.hu\/index.php\/wp-json\/wp\/v2\/users\/1001003"}],"replies":[{"embeddable":true,"href":"https:\/\/gazdasagportal.hu\/index.php\/wp-json\/wp\/v2\/comments?post=122527"}],"version-history":[{"count":1,"href":"https:\/\/gazdasagportal.hu\/index.php\/wp-json\/wp\/v2\/posts\/122527\/revisions"}],"predecessor-version":[{"id":122528,"href":"https:\/\/gazdasagportal.hu\/index.php\/wp-json\/wp\/v2\/posts\/122527\/revisions\/122528"}],"wp:attachment":[{"href":"https:\/\/gazdasagportal.hu\/index.php\/wp-json\/wp\/v2\/media?parent=122527"}],"wp:term":[{"taxonomy":"category","embeddable":true,"href":"https:\/\/gazdasagportal.hu\/index.php\/wp-json\/wp\/v2\/categories?post=122527"},{"taxonomy":"post_tag","embeddable":true,"href":"https:\/\/gazdasagportal.hu\/index.php\/wp-json\/wp\/v2\/tags?post=122527"}],"curies":[{"name":"wp","href":"https:\/\/api.w.org\/{rel}","templated":true}]}}