{"id":122502,"date":"2019-12-26T10:05:44","date_gmt":"2019-12-26T09:05:44","guid":{"rendered":"http:\/\/gazdasagportal.hu\/?p=122502"},"modified":"2019-12-26T10:07:56","modified_gmt":"2019-12-26T09:07:56","slug":"londoni-elemzok-a-kinai-gazdasag-valoszinuleg-a-vartnal-kesobb-elozi-meg-az-amerikait","status":"publish","type":"post","link":"https:\/\/gazdasagportal.hu\/index.php\/londoni-elemzok-a-kinai-gazdasag-valoszinuleg-a-vartnal-kesobb-elozi-meg-az-amerikait\/","title":{"rendered":"Londoni elemz\u0151k: a k\u00ednai gazdas\u00e1g val\u00f3sz\u00edn\u0171leg a v\u00e1rtn\u00e1l k\u00e9s\u0151bb el\u0151zi meg az amerikait"},"content":{"rendered":"<p><strong>Londoni p\u00e9nz\u00fcgyi elemz\u0151k szerint az Egyes\u00fclt \u00c1llamokkal v\u00edvott kereskedelmi konfliktus \u00e9s a bels\u0151 gazdas\u00e1gszerkezet \u00e1talakul\u00e1si folyamat\u00e1nak \u00f6sszead\u00f3d\u00f3 hat\u00e1sai miatt K\u00edna az eddig v\u00e1rtn\u00e1l valamivel k\u00e9s\u0151bb veheti \u00e1t az els\u0151 helyet Amerik\u00e1t\u00f3l a vil\u00e1g legnagyobb gazdas\u00e1gainak ranglist\u00e1j\u00e1n, de a helycsere tov\u00e1bbra is a 2030-as \u00e9vek elej\u00e9re <\/strong><!--more--><\/p>\n<div class=\"ads-in-post1\"><div id=\"gazdasagportal.hu_fullbanner_wideboard\"><\/div>\r\n<\/div>val\u00f3sz\u00edn\u0171s\u00edthet\u0151.<\/p>\n<p>    Az egyik legtekint\u00e9lyesebb londoni gazdas\u00e1gi-\u00fczleti elemz\u0151c\u00e9g, a Centre for Economics and Business Research (CEBR) minden \u00e9v v\u00e9g\u00e9n \u00f6ssze\u00e1ll\u00edtja a k\u00f6vetkez\u0151 m\u00e1sf\u00e9l \u00e9vtizedre sz\u00f3l\u00f3 progn\u00f3zis\u00e1t a vil\u00e1g vezet\u0151 gazdas\u00e1gi er\u0151centrumainak sorrendj\u00e9r\u0151l a doll\u00e1rban, foly\u00f3 \u00e1ron sz\u00e1molt nomin\u00e1lis hazai \u00f6sszterm\u00e9k (GDP) alapj\u00e1n.<br \/>\n    Cs\u00fct\u00f6rt\u00f6k\u00f6n ismertetett 243 oldalas, 193 orsz\u00e1got rangsorol\u00f3 \u00e9ves elemz\u00e9s\u00fckben (CEBR World Economic League Table, WELT 2020) a h\u00e1z szak\u00e9rt\u0151i k\u00f6z\u00f6lt\u00e9k: jelenlegi v\u00e1rakoz\u00e1suk szerint az Egyes\u00fclt \u00c1llamok \u00e9s K\u00edna 2033-ban cser\u00e9l helyet a legnagyobb gazdas\u00e1gok glob\u00e1lis ranglist\u00e1j\u00e1nak els\u0151 k\u00e9t hely\u00e9n.<br \/>\n    A CEBR a tavalyi WELT-tanulm\u00e1nyban ugyanezt 2032-re, k\u00e9t \u00e9ve 2030-ra j\u00f3solta.<br \/>\n    A c\u00e9g a k\u00f6vetkez\u0151 m\u00e1sf\u00e9l \u00e9vtizedre folyamatszer\u0171en lassul\u00f3 k\u00ednai gazdas\u00e1gi n\u00f6veked\u00e9ssel sz\u00e1mol. Cs\u00fct\u00f6rt\u00f6ki el\u0151rejelz\u00e9se szerint a k\u00ednai hazai \u00f6sszterm\u00e9k 2019 \u00e9s 2024 k\u00f6z\u00f6tt \u00e9ves \u00e1tlagban 5,4 sz\u00e1zal\u00e9kkal, a 2024-2029-es id\u0151szakban \u00e9vente \u00e1tlagosan 5,2 sz\u00e1zal\u00e9kkal, a 2029-t\u0151l 2034-ig terjed\u0151 id\u0151szakban 4,3 sz\u00e1zal\u00e9kos \u00e9vi \u00e1tlagos \u00fctemben b\u0151v\u00fcl.<br \/>\n    A CEBR hangs\u00falyozza: a meg\u00e1llapod\u00e1st \u00edg\u00e9r\u0151 fejlem\u00e9nyek ellen\u00e9re azzal sz\u00e1mol, hogy az amerikai-k\u00ednai kereskedelmi konfliktus a k\u00f6vetkez\u0151 \u00e9vekben is folytat\u00f3dik v\u00e1ltoz\u00f3 intenzit\u00e1ssal, \u00e9s a k\u00f6zvetlen kereskedelmi probl\u00e9m\u00e1kon t\u00fal kiterjedhet olyan ter\u00fcletekre, mint a szellemi javakhoz f\u0171z\u0151d\u0151 jogok vagy az iparban \u00e9rv\u00e9nyes\u00edtett \u00e1llami befoly\u00e1s m\u00e9rt\u00e9ke.<br \/>\n<div class=\"ads-in-post2\"><script async src=\"https:\/\/pagead2.googlesyndication.com\/pagead\/js\/adsbygoogle.js\"><\/script>\r\n<ins class=\"adsbygoogle\"\r\n     style=\"display:block\"\r\n     data-ad-format=\"fluid\"\r\n     data-ad-layout-key=\"-6t+ed+2i-1n-4w\"\r\n     data-ad-client=\"ca-pub-1959107119989764\"\r\n     data-ad-slot=\"4008251320\"><\/ins>\r\n<script>\r\n     (adsbygoogle = window.adsbygoogle || []).push({});\r\n<\/script><\/div>\n    Az el\u0151rejelz\u00e9s szerint mindemellett K\u00edna a j\u00f6v\u0151 \u00e9vt\u0151l v\u00e1rhat\u00f3an olyan \u00faj gazdas\u00e1gi strat\u00e9gi\u00e1ba kezd, amelyben cs\u00f6kken a n\u00f6veked\u00e9s \u00fctem\u00e9nek jelent\u0151s\u00e9ge, \u00e9s a n\u00f6veked\u00e9s min\u0151s\u00e9ge ker\u00fcl el\u0151t\u00e9rbe.<br \/>\n    A CEBR elemz\u0151i szerint a 6 sz\u00e1zal\u00e9kos \u00e9ves k\u00ednai GDP-n\u00f6veked\u00e9si r\u00e1ta imm\u00e1r nem &#8222;szent \u00e9s s\u00e9rthetetlen&#8221;, helyette olyan c\u00e9lkit\u0171z\u00e9sek kapnak els\u0151dleges fontoss\u00e1got, mint a sz\u00e9ls\u0151s\u00e9ges szeg\u00e9nys\u00e9g v\u00e9gleges felsz\u00e1mol\u00e1sa, a r\u00e9gi\u00f3k \u00e9s t\u00e1rsadalmi csoportok k\u00f6z\u00f6tti egyenl\u0151tlens\u00e9gek m\u00e9rs\u00e9kl\u00e9se \u00e9s a k\u00f6rnyezet \u00e1llapot\u00e1nak jav\u00edt\u00e1sa.<br \/>\n    A h\u00e1z modellsz\u00e1m\u00edt\u00e1sai alapj\u00e1n azonban a mozg\u00f3 15 \u00e9ves el\u0151rejelz\u00e9si id\u0151szak v\u00e9g\u00e9re, 2034-re a k\u00ednai hazai \u00f6sszterm\u00e9k nomin\u00e1lis \u00e9rt\u00e9ke \u00edgy is el\u00e9ri a 38 560 milli\u00e1rd doll\u00e1rt. Az amerikai GDP-\u00e9rt\u00e9k 36 951 milli\u00e1rd doll\u00e1r lesz ugyanabban az \u00e9vben.<br \/>\n    A CEBR cs\u00fct\u00f6rt\u00f6k\u00f6n bemutatott \u00faj WELT-el\u0151rejelz\u00e9se szerint a jelenlegi dinamik\u00e1k alapj\u00e1n mindazon\u00e1ltal biztos, hogy a 2020-as \u00e9vtized teljes id\u0151szak\u00e1ban az amerikai gazdas\u00e1g marad a legnagyobb a vil\u00e1gon.<br \/>\n    A h\u00e1z kiemeli, hogy az Egyes\u00fclt \u00c1llamok r\u00e9szar\u00e1nya a glob\u00e1lis GDP-\u00e9rt\u00e9ken bel\u00fcl jelenleg m\u00e9g n\u00f6vekszik is: az id\u00e9n az amerikai gazdas\u00e1g a vil\u00e1ggazdas\u00e1g brutt\u00f3 teljes\u00edtm\u00e9ny\u00e9nek 24,8 sz\u00e1zal\u00e9k\u00e1t adta a tavaly m\u00e9rt 24,2 sz\u00e1zal\u00e9k ut\u00e1n.<br \/>\n    Az idei amerikai r\u00e9szar\u00e1ny a glob\u00e1lis gazdas\u00e1gi teljes\u00edtm\u00e9nyen bel\u00fcl 2007 \u00f3ta a legmagasabb, j\u00f3llehet ennek jelent\u0151s r\u00e9szben a doll\u00e1r ereje az oka &#8211; \u00e1ll a CEBR tanulm\u00e1ny\u00e1ban.<br \/>\n    Az el\u0151rejelz\u00e9s szerint 2034-ben az els\u0151 helyezett K\u00edna \u00e9s a m\u00e1sodik helyre ker\u00fcl\u0151 Egyes\u00fclt \u00c1llamok mellett az addigra val\u00f3sz\u00edn\u0171leg a harmadik helyre felz\u00e1rk\u00f3z\u00f3 India \u00e9s a negyedik helyezett Jap\u00e1n, valamint egyetlen eur\u00f3pai gazdas\u00e1gk\u00e9nt az \u00f6t\u00f6dik helyre ker\u00fcl\u0151 N\u00e9metorsz\u00e1g alkotja majd a vil\u00e1g legnagyobb gazdas\u00e1gainak fels\u0151 \u00f6t\u00f6s \u00e9lmez\u0151ny\u00e9t.<br \/>\n    A CEBR hossz\u00fa t\u00e1v\u00fa progn\u00f3zisa szerint a magyar gazdas\u00e1g a 193 gazdas\u00e1got sz\u00e1ml\u00e1l\u00f3 list\u00e1n az id\u00e9n az 56. helyen lesz a doll\u00e1rban m\u00e9rt hazai \u00f6sszterm\u00e9k alapj\u00e1n, \u00e9s ez a poz\u00edci\u00f3 a 2034-ig sz\u00f3l\u00f3 el\u0151rejelz\u00e9si id\u0151szak v\u00e9g\u00e9ig nem sokat v\u00e1ltozik. A h\u00e1z modellsz\u00e1m\u00edt\u00e1sai szerint a magyar nomin\u00e1lis GDP-\u00e9rt\u00e9k 2034-ben 345 milli\u00e1rd doll\u00e1r lesz, \u00e9s Magyarorsz\u00e1g ezzel a teljes\u00edtm\u00e9nnyel abban az \u00e9vben az 58. helyet foglalja majd el a 193 gazdas\u00e1g mez\u0151ny\u00e9ben.(MTI)<\/p>\n","protected":false},"excerpt":{"rendered":"<p>Londoni p\u00e9nz\u00fcgyi elemz\u0151k szerint az Egyes\u00fclt \u00c1llamokkal v\u00edvott kereskedelmi konfliktus \u00e9s a bels\u0151 gazdas\u00e1gszerkezet \u00e1talakul\u00e1si folyamat\u00e1nak \u00f6sszead\u00f3d\u00f3 hat\u00e1sai miatt K\u00edna az eddig v\u00e1rtn\u00e1l valamivel k\u00e9s\u0151bb veheti \u00e1t az els\u0151 helyet Amerik\u00e1t\u00f3l a vil\u00e1g legnagyobb gazdas\u00e1gainak ranglist\u00e1j\u00e1n, de a helycsere tov\u00e1bbra is a 2030-as \u00e9vek elej\u00e9re<\/p>\n","protected":false},"author":1001003,"featured_media":115952,"comment_status":"closed","ping_status":"open","sticky":false,"template":"","format":"standard","meta":[],"categories":[146,246],"tags":[],"_links":{"self":[{"href":"https:\/\/gazdasagportal.hu\/index.php\/wp-json\/wp\/v2\/posts\/122502"}],"collection":[{"href":"https:\/\/gazdasagportal.hu\/index.php\/wp-json\/wp\/v2\/posts"}],"about":[{"href":"https:\/\/gazdasagportal.hu\/index.php\/wp-json\/wp\/v2\/types\/post"}],"author":[{"embeddable":true,"href":"https:\/\/gazdasagportal.hu\/index.php\/wp-json\/wp\/v2\/users\/1001003"}],"replies":[{"embeddable":true,"href":"https:\/\/gazdasagportal.hu\/index.php\/wp-json\/wp\/v2\/comments?post=122502"}],"version-history":[{"count":1,"href":"https:\/\/gazdasagportal.hu\/index.php\/wp-json\/wp\/v2\/posts\/122502\/revisions"}],"predecessor-version":[{"id":122503,"href":"https:\/\/gazdasagportal.hu\/index.php\/wp-json\/wp\/v2\/posts\/122502\/revisions\/122503"}],"wp:featuredmedia":[{"embeddable":true,"href":"https:\/\/gazdasagportal.hu\/index.php\/wp-json\/wp\/v2\/media\/115952"}],"wp:attachment":[{"href":"https:\/\/gazdasagportal.hu\/index.php\/wp-json\/wp\/v2\/media?parent=122502"}],"wp:term":[{"taxonomy":"category","embeddable":true,"href":"https:\/\/gazdasagportal.hu\/index.php\/wp-json\/wp\/v2\/categories?post=122502"},{"taxonomy":"post_tag","embeddable":true,"href":"https:\/\/gazdasagportal.hu\/index.php\/wp-json\/wp\/v2\/tags?post=122502"}],"curies":[{"name":"wp","href":"https:\/\/api.w.org\/{rel}","templated":true}]}}