{"id":122463,"date":"2019-12-23T07:18:19","date_gmt":"2019-12-23T06:18:19","guid":{"rendered":"http:\/\/gazdasagportal.hu\/?p=122463"},"modified":"2019-12-23T07:18:19","modified_gmt":"2019-12-23T06:18:19","slug":"a-nagyvarosok-kornyeke-all-az-ingatlanpiaci-erdeklodes-kozeppontjaban","status":"publish","type":"post","link":"https:\/\/gazdasagportal.hu\/index.php\/a-nagyvarosok-kornyeke-all-az-ingatlanpiaci-erdeklodes-kozeppontjaban\/","title":{"rendered":"A nagyv\u00e1rosok k\u00f6rny\u00e9ke \u00e1ll az ingatlanpiaci \u00e9rdekl\u0151d\u00e9s k\u00f6z\u00e9ppontj\u00e1ban"},"content":{"rendered":"<p><strong>A nagyv\u00e1rosok k\u00f6rny\u00e9ke \u00e1ll az \u00e9rdekl\u0151d\u00e9s k\u00f6z\u00e9ppontj\u00e1ban az ingatlanpiacon &#8211; emelte ki az Otthon Centrum elemz\u00e9si vezet\u0151je az M1 aktu\u00e1lis csatorna vas\u00e1rnap esti m\u0171sor\u00e1ban.<\/strong><!--more--><\/p>\n<div class=\"ads-in-post1\"><div id=\"gazdasagportal.hu_fullbanner_wideboard\"><\/div>\r\n<\/div>\n<p>    So\u00f3ki-T\u00f3th G\u00e1bor elmondta, az Otthon Centrum negyedszer vizsg\u00e1lta a 25 ezer f\u0151n\u00e9l n\u00e9pesebb magyar v\u00e1rosokat \u00e9letmin\u0151s\u00e9g szempontj\u00e1b\u00f3l. Figyelembe vettek t\u00e1rsadalomstatisztikai mutat\u00f3kat \u00e9s olyan objekt\u00edv t\u00e9nyez\u0151ket, mint az eg\u00e9szs\u00e9g\u00fcgyi ell\u00e1t\u00e1s, a munkaer\u0151piaci helyzet vagy az oktat\u00e1s, ami a csal\u00e1dok \u00e9s a lak\u00e1skeres\u0151k sz\u00e1m\u00e1ra fontos lehet.<br \/>\n    A felm\u00e9r\u00e9sben Budapesten a belv\u00e1ros \u00e9s a v\u00e1rnegyed, vid\u00e9ki v\u00e1rosok k\u00f6z\u00fcl pedig Eger \u00e9s Veszpr\u00e9m \u00e1ll a rangsor \u00e9l\u00e9n. Ezekben a vid\u00e9ki v\u00e1rosokban So\u00f3ki-T\u00f3th G\u00e1bor szerint j\u00f3 sz\u00ednvonal\u00faak a szolg\u00e1ltat\u00e1sok, minden el\u00e9rhet\u0151 \u00e9s r\u00f6vid az ing\u00e1z\u00e1si id\u0151.<br \/>\n<div class=\"ads-in-post2\"><script async src=\"https:\/\/pagead2.googlesyndication.com\/pagead\/js\/adsbygoogle.js\"><\/script>\r\n<ins class=\"adsbygoogle\"\r\n     style=\"display:block\"\r\n     data-ad-format=\"fluid\"\r\n     data-ad-layout-key=\"-6t+ed+2i-1n-4w\"\r\n     data-ad-client=\"ca-pub-1959107119989764\"\r\n     data-ad-slot=\"4008251320\"><\/ins>\r\n<script>\r\n     (adsbygoogle = window.adsbygoogle || []).push({});\r\n<\/script><\/div>\n    A 2019-es ingatlanpiaci tendenci\u00e1k egy\u00e9rtelm\u0171en azt mutatt\u00e1k, hogy a nagyv\u00e1rosok k\u00f6rny\u00e9ke volt az \u00e9rdekl\u0151d\u00e9s c\u00e9lpontj\u00e1ban, \u00e9s 2020-ra is ez v\u00e1rhat\u00f3 &#8211; fogalmazott. Hozz\u00e1tette: sokan k\u00f6lt\u00f6znek ki a v\u00e1rosokb\u00f3l egyr\u00e9szt az \u00faj lehet\u0151s\u00e9geknek, p\u00e9ld\u00e1ul a babav\u00e1r\u00f3 hitelnek k\u00f6sz\u00f6nhet\u0151en, m\u00e1sr\u00e9szt pedig az\u00e9rt, mert megl\u00e9v\u0151 ingatlanaik \u00e9rt\u00e9ke annyira megemelkedett, hogy az egy komoly v\u00e1lt\u00e1st tud lehet\u0151v\u00e9 tenni.<br \/>\n    Az elm\u00falt \u00e9vek ingatlanpiaci fellend\u00fcl\u00e9s\u00e9t az elemz\u00e9si vezet\u0151 szerint f\u0151leg a nagyv\u00e1rosokban \u00e9s Budapest bels\u0151 ker\u00fcleteiben a befektet\u0151i kereslet okozta.(MTI)<\/p>\n","protected":false},"excerpt":{"rendered":"<p>A nagyv\u00e1rosok k\u00f6rny\u00e9ke \u00e1ll az \u00e9rdekl\u0151d\u00e9s k\u00f6z\u00e9ppontj\u00e1ban az ingatlanpiacon &#8211; emelte ki az Otthon Centrum elemz\u00e9si vezet\u0151je az M1 aktu\u00e1lis csatorna vas\u00e1rnap esti m\u0171sor\u00e1ban.<\/p>\n","protected":false},"author":1001003,"featured_media":68791,"comment_status":"closed","ping_status":"open","sticky":false,"template":"","format":"standard","meta":[],"categories":[146,4,19,22],"tags":[],"_links":{"self":[{"href":"https:\/\/gazdasagportal.hu\/index.php\/wp-json\/wp\/v2\/posts\/122463"}],"collection":[{"href":"https:\/\/gazdasagportal.hu\/index.php\/wp-json\/wp\/v2\/posts"}],"about":[{"href":"https:\/\/gazdasagportal.hu\/index.php\/wp-json\/wp\/v2\/types\/post"}],"author":[{"embeddable":true,"href":"https:\/\/gazdasagportal.hu\/index.php\/wp-json\/wp\/v2\/users\/1001003"}],"replies":[{"embeddable":true,"href":"https:\/\/gazdasagportal.hu\/index.php\/wp-json\/wp\/v2\/comments?post=122463"}],"version-history":[{"count":1,"href":"https:\/\/gazdasagportal.hu\/index.php\/wp-json\/wp\/v2\/posts\/122463\/revisions"}],"predecessor-version":[{"id":122464,"href":"https:\/\/gazdasagportal.hu\/index.php\/wp-json\/wp\/v2\/posts\/122463\/revisions\/122464"}],"wp:featuredmedia":[{"embeddable":true,"href":"https:\/\/gazdasagportal.hu\/index.php\/wp-json\/wp\/v2\/media\/68791"}],"wp:attachment":[{"href":"https:\/\/gazdasagportal.hu\/index.php\/wp-json\/wp\/v2\/media?parent=122463"}],"wp:term":[{"taxonomy":"category","embeddable":true,"href":"https:\/\/gazdasagportal.hu\/index.php\/wp-json\/wp\/v2\/categories?post=122463"},{"taxonomy":"post_tag","embeddable":true,"href":"https:\/\/gazdasagportal.hu\/index.php\/wp-json\/wp\/v2\/tags?post=122463"}],"curies":[{"name":"wp","href":"https:\/\/api.w.org\/{rel}","templated":true}]}}