{"id":122441,"date":"2019-12-21T22:43:19","date_gmt":"2019-12-21T21:43:19","guid":{"rendered":"http:\/\/gazdasagportal.hu\/?p=122441"},"modified":"2019-12-21T22:43:19","modified_gmt":"2019-12-21T21:43:19","slug":"ralottek-egy-soproni-bevasarlokozpontra","status":"publish","type":"post","link":"https:\/\/gazdasagportal.hu\/index.php\/ralottek-egy-soproni-bevasarlokozpontra\/","title":{"rendered":"R\u00e1l\u0151ttek egy soproni bev\u00e1s\u00e1rl\u00f3k\u00f6zpontra"},"content":{"rendered":"<p><strong>L\u00f6v\u00e9snyomokat tal\u00e1ltak szombat reggel egy soproni bev\u00e1s\u00e1rl\u00f3k\u00f6zpont fal\u00e1n &#8211; k\u00f6z\u00f6lte a Gy\u0151r-Moson-Sopron Megyei Rend\u0151r-f\u0151kapit\u00e1nys\u00e1g a police.hu honlapon.<\/strong><!--more--><\/p>\n<div class=\"ads-in-post1\"><div id=\"gazdasagportal.hu_fullbanner_wideboard\"><\/div>\r\n<\/div>\n<p>    Az MTI \u00e9rdekl\u0151d\u00e9s\u00e9re T\u00f3th Gabriella, a kapit\u00e1nys\u00e1g sz\u00f3viv\u0151je elmondta, m\u00e9g az \u00e9jszaka folyam\u00e1n l\u0151hettek r\u00e1 az \u00e9p\u00fcletre ismeretlenek.<br \/>\n    A l\u00f6v\u00e9sek k\u00f6vetkezt\u00e9ben nem s\u00e9r\u00fclt meg senki, azonban az \u00e9p\u00fclet belsej\u00e9ben a v\u00edzvezet\u00e9k megs\u00e9r\u00fclt, ami miatt egy \u00fczletben v\u00edzk\u00e1r keletkezett.<br \/>\n A rend\u0151rs\u00e9g honlapj\u00e1ra felt\u00f6lt\u00f6tt k\u00e9pek egyik\u00e9n az l\u00e1tszik, hogy hat l\u00f6v\u00e9snyom van az \u00e9p\u00fclet fal\u00e1n. A sz\u00f3viv\u0151 szerint a l\u00f6v\u00e9sek az \u00e9p\u00fclet h\u00e1ts\u00f3 fal\u00e1t \u00e9rt\u00e9k.<br \/>\n<div class=\"ads-in-post2\"><script async src=\"https:\/\/pagead2.googlesyndication.com\/pagead\/js\/adsbygoogle.js\"><\/script>\r\n<ins class=\"adsbygoogle\"\r\n     style=\"display:block\"\r\n     data-ad-format=\"fluid\"\r\n     data-ad-layout-key=\"-6t+ed+2i-1n-4w\"\r\n     data-ad-client=\"ca-pub-1959107119989764\"\r\n     data-ad-slot=\"4008251320\"><\/ins>\r\n<script>\r\n     (adsbygoogle = window.adsbygoogle || []).push({});\r\n<\/script><\/div>\n    A Gy\u0151r-Moson-Sopron Megyei Rend\u0151r-f\u0151kapit\u00e1nys\u00e1g megkezdte a helysz\u00edni szeml\u00e9t. Az \u00fcgy k\u00f6r\u00fclm\u00e9nyeit a rend\u0151rs\u00e9g &#8211; szak\u00e9rt\u0151 bevon\u00e1s\u00e1val &#8211; l\u0151fegyverrel vagy l\u0151szerrel vissza\u00e9l\u00e9s b\u0171ntett gyan\u00faja miatt ind\u00edtott b\u00fcntet\u0151 elj\u00e1r\u00e1s keret\u00e9ben vizsg\u00e1lja.<br \/>\n    Az MTI \u00fagy tudja, hogy a Sopron Pl\u00e1z\u00e1t rong\u00e1lt\u00e1k meg.<br \/>\n(MTI)<\/p>\n","protected":false},"excerpt":{"rendered":"<p>L\u00f6v\u00e9snyomokat tal\u00e1ltak szombat reggel egy soproni bev\u00e1s\u00e1rl\u00f3k\u00f6zpont fal\u00e1n &#8211; k\u00f6z\u00f6lte a Gy\u0151r-Moson-Sopron Megyei Rend\u0151r-f\u0151kapit\u00e1nys\u00e1g a police.hu honlapon.<\/p>\n","protected":false},"author":1001003,"featured_media":0,"comment_status":"closed","ping_status":"open","sticky":false,"template":"","format":"standard","meta":[],"categories":[4],"tags":[],"_links":{"self":[{"href":"https:\/\/gazdasagportal.hu\/index.php\/wp-json\/wp\/v2\/posts\/122441"}],"collection":[{"href":"https:\/\/gazdasagportal.hu\/index.php\/wp-json\/wp\/v2\/posts"}],"about":[{"href":"https:\/\/gazdasagportal.hu\/index.php\/wp-json\/wp\/v2\/types\/post"}],"author":[{"embeddable":true,"href":"https:\/\/gazdasagportal.hu\/index.php\/wp-json\/wp\/v2\/users\/1001003"}],"replies":[{"embeddable":true,"href":"https:\/\/gazdasagportal.hu\/index.php\/wp-json\/wp\/v2\/comments?post=122441"}],"version-history":[{"count":1,"href":"https:\/\/gazdasagportal.hu\/index.php\/wp-json\/wp\/v2\/posts\/122441\/revisions"}],"predecessor-version":[{"id":122442,"href":"https:\/\/gazdasagportal.hu\/index.php\/wp-json\/wp\/v2\/posts\/122441\/revisions\/122442"}],"wp:attachment":[{"href":"https:\/\/gazdasagportal.hu\/index.php\/wp-json\/wp\/v2\/media?parent=122441"}],"wp:term":[{"taxonomy":"category","embeddable":true,"href":"https:\/\/gazdasagportal.hu\/index.php\/wp-json\/wp\/v2\/categories?post=122441"},{"taxonomy":"post_tag","embeddable":true,"href":"https:\/\/gazdasagportal.hu\/index.php\/wp-json\/wp\/v2\/tags?post=122441"}],"curies":[{"name":"wp","href":"https:\/\/api.w.org\/{rel}","templated":true}]}}