{"id":122320,"date":"2019-12-17T17:03:26","date_gmt":"2019-12-17T16:03:26","guid":{"rendered":"http:\/\/gazdasagportal.hu\/?p=122320"},"modified":"2019-12-17T16:04:10","modified_gmt":"2019-12-17T15:04:10","slug":"no-a-hallgatok-diakmunka-kedve","status":"publish","type":"post","link":"https:\/\/gazdasagportal.hu\/index.php\/no-a-hallgatok-diakmunka-kedve\/","title":{"rendered":"N\u0151 a hallgat\u00f3k di\u00e1kmunka-kedve"},"content":{"rendered":"<p><strong>A 2019-es \u00e9v t\u00f6bb meglepet\u00e9st is okozott a di\u00e1kmunk\u00e1k vil\u00e1g\u00e1ban: a hallgat\u00f3k sokkal tudatosabban v\u00e1lasztanak munkahelyet, t\u00fcrelmesen v\u00e1rnak egy-egy kiszemelt poz\u00edci\u00f3ra, s\u0151t m\u00e9g a h\u00e9tv\u00e9g\u00e9j\u00fcket \u00e9s a munkasz\u00fcneti napokat is hajland\u00f3k be\u00e1ldozni. A munkav\u00e1llal\u00f3 di\u00e1kok sz\u00e1ma 2018-hoz viszony\u00edtva k\u00f6zel 20%-kal n\u00f6vekedett, a c\u00e9gek pedig egyre nagyobb bizalommal fogadj\u00e1k a fiatalokat, sokszor m\u00e9g a hard skillek betan\u00edt\u00e1st is \u00e1tv\u00e1llalj\u00e1k egy-egy \u00e9rt\u00e9kes junior\u00e9rt \u2013 der\u00fcl ki haz\u00e1nk szakmai di\u00e1kmunk\u00e1ira specializ\u00e1l\u00f3dott iskolasz\u00f6vetkezet\u00e9nek jelent\u00e9s\u00e9b\u0151l. <\/strong><!--more--><\/p>\n<div class=\"ads-in-post1\"><div id=\"gazdasagportal.hu_fullbanner_wideboard\"><\/div>\r\n<\/div>\n<p><strong>\u00a0<\/strong><\/p>\n<p>M\u00e1r a Z gener\u00e1ci\u00f3 bizonyos r\u00e9sze is egyetemi \u00e9veit t\u00f6lti, vannak k\u00f6zt\u00fck, akik a mamahotel k\u00e9nyelm\u00e9t \u00e9lvezhetik, de sokaknak kell egyed\u00fcl helyt \u00e1llniuk a mindennapokban. A di\u00e1khitel sokak sz\u00e1m\u00e1ra opci\u00f3, de a di\u00e1k\u00e9vek alatti j\u00f3l\u00e9tet a di\u00e1kmunka-v\u00e1llal\u00e1s lehet\u0151s\u00e9ge k\u00f6nny\u00edtheti meg igaz\u00e1n. A hallgat\u00f3k t\u00f6bbs\u00e9ge az \u00edgy megkeresett bev\u00e9tel java r\u00e9sz\u00e9t a meg\u00e9lhet\u00e9sre ford\u00edtja, de j\u00f3csk\u00e1n akadnak olyanok is, akik fizet\u00e9s\u00fckb\u0151l az egyetemi k\u00f6z\u00e9letben val\u00f3 akt\u00edv r\u00e9szv\u00e9tel\u00fcket finansz\u00edrozz\u00e1k.<\/p>\n<p>&nbsp;<\/p><div id=\"gazda-3773694703\" class=\"gazda-tartalomban gazda-entity-placement\"><script async src=\"https:\/\/pagead2.googlesyndication.com\/pagead\/js\/adsbygoogle.js\"><\/script>\r\n<ins class=\"adsbygoogle\"\r\n     style=\"display:block\"\r\n     data-ad-format=\"fluid\"\r\n     data-ad-layout-key=\"-6t+ed+2i-1n-4w\"\r\n     data-ad-client=\"ca-pub-1959107119989764\"\r\n     data-ad-slot=\"4008251320\"><\/ins>\r\n<script>\r\n     (adsbygoogle = window.adsbygoogle || []).push({});\r\n<\/script><\/div>\n<p>A junior szakmai \u00e1ll\u00e1slehet\u0151s\u00e9gekre szakosodott Sch\u00f6nherz Iskolasz\u00f6vetkezet minden \u00e9vben felm\u00e9ri az aktu\u00e1lis hallgat\u00f3i munkav\u00e1llal\u00e1si kedvet \u00e9s figyeli a tendenci\u00e1k v\u00e1ltoz\u00e1s\u00e1t. A 2019-es \u00e9vet tekintve t\u00f6bb \u00e9rdekes \u00fajdons\u00e1g mutatkozott a di\u00e1kmunk\u00e1k vil\u00e1g\u00e1ban: a fiatalok m\u00e1r a h\u00e9tv\u00e9gi, illetve a munkasz\u00fcneti napokon is sz\u00edvesebben v\u00e1llalnak munk\u00e1t, mint kor\u00e1bban, ezzel egy\u00fctt pedig a szakmai munk\u00e1t v\u00e1llal\u00f3k munka\u00f3rasz\u00e1ma is megemelkedett. \u00c1ltal\u00e1noss\u00e1gban is n\u0151tt a munkav\u00e1llal\u00e1si kedv, az iskolasz\u00f6vetkezet berkein bel\u00fcl k\u00f6zel 20%-kal t\u00f6bb hallgat\u00f3 dolgozott 2019-ben, mint az el\u0151z\u0151 \u00e9vben. A visszajelz\u00e9sek szerint a Z gener\u00e1ci\u00f3ban egyre ink\u00e1bb er\u0151s\u00f6dik az anyagi f\u00fcggetlens\u00e9g ut\u00e1ni v\u00e1gy, tudatosabban terveznek el\u0151re \u00e9s pontosan tudj\u00e1k, hogy mit szeretn\u00e9nek \u2013 mind poz\u00edci\u00f3ban, mind anyagi elismer\u00e9sben. Vannak olyan hallgat\u00f3k, akik k\u00e9pesek ak\u00e1r 1 h\u00f3napot is v\u00e1rni, hogy a kiszemelt poz\u00edci\u00f3kra felvegy\u00e9k \u0151ket, vagy egy h\u0151n \u00e1h\u00edtott munkaad\u00f3n\u00e1l felszabaduljon sz\u00e1mukra egy-egy munka\u00e1llom\u00e1s.<\/p>\n<p>&nbsp;<br \/>\n<div class=\"ads-in-post2\"><script async src=\"https:\/\/pagead2.googlesyndication.com\/pagead\/js\/adsbygoogle.js\"><\/script>\r\n<ins class=\"adsbygoogle\"\r\n     style=\"display:block\"\r\n     data-ad-format=\"fluid\"\r\n     data-ad-layout-key=\"-6t+ed+2i-1n-4w\"\r\n     data-ad-client=\"ca-pub-1959107119989764\"\r\n     data-ad-slot=\"4008251320\"><\/ins>\r\n<script>\r\n     (adsbygoogle = window.adsbygoogle || []).push({});\r\n<\/script><\/div>\n<p>\u2013 <em>K\u00e9tf\u00e9le ir\u00e1nnyal tal\u00e1lkozunk, \u00e9s mindkett\u0151 nagyon tudatos d\u00f6nt\u00e9s a di\u00e1kok r\u00e9sz\u00e9r\u0151l. Az egyik csoportba azok tartoznak, akik bizonyos id\u0151k\u00f6z\u00f6nk\u00e9nt \u00e1ll\u00e1st v\u00e1ltanak, hogy jobban megismerhess\u00e9k a munka vil\u00e1g\u00e1t, a m\u00e1sik csoport k\u00e9pvisel\u0151i pedig ink\u00e1bb t\u00f6bb h\u00f3napot, ak\u00e1r \u00e9veket is dolgoznak egy-egy c\u00e9gn\u00e9l, hogy azt\u00e1n diplomaszerz\u00e9s ut\u00e1n \u00e1llom\u00e1nyba ker\u00fcljenek<\/em> \u2013 mondta el Baross Levente, a Sch\u00f6nherz Iskolasz\u00f6vetkezet eln\u00f6ke.<\/p>\n<p>&nbsp;<\/p>\n<p>A di\u00e1kb\u00e9reket tekintve az elv\u00e1r\u00e1s \u00e9vr\u0151l \u00e9vre egyre magasabb, a fiatalok \u00e1tlagosan brutt\u00f3 1.400 Ft-os \u00f3rab\u00e9rt ig\u00e9nyelnek, \u00edgy v\u00e9g\u00fcl nett\u00f3 200.000 Ft is landolhat a sz\u00e1ml\u00e1jukon, ha egyetemi k\u00f6telezetts\u00e9geik engedik a magasabb \u00f3rasz\u00e1m\u00fa munkav\u00e1llal\u00e1st. A c\u00e9gek az iskolasz\u00f6vetkezetn\u00e9l f\u0151k\u00e9nt informatikai ter\u00fcletekre keresnek lelkes juniorokat, de gazdas\u00e1gi \u00e9s adminisztr\u00e1ci\u00f3s feladatok ell\u00e1t\u00e1s\u00e1ban is sz\u00e1m\u00edtanak r\u00e1juk. A legnagyobb hi\u00e1nnyal k\u00fczd\u0151 ter\u00fcleteken brutt\u00f3 3.000 Ft-os \u00f3rab\u00e9r is megkereshet\u0151 (ezzel f\u00e9lmunkaid\u0151s v\u00e1llal\u00e1ssal el\u00e9rhet\u0151 a nett\u00f3 200.000 Ft-os \u00f6sszeg!), de a szakmai tud\u00e1st nem ig\u00e9nyl\u0151 feladatokn\u00e1l sem megy m\u00e1r az \u00e1r brutt\u00f3 1.000 Ft al\u00e1. Id\u00e9n er\u0151s\u00f6d\u00f6tt az a tendencia is, hogy a c\u00e9gek maguk v\u00e1llalj\u00e1k a fiatalok betan\u00edt\u00e1s\u00e1t adott feladatokra, ezzel seg\u00edtve a v\u00e1llalati ut\u00e1np\u00f3tl\u00e1st.<\/p>\n","protected":false},"excerpt":{"rendered":"<p>A 2019-es \u00e9v t\u00f6bb meglepet\u00e9st is okozott a di\u00e1kmunk\u00e1k vil\u00e1g\u00e1ban: a hallgat\u00f3k sokkal tudatosabban v\u00e1lasztanak munkahelyet, t\u00fcrelmesen v\u00e1rnak egy-egy kiszemelt poz\u00edci\u00f3ra, s\u0151t m\u00e9g a h\u00e9tv\u00e9g\u00e9j\u00fcket \u00e9s a munkasz\u00fcneti napokat is hajland\u00f3k be\u00e1ldozni. A munkav\u00e1llal\u00f3 di\u00e1kok sz\u00e1ma 2018-hoz viszony\u00edtva k\u00f6zel 20%-kal n\u00f6vekedett, a c\u00e9gek pedig egyre nagyobb bizalommal fogadj\u00e1k a fiatalokat, sokszor m\u00e9g a hard skillek &#8230;<\/p>\n","protected":false},"author":1,"featured_media":0,"comment_status":"closed","ping_status":"open","sticky":false,"template":"","format":"standard","meta":[],"categories":[19],"tags":[],"_links":{"self":[{"href":"https:\/\/gazdasagportal.hu\/index.php\/wp-json\/wp\/v2\/posts\/122320"}],"collection":[{"href":"https:\/\/gazdasagportal.hu\/index.php\/wp-json\/wp\/v2\/posts"}],"about":[{"href":"https:\/\/gazdasagportal.hu\/index.php\/wp-json\/wp\/v2\/types\/post"}],"author":[{"embeddable":true,"href":"https:\/\/gazdasagportal.hu\/index.php\/wp-json\/wp\/v2\/users\/1"}],"replies":[{"embeddable":true,"href":"https:\/\/gazdasagportal.hu\/index.php\/wp-json\/wp\/v2\/comments?post=122320"}],"version-history":[{"count":1,"href":"https:\/\/gazdasagportal.hu\/index.php\/wp-json\/wp\/v2\/posts\/122320\/revisions"}],"predecessor-version":[{"id":122321,"href":"https:\/\/gazdasagportal.hu\/index.php\/wp-json\/wp\/v2\/posts\/122320\/revisions\/122321"}],"wp:attachment":[{"href":"https:\/\/gazdasagportal.hu\/index.php\/wp-json\/wp\/v2\/media?parent=122320"}],"wp:term":[{"taxonomy":"category","embeddable":true,"href":"https:\/\/gazdasagportal.hu\/index.php\/wp-json\/wp\/v2\/categories?post=122320"},{"taxonomy":"post_tag","embeddable":true,"href":"https:\/\/gazdasagportal.hu\/index.php\/wp-json\/wp\/v2\/tags?post=122320"}],"curies":[{"name":"wp","href":"https:\/\/api.w.org\/{rel}","templated":true}]}}