{"id":122303,"date":"2019-12-17T10:27:42","date_gmt":"2019-12-17T09:27:42","guid":{"rendered":"http:\/\/gazdasagportal.hu\/?p=122303"},"modified":"2019-12-17T10:27:42","modified_gmt":"2019-12-17T09:27:42","slug":"az-asz-atadta-a-2020-elso-felevi-ellenorzesi-tervet-az-orszaggyulesnek","status":"publish","type":"post","link":"https:\/\/gazdasagportal.hu\/index.php\/az-asz-atadta-a-2020-elso-felevi-ellenorzesi-tervet-az-orszaggyulesnek\/","title":{"rendered":"Az \u00c1SZ \u00e1tadta a 2020. els\u0151 f\u00e9l\u00e9vi ellen\u0151rz\u00e9si terv\u00e9t az Orsz\u00e1ggy\u0171l\u00e9snek"},"content":{"rendered":"<p><strong>Domokos L\u00e1szl\u00f3, az \u00c1llami Sz\u00e1mvev\u0151sz\u00e9k (\u00c1SZ) eln\u00f6ke kedden \u00e1tadta a sz\u00e1mvev\u0151sz\u00e9k 2020. els\u0151 f\u00e9l\u00e9vi ellen\u0151rz\u00e9si terv\u00e9t Lezs\u00e1k S\u00e1ndornak, az Orsz\u00e1ggy\u0171l\u00e9s aleln\u00f6k\u00e9nek az Orsz\u00e1gh\u00e1zban.<\/strong><!--more--><\/p>\n<div class=\"ads-in-post1\"><div id=\"gazdasagportal.hu_fullbanner_wideboard\"><\/div>\r\n<\/div>\n<p>    A sz\u00e1mvev\u0151sz\u00e9k honlapj\u00e1n kedden k\u00f6zz\u00e9tett t\u00e1j\u00e9koztat\u00e1s szerint 2020 els\u0151 f\u00e9l\u00e9v\u00e9ben kiemelt feladatk\u00e9nt megkezd\u0151dik Magyarorsz\u00e1g 2019-es k\u00f6zponti k\u00f6lts\u00e9gvet\u00e9se v\u00e9grehajt\u00e1s\u00e1r\u00f3l k\u00e9sz\u00edtett z\u00e1rsz\u00e1mad\u00e1s ellen\u0151rz\u00e9se. Tov\u00e1bb\u00e1 az \u00c1SZ, t\u00f6rv\u00e9nyi k\u00f6telezetts\u00e9g\u00e9nek eleget t\u00e9ve, v\u00e9lem\u00e9nyezi a 2021. \u00e9vi k\u00f6lts\u00e9gvet\u00e9si t\u00f6rv\u00e9nyjavaslatot, munk\u00e1j\u00e1val t\u00e1mogatja az Orsz\u00e1ggy\u0171l\u00e9st a jogszab\u00e1lyi k\u00f6vetelm\u00e9nyeknek megfelel\u0151 k\u00f6lts\u00e9gvet\u00e9si t\u00f6rv\u00e9ny megalkot\u00e1s\u00e1ban \u00e9s elfogad\u00e1s\u00e1ban.<br \/>\n    Az \u00c1SZ megkezdi az \u00e1llami vagyon feletti tulajdonosi joggyakorl\u00e1ssal kapcsolatos tev\u00e9kenys\u00e9gek 2019-re vonatkoz\u00f3 ellen\u0151rz\u00e9s\u00e9t. A hullad\u00e9kgazd\u00e1lkod\u00e1s rendszer\u00e9nek ellen\u0151rz\u00e9s\u00e9vel az \u00c1SZ arra keresi a v\u00e1laszt, hogy a hullad\u00e9kgazd\u00e1lkod\u00e1s szab\u00e1lyoz\u00e1si \u00e9s szervezeti rendszer\u00e9nek kialak\u00edt\u00e1sa \u00e9s m\u0171k\u00f6dtet\u00e9se biztos\u00edtja-e a k\u00f6zfeladat megfelel\u0151, eredm\u00e9nyes \u00e9s hat\u00e9kony ell\u00e1t\u00e1s\u00e1t. Mindemellett folytat\u00f3dik a nemzeti (\u00e1llami \u00e9s \u00f6nkorm\u00e1nyzati) tulajdon\u00fa gazdas\u00e1gi t\u00e1rsas\u00e1gok ellen\u0151rz\u00e9se &#8211; k\u00f6z\u00f6lt\u00e9k.<br \/>\n    J\u00f6v\u0151 \u00e9v els\u0151 f\u00e9l\u00e9v\u00e9ben ellen\u0151rz\u00e9s indul a Magyar Nemzeti Bankn\u00e1l (MNB), valamint az \u00c1SZ megkezdi a Szan\u00e1l\u00e1si Alap p\u00e9nz\u00fcgy-sz\u00e1mviteli ellen\u0151rz\u00e9s\u00e9t. Ut\u00f3bbival az \u00c1SZ hozz\u00e1j\u00e1rul a p\u00e9nz\u00fcgyi szektorban az int\u00e9zm\u00e9nyi v\u00e1ls\u00e1gkezel\u00e9sre l\u00e9trehozott p\u00e9nz\u00fcgyi stabilit\u00e1si v\u00e9d\u0151h\u00e1l\u00f3 elem\u00e9nek meger\u0151s\u00edt\u00e9s\u00e9hez. Emellett folytat\u00f3dik a Nemzeti Ad\u00f3- \u00e9s V\u00e1mhivataln\u00e1l (NAV) a t\u00e1rsas\u00e1gi ad\u00f3val kapcsolatos feladatell\u00e1t\u00e1s ellen\u0151rz\u00e9se.<br \/>\n<div class=\"ads-in-post2\"><script async src=\"https:\/\/pagead2.googlesyndication.com\/pagead\/js\/adsbygoogle.js\"><\/script>\r\n<ins class=\"adsbygoogle\"\r\n     style=\"display:block\"\r\n     data-ad-format=\"fluid\"\r\n     data-ad-layout-key=\"-6t+ed+2i-1n-4w\"\r\n     data-ad-client=\"ca-pub-1959107119989764\"\r\n     data-ad-slot=\"4008251320\"><\/ins>\r\n<script>\r\n     (adsbygoogle = window.adsbygoogle || []).push({});\r\n<\/script><\/div>\n    Folytat\u00f3dik a p\u00e1rtok, p\u00e1rtalap\u00edtv\u00e1nyok, illetve az alap\u00edtv\u00e1nyok \u00e9s k\u00f6zalap\u00edtv\u00e1nyok ellen\u0151rz\u00e9se is. Az \u00c1SZ, a t\u00f6rv\u00e9nyi el\u0151\u00edr\u00e1snak megfelel\u0151 \u00fctemez\u00e9s alapj\u00e1n, h\u00e9t p\u00e1rt (Demokratikus Koal\u00edci\u00f3, Jobbik Magyarorsz\u00e1g\u00e9rt Mozgalom, Lehet M\u00e1s a Politika, Magyar Liber\u00e1lis P\u00e1rt &#8211; a Liber\u00e1lisok, Magyar Szocialista P\u00e1rt, P\u00e1rbesz\u00e9d Magyarorsz\u00e1g\u00e9rt P\u00e1rt, valamint a felsz\u00e1mol\u00e1s alatt l\u00e9v\u0151 Egy\u00fctt &#8211; a Korszakv\u00e1lt\u00f3k P\u00e1rtja) \u00e9s p\u00e1rtalap\u00edtv\u00e1nyaik 2017-2018-ra vonatkoz\u00f3 ellen\u0151rz\u00e9s\u00e9t folytatja, valamint n\u00e9gy p\u00e1rt (Fidesz &#8211; Magyar Polg\u00e1ri Sz\u00f6vets\u00e9g, Kereszt\u00e9nydemokrata N\u00e9pp\u00e1rt, Momentum Mozgalom \u00e9s Magyar K\u00e9tfark\u00fa Kutya P\u00e1rt) \u00e9s p\u00e1rtalap\u00edtv\u00e1nyaik 2018-2019-re vonatkoz\u00f3 ellen\u0151rz\u00e9s\u00e9t kezdi meg 2020 els\u0151 f\u00e9l\u00e9v\u00e9ben.<br \/>\n    Nemzetk\u00f6zi ellen\u0151rz\u00e9s keret\u00e9ben 2020 els\u0151 f\u00e9l\u00e9v\u00e9ben folytatja az \u00c1SZ a szeg\u00e9nys\u00e9gi k\u00fcsz\u00f6b alatt \u00e9l\u0151k felemel\u00e9s\u00e9re tett int\u00e9zked\u00e9sek ellen\u0151rz\u00e9s\u00e9t. Folytat\u00f3dik a Nemzeti Csal\u00e1d- \u00e9s Szoci\u00e1lpolitikai Alap ellen\u0151rz\u00e9se, amely elemzi, hogy a csal\u00e1dt\u00e1mogat\u00e1si szakter\u00fclet \u00e9s a p\u00e9nz\u00fcgyi szakter\u00fclet kontrolljai kialak\u00edt\u00e1sa \u00e9s m\u0171k\u00f6dtet\u00e9se megfelel\u0151en t\u00f6rt\u00e9nt-e, valamint hogy int\u00e9zkedtek-e a korm\u00e1nyhivatalok a kor\u00e1bbi \u00c1SZ ellen\u0151rz\u00e9sek \u00e1ltal felt\u00e1rt a csal\u00e1dt\u00e1mogat\u00e1si ell\u00e1t\u00e1sokkal \u00f6sszef\u00fcgg\u0151 hi\u00e1nyoss\u00e1gok megsz\u00fcntet\u00e9s\u00e9re, \u00e9s el\u00e9gedettek-e az \u00e9rintettek a szolg\u00e1ltat\u00e1sokkal.<br \/>\n    A kock\u00e1zat\u00e9rt\u00e9kel\u00e9sen alapul\u00f3, \u00faj technol\u00f3gi\u00e1kkal indul\u00f3 ellen\u0151rz\u00e9sei sor\u00e1n az \u00c1SZ a &#8222;polcr\u00f3l is leemelhet\u0151&#8221; alapvet\u0151 dokumentumokat k\u00e9r be az ellen\u0151rz\u00f6ttekt\u0151l, mindamellett hogy n\u00f6veli az egyes ter\u00fcletek ellen\u0151rz\u00e9si lefedetts\u00e9g\u00e9t. Az \u00c1SZ tov\u00e1bbra is kiemelt figyelmet ford\u00edt az ut\u00f3ellen\u0151rz\u00e9sekre, valamint a korrupci\u00f3s vesz\u00e9lyek ellen v\u00e9detts\u00e9get biztos\u00edt\u00f3 integrit\u00e1skontrollok \u00e9rt\u00e9kel\u00e9s\u00e9re &#8211; k\u00f6z\u00f6lt\u00e9k.(MTI)<\/p>\n","protected":false},"excerpt":{"rendered":"<p>Domokos L\u00e1szl\u00f3, az \u00c1llami Sz\u00e1mvev\u0151sz\u00e9k (\u00c1SZ) eln\u00f6ke kedden \u00e1tadta a sz\u00e1mvev\u0151sz\u00e9k 2020. els\u0151 f\u00e9l\u00e9vi ellen\u0151rz\u00e9si terv\u00e9t Lezs\u00e1k S\u00e1ndornak, az Orsz\u00e1ggy\u0171l\u00e9s aleln\u00f6k\u00e9nek az Orsz\u00e1gh\u00e1zban.<\/p>\n","protected":false},"author":1,"featured_media":0,"comment_status":"closed","ping_status":"open","sticky":false,"template":"","format":"standard","meta":[],"categories":[19],"tags":[],"_links":{"self":[{"href":"https:\/\/gazdasagportal.hu\/index.php\/wp-json\/wp\/v2\/posts\/122303"}],"collection":[{"href":"https:\/\/gazdasagportal.hu\/index.php\/wp-json\/wp\/v2\/posts"}],"about":[{"href":"https:\/\/gazdasagportal.hu\/index.php\/wp-json\/wp\/v2\/types\/post"}],"author":[{"embeddable":true,"href":"https:\/\/gazdasagportal.hu\/index.php\/wp-json\/wp\/v2\/users\/1"}],"replies":[{"embeddable":true,"href":"https:\/\/gazdasagportal.hu\/index.php\/wp-json\/wp\/v2\/comments?post=122303"}],"version-history":[{"count":1,"href":"https:\/\/gazdasagportal.hu\/index.php\/wp-json\/wp\/v2\/posts\/122303\/revisions"}],"predecessor-version":[{"id":122304,"href":"https:\/\/gazdasagportal.hu\/index.php\/wp-json\/wp\/v2\/posts\/122303\/revisions\/122304"}],"wp:attachment":[{"href":"https:\/\/gazdasagportal.hu\/index.php\/wp-json\/wp\/v2\/media?parent=122303"}],"wp:term":[{"taxonomy":"category","embeddable":true,"href":"https:\/\/gazdasagportal.hu\/index.php\/wp-json\/wp\/v2\/categories?post=122303"},{"taxonomy":"post_tag","embeddable":true,"href":"https:\/\/gazdasagportal.hu\/index.php\/wp-json\/wp\/v2\/tags?post=122303"}],"curies":[{"name":"wp","href":"https:\/\/api.w.org\/{rel}","templated":true}]}}