{"id":122251,"date":"2019-12-15T08:21:05","date_gmt":"2019-12-15T07:21:05","guid":{"rendered":"http:\/\/gazdasagportal.hu\/?p=122251"},"modified":"2019-12-15T08:21:05","modified_gmt":"2019-12-15T07:21:05","slug":"heti-tozsdei-osszefoglalo-novekvo-forgalomban-erosodott-a-bux-a-heten-5","status":"publish","type":"post","link":"https:\/\/gazdasagportal.hu\/index.php\/heti-tozsdei-osszefoglalo-novekvo-forgalomban-erosodott-a-bux-a-heten-5\/","title":{"rendered":"Heti t\u0151zsdei \u00f6sszefoglal\u00f3 &#8211; N\u00f6vekv\u0151 forgalomban er\u0151s\u00f6d\u00f6tt a BUX a h\u00e9ten"},"content":{"rendered":"<p><strong>N\u00f6vekv\u0151 forgalom mellett er\u0151s\u00f6d\u00f6tt a Budapesti \u00c9rt\u00e9kt\u0151zsde (B\u00c9T) r\u00e9szv\u00e9nyindexe a h\u00e9ten, a BUX t\u00f6rt\u00e9nelmi cs\u00facson, 45 760,15 ponton fejezte be a keresked\u00e9st p\u00e9nteken, 1552,65 ponttal, 3,51 sz\u00e1zal\u00e9kkal magasabban az el\u0151z\u0151 heti z\u00e1r\u00f3\u00e9rt\u00e9k\u00e9n\u00e9l.<\/strong><!--more--><\/p>\n<div class=\"ads-in-post1\"><div id=\"gazdasagportal.hu_fullbanner_wideboard\"><\/div>\r\n<\/div>\n<p>    A r\u00e9szv\u00e9nypiac heti forgalma meghaladta a 77,5 milli\u00e1rd forintot az el\u0151z\u0151 heti 63 milli\u00e1rd forint ut\u00e1n, a vezet\u0151 r\u00e9szv\u00e9nyek a Magyar Telekom kiv\u00e9tel\u00e9vel emelkedtek, az OTP ism\u00e9t \u00faj t\u00f6rt\u00e9nelmi cs\u00facsot \u00e9rt el.<br \/>\n    Az Equilor Befektet\u00e9si Zrt. MTI-nek k\u00fcld\u00f6tt heti \u00f6sszefoglal\u00f3j\u00e1ban kiemelte, hogy a BUX-index \u00faj t\u00f6rt\u00e9nelmi cs\u00facsra emelkedett, amelyet a pozit\u00edv nemzetk\u00f6zi befektet\u0151i hangulat is seg\u00edtett. Pozit\u00edv ir\u00e1nyba mozd\u00edtotta a r\u00e9szv\u00e9nypiacokat a brit parlamenti v\u00e1laszt\u00e1s eredm\u00e9nye, valamint az amerikai-k\u00ednai kereskedelmi vit\u00e1t r\u00e9szben rendez\u0151  megegyez\u00e9sr\u0151l \u00e9rkez\u0151 h\u00edrek.<br \/>\n    Sz\u00e1mos v\u00e1llalati h\u00edr \u00e9rkezett a h\u00e9ten a vezet\u0151 magyar pap\u00edrokkal kapcsolatban.     A Mol z\u00f6ld utat kapott a rijekai finom\u00edt\u00f3j\u00e1nak \u00e1talak\u00edt\u00e1s\u00e1ra az INA-t\u00f3l. A beruh\u00e1z\u00e1s teljes \u00f6sszege el\u0151rel\u00e1that\u00f3lag 600 milli\u00f3 doll\u00e1r k\u00f6r\u00fcl lesz, \u00e9s tartalmazza a marad\u00e9kfeldolgoz\u00f3 \u00fczem meg\u00e9p\u00edt\u00e9s\u00e9t, a megl\u00e9v\u0151 \u00fczemek fel\u00faj\u00edt\u00e1s\u00e1t \u00e9s egy \u00faj kik\u00f6t\u0151 meg\u00e9p\u00edt\u00e9s\u00e9t, ami lehet\u0151v\u00e9 teszi a petrolkoksz z\u00e1rt t\u00e9rben t\u00f6rt\u00e9n\u0151 t\u00e1rol\u00e1s\u00e1t. A marad\u00e9kfeldolgoz\u00f3 \u00fczemnek k\u00f6sz\u00f6nhet\u0151en n\u0151 a finom\u00edt\u00f3ban el\u0151\u00e1ll\u00edtott, nyeres\u00e9gesen \u00e9rt\u00e9kes\u00edthet\u0151 motor\u00fczemanyagok ar\u00e1nya. Az \u00faj \u00fczem \u00e9p\u00edt\u00e9si munk\u00e1latai hamarosan elkezd\u0151dnek \u00e9s v\u00e1rhat\u00f3an 2023-ra fejez\u0151dnek be.<br \/>\n<div class=\"ads-in-post2\"><script async src=\"https:\/\/pagead2.googlesyndication.com\/pagead\/js\/adsbygoogle.js\"><\/script>\r\n<ins class=\"adsbygoogle\"\r\n     style=\"display:block\"\r\n     data-ad-format=\"fluid\"\r\n     data-ad-layout-key=\"-6t+ed+2i-1n-4w\"\r\n     data-ad-client=\"ca-pub-1959107119989764\"\r\n     data-ad-slot=\"4008251320\"><\/ins>\r\n<script>\r\n     (adsbygoogle = window.adsbygoogle || []).push({});\r\n<\/script><\/div>\n    A JP Morgan 17 000 forintr\u00f3l 17 500 forintra emelte az OTP Bankra vonatkoz\u00f3 12 havi c\u00e9l\u00e1rfolyam\u00e1t, a bankh\u00e1z aj\u00e1nl\u00e1sa tov\u00e1bbra is fel\u00fcls\u00falyoz\u00e1s.<br \/>\n    \u00dajabb tendereken nyert a 4iG, a v\u00e1llalatot k\u00e9t k\u00f6zbeszerz\u00e9si elj\u00e1r\u00e1sban is gy\u0151ztesk\u00e9nt hirdett\u00e9k ki, \u00f6sszesen 2 milli\u00e1rd forintos szerz\u0151d\u00e9ses \u00f6sszeg erej\u00e9ig. A k\u00e9t szerz\u0151d\u00e9s \u00e9rtelm\u00e9ben a 4iG 1,46 milli\u00e1rd forint \u00e9rt\u00e9kben sz\u00e1ll\u00edt \u00e9s telep\u00edt eg\u00e9szs\u00e9g\u00fcgyi szolg\u00e1ltat\u00e1shoz haszn\u00e1latos szoftvereket, tov\u00e1bb\u00e1 566 milli\u00f3 forint \u00e9rt\u00e9kben h\u00e1l\u00f3zati  eszk\u00f6z\u00f6ket is sz\u00e1ll\u00edt \u00e1llami megrendel\u0151knek.<br \/>\n    A h\u00e9ten az is kider\u00fclt, hogy m\u00e9gsem veszi meg a 4iG a T-Systemst a Magyar Telekomt\u00f3l. A 4iG kezdem\u00e9nyez\u00e9s\u00e9re megszakadtak a T-Systems felv\u00e1s\u00e1rl\u00e1s\u00e1val kapcsolatos t\u00e1rgyal\u00e1sok \u00e9s az \u00e1tvil\u00e1g\u00edt\u00e1si folyamat.<br \/>\n    Az Est Media megkapta a Gazdas\u00e1gi Versenyhivatal j\u00f3v\u00e1hagy\u00e1s\u00e1t a Delta Systems megv\u00e1s\u00e1rl\u00e1s\u00e1ra. Szerd\u00e1n a tranzakci\u00f3t lez\u00e1rt\u00e1k, miut\u00e1n a Delta Group Holding megkapta a 2,35 milli\u00e1rd forintos v\u00e9tel\u00e1rat, melynek finansz\u00edroz\u00e1s\u00e1ra az Est Media z\u00e1rtk\u00f6r\u0171 alapt\u0151ke-emel\u00e9s keret\u00e9ben 125 milli\u00f3 darab &#8222;A&#8221; sorozat\u00fa t\u00f6rzsr\u00e9szv\u00e9nyt bocs\u00e1t ki a Deltagroup r\u00e9sz\u00e9re. A tranzakci\u00f3t k\u00f6vet\u0151en az Est Media c\u00e9gneve Delta Technologies Nyrt.-re m\u00f3dosul.<br \/>\n    Az OTP 4,7 sz\u00e1zal\u00e9kkal er\u0151s\u00f6d\u00f6tt a h\u00e9ten, p\u00e9nteki z\u00e1r\u00f3\u00e1ra 15 600 forint volt, heti forgalma meghaladta a 44,3 milli\u00e1rd forintot.<br \/>\n    A Richter \u00e1rfolyama 6,52 sz\u00e1zal\u00e9kkal emelkedett, p\u00e9nteken a pap\u00edr 6210 forinton fejezte be a keresked\u00e9s, heti forgalma t\u00f6bb mint 13,89 milli\u00e1rd forint volt.<br \/>\n    A Magyar Telekom \u00e1rfolyama a h\u00e9ten 0,68 sz\u00e1zal\u00e9kkal cs\u00f6kkent a h\u00e9ten,  p\u00e9nteken 437 forinton z\u00e1rt, heti forgalma mintegy 1,3 milli\u00e1rd forintot tett ki.<br \/>\n    A Mol 1,18 sz\u00e1zal\u00e9kkal er\u0151s\u00f6d\u00f6tt, p\u00e9nteki z\u00e1r\u00f3ra 2906 forint volt, heti forgalma 8,3 forint volt.<br \/>\n    A kis- \u00e9s k\u00f6zepes r\u00e9szv\u00e9nyek indexe, a BUMIX 3842,56 ponton z\u00e1rt p\u00e9nteken, az el\u0151z\u0151 h\u00e9thez k\u00e9pest 65,77 ponttal, 1,68 sz\u00e1zal\u00e9kkal alacsonyabban.(MTI)<\/p>\n","protected":false},"excerpt":{"rendered":"<p>N\u00f6vekv\u0151 forgalom mellett er\u0151s\u00f6d\u00f6tt a Budapesti \u00c9rt\u00e9kt\u0151zsde (B\u00c9T) r\u00e9szv\u00e9nyindexe a h\u00e9ten, a BUX t\u00f6rt\u00e9nelmi cs\u00facson, 45 760,15 ponton fejezte be a keresked\u00e9st p\u00e9nteken, 1552,65 ponttal, 3,51 sz\u00e1zal\u00e9kkal magasabban az el\u0151z\u0151 heti z\u00e1r\u00f3\u00e9rt\u00e9k\u00e9n\u00e9l.<\/p>\n","protected":false},"author":1001003,"featured_media":90669,"comment_status":"closed","ping_status":"open","sticky":false,"template":"","format":"standard","meta":[],"categories":[146,7],"tags":[],"_links":{"self":[{"href":"https:\/\/gazdasagportal.hu\/index.php\/wp-json\/wp\/v2\/posts\/122251"}],"collection":[{"href":"https:\/\/gazdasagportal.hu\/index.php\/wp-json\/wp\/v2\/posts"}],"about":[{"href":"https:\/\/gazdasagportal.hu\/index.php\/wp-json\/wp\/v2\/types\/post"}],"author":[{"embeddable":true,"href":"https:\/\/gazdasagportal.hu\/index.php\/wp-json\/wp\/v2\/users\/1001003"}],"replies":[{"embeddable":true,"href":"https:\/\/gazdasagportal.hu\/index.php\/wp-json\/wp\/v2\/comments?post=122251"}],"version-history":[{"count":1,"href":"https:\/\/gazdasagportal.hu\/index.php\/wp-json\/wp\/v2\/posts\/122251\/revisions"}],"predecessor-version":[{"id":122252,"href":"https:\/\/gazdasagportal.hu\/index.php\/wp-json\/wp\/v2\/posts\/122251\/revisions\/122252"}],"wp:featuredmedia":[{"embeddable":true,"href":"https:\/\/gazdasagportal.hu\/index.php\/wp-json\/wp\/v2\/media\/90669"}],"wp:attachment":[{"href":"https:\/\/gazdasagportal.hu\/index.php\/wp-json\/wp\/v2\/media?parent=122251"}],"wp:term":[{"taxonomy":"category","embeddable":true,"href":"https:\/\/gazdasagportal.hu\/index.php\/wp-json\/wp\/v2\/categories?post=122251"},{"taxonomy":"post_tag","embeddable":true,"href":"https:\/\/gazdasagportal.hu\/index.php\/wp-json\/wp\/v2\/tags?post=122251"}],"curies":[{"name":"wp","href":"https:\/\/api.w.org\/{rel}","templated":true}]}}