{"id":122241,"date":"2019-12-14T13:11:26","date_gmt":"2019-12-14T12:11:26","guid":{"rendered":"http:\/\/gazdasagportal.hu\/?p=122241"},"modified":"2019-12-14T12:12:16","modified_gmt":"2019-12-14T11:12:16","slug":"kifizette-az-e-on-hungaria-az-elmu-es-az-emasz-reszvenyeit","status":"publish","type":"post","link":"https:\/\/gazdasagportal.hu\/index.php\/kifizette-az-e-on-hungaria-az-elmu-es-az-emasz-reszvenyeit\/","title":{"rendered":"Kifizette az E.ON Hung\u00e1ria az Elm\u0171 \u00e9s az \u00c9m\u00e1sz r\u00e9szv\u00e9nyeit"},"content":{"rendered":"<p><strong>Az E.ON Hung\u00e1ria Zrt. a k\u00f6telez\u0151 nyilv\u00e1nos v\u00e9teli aj\u00e1nlat lez\u00e1r\u00e1sa sor\u00e1n az Elm\u0171 \u00e9s az \u00c9m\u00e1sz valamennyi, az aj\u00e1nlatot \u00e9rv\u00e9nyesen elfogad\u00f3 r\u00e9szv\u00e9nyes\u00e9nek kifizette az egyenk\u00e9nt t\u00edzezer forint n\u00e9v\u00e9rt\u00e9k\u0171, n\u00e9vre sz\u00f3l\u00f3 t\u00f6rzsr\u00e9szv\u00e9nyek ellen\u00e9rt\u00e9k\u00e9t cs\u00fct\u00f6rt\u00f6k\u00f6n &#8211; tett\u00e9k k\u00f6zz\u00e9 a t\u00e1rsas\u00e1gok a Budapesti \u00c9rt\u00e9kt\u0151zsde (B\u00c9T) honlapj\u00e1n p\u00e9nteken.<\/strong><!--more--><\/p>\n<div class=\"ads-in-post1\"><div id=\"gazdasagportal.hu_fullbanner_wideboard\"><\/div>\r\n<\/div>\n<p>    A Budapesti Elektromos M\u0171vek (Elm\u0171) Nyrt. \u00e9s az \u00c9szak-magyarorsz\u00e1gi \u00c1ramszolg\u00e1ltat\u00f3 (\u00c9m\u00e1sz) Nyrt. h\u00e9tf\u0151n k\u00f6z\u00f6lte, hogy az E.ON Hung\u00e1ria k\u00f6telez\u0151 nyilv\u00e1nos v\u00e9teli aj\u00e1nlat\u00e1t az Elm\u0171 eset\u00e9ben 34 820 darab, az \u00c9m\u00e1sz eset\u00e9ben pedig 86 184 darab r\u00e9szv\u00e9nyre fogadt\u00e1k el a r\u00e9szv\u00e9nytulajdonosok, az aj\u00e1nlattev\u0151 valamennyi \u00e9rv\u00e9nyesen felaj\u00e1nlott r\u00e9szv\u00e9nyt \u00e1tvette.<br \/>\n    Az E.ON Hung\u00e1ria k\u00f6zvetlen befoly\u00e1sa az Elm\u0171ben a kor\u00e1bbi r\u00e9szv\u00e9nyeivel egy\u00fctt 27,25 sz\u00e1zal\u00e9kr\u00f3l 27,82 sz\u00e1zal\u00e9kra, a vele \u00f6sszehangoltan elj\u00e1r\u00f3 szem\u00e9lyekkel egy\u00fcttes befoly\u00e1sa pedig 82,50 sz\u00e1zal\u00e9kr\u00f3l 83,07 sz\u00e1zal\u00e9kra n\u0151tt.<br \/>\n<div class=\"ads-in-post2\"><script async src=\"https:\/\/pagead2.googlesyndication.com\/pagead\/js\/adsbygoogle.js\"><\/script>\r\n<ins class=\"adsbygoogle\"\r\n     style=\"display:block\"\r\n     data-ad-format=\"fluid\"\r\n     data-ad-layout-key=\"-6t+ed+2i-1n-4w\"\r\n     data-ad-client=\"ca-pub-1959107119989764\"\r\n     data-ad-slot=\"4008251320\"><\/ins>\r\n<script>\r\n     (adsbygoogle = window.adsbygoogle || []).push({});\r\n<\/script><\/div>\n    Az \u00c9m\u00e1szban az E.ON Hung\u00e1ria k\u00f6zvetlen befoly\u00e1sa a kor\u00e1bbi r\u00e9szv\u00e9nyeivel egy\u00fctt 26,82 sz\u00e1zal\u00e9kr\u00f3l 29,65 sz\u00e1zal\u00e9kra, a vele \u00f6sszehangoltan elj\u00e1r\u00f3 szem\u00e9lyekkel egy\u00fcttes befoly\u00e1sa pedig 81,08 sz\u00e1zal\u00e9kr\u00f3l 83,92 sz\u00e1zal\u00e9kra n\u0151tt.<br \/>\n    Az E.ON Hung\u00e1ria okt\u00f3berben tett nyilv\u00e1nos v\u00e9teli aj\u00e1nlatot az Elm\u0171 t\u00edzezer forint n\u00e9v\u00e9rt\u00e9k\u0171 t\u00f6rzsr\u00e9szv\u00e9nyeinek megv\u00e1s\u00e1rl\u00e1s\u00e1ra, r\u00e9szv\u00e9nyenk\u00e9nt 34 585 forintos \u00e1ron, \u00e9s az \u00c9m\u00e1sz \u00e1ltal kibocs\u00e1tott, t\u00edzezer forint n\u00e9v\u00e9rt\u00e9k\u0171 t\u00f6rzsr\u00e9szv\u00e9nyek megv\u00e1s\u00e1rl\u00e1s\u00e1ra r\u00e9szv\u00e9nyenk\u00e9nt 31 701 forintos \u00e1ron. Az aj\u00e1nlat elfogad\u00e1s\u00e1ra november 7. \u00e9s december 6. k\u00f6z\u00f6tt volt lehet\u0151s\u00e9g.(MTI)<\/p>\n","protected":false},"excerpt":{"rendered":"<p>Az E.ON Hung\u00e1ria Zrt. a k\u00f6telez\u0151 nyilv\u00e1nos v\u00e9teli aj\u00e1nlat lez\u00e1r\u00e1sa sor\u00e1n az Elm\u0171 \u00e9s az \u00c9m\u00e1sz valamennyi, az aj\u00e1nlatot \u00e9rv\u00e9nyesen elfogad\u00f3 r\u00e9szv\u00e9nyes\u00e9nek kifizette az egyenk\u00e9nt t\u00edzezer forint n\u00e9v\u00e9rt\u00e9k\u0171, n\u00e9vre sz\u00f3l\u00f3 t\u00f6rzsr\u00e9szv\u00e9nyek ellen\u00e9rt\u00e9k\u00e9t cs\u00fct\u00f6rt\u00f6k\u00f6n &#8211; tett\u00e9k k\u00f6zz\u00e9 a t\u00e1rsas\u00e1gok a Budapesti \u00c9rt\u00e9kt\u0151zsde (B\u00c9T) honlapj\u00e1n p\u00e9nteken.<\/p>\n","protected":false},"author":1001003,"featured_media":0,"comment_status":"closed","ping_status":"open","sticky":false,"template":"","format":"standard","meta":[],"categories":[7],"tags":[],"_links":{"self":[{"href":"https:\/\/gazdasagportal.hu\/index.php\/wp-json\/wp\/v2\/posts\/122241"}],"collection":[{"href":"https:\/\/gazdasagportal.hu\/index.php\/wp-json\/wp\/v2\/posts"}],"about":[{"href":"https:\/\/gazdasagportal.hu\/index.php\/wp-json\/wp\/v2\/types\/post"}],"author":[{"embeddable":true,"href":"https:\/\/gazdasagportal.hu\/index.php\/wp-json\/wp\/v2\/users\/1001003"}],"replies":[{"embeddable":true,"href":"https:\/\/gazdasagportal.hu\/index.php\/wp-json\/wp\/v2\/comments?post=122241"}],"version-history":[{"count":1,"href":"https:\/\/gazdasagportal.hu\/index.php\/wp-json\/wp\/v2\/posts\/122241\/revisions"}],"predecessor-version":[{"id":122242,"href":"https:\/\/gazdasagportal.hu\/index.php\/wp-json\/wp\/v2\/posts\/122241\/revisions\/122242"}],"wp:attachment":[{"href":"https:\/\/gazdasagportal.hu\/index.php\/wp-json\/wp\/v2\/media?parent=122241"}],"wp:term":[{"taxonomy":"category","embeddable":true,"href":"https:\/\/gazdasagportal.hu\/index.php\/wp-json\/wp\/v2\/categories?post=122241"},{"taxonomy":"post_tag","embeddable":true,"href":"https:\/\/gazdasagportal.hu\/index.php\/wp-json\/wp\/v2\/tags?post=122241"}],"curies":[{"name":"wp","href":"https:\/\/api.w.org\/{rel}","templated":true}]}}