{"id":122235,"date":"2019-12-14T10:14:25","date_gmt":"2019-12-14T09:14:25","guid":{"rendered":"http:\/\/gazdasagportal.hu\/?p=122235"},"modified":"2019-12-14T10:14:25","modified_gmt":"2019-12-14T09:14:25","slug":"trump-szerint-boris-johnson-gyozelme-elorevetiti-a-2020-as-amerikai-valasztas-eredmenyet-is","status":"publish","type":"post","link":"https:\/\/gazdasagportal.hu\/index.php\/trump-szerint-boris-johnson-gyozelme-elorevetiti-a-2020-as-amerikai-valasztas-eredmenyet-is\/","title":{"rendered":"Trump szerint Boris Johnson gy\u0151zelme el\u0151revet\u00edti a 2020-as amerikai v\u00e1laszt\u00e1s eredm\u00e9ny\u00e9t is"},"content":{"rendered":"<p><strong>Boris Johnson \u00e9s a brit konzervat\u00edvok gy\u0151zelme az Egyes\u00fclt Kir\u00e1lys\u00e1gban el\u0151revet\u00edti a 2020-as amerikai v\u00e1laszt\u00e1sok eredm\u00e9ny\u00e9t is &#8211; jelentette ki Donald Trump amerikai eln\u00f6k \u00fajs\u00e1g\u00edr\u00f3knak p\u00e9nteken a Feh\u00e9r H\u00e1zban, amikor fogadta Mario Abdo Benitez paraguayi eln\u00f6k\u00f6t.<\/strong><!--more--><\/p>\n<div class=\"ads-in-post1\"><div id=\"gazdasagportal.hu_fullbanner_wideboard\"><\/div>\r\n<\/div>\n<p>    &#8222;Gratul\u00e1lni szeretn\u00e9k Boris Johnsonnak a fantasztikus gy\u0151zelm\u00e9hez&#8221; &#8211; fogalmazott az Ov\u00e1lis Irod\u00e1ban az amerikai eln\u00f6k. Majd lesz\u00f6gezte: &#8222;azt hiszem, ez tal\u00e1n el\u0151rejelzi azt, hogy mi fog t\u00f6rt\u00e9nni j\u00f6v\u0151re a mi orsz\u00e1gunkban is&#8221;.<br \/>\n    Donald Trump kor\u00e1bban a Twitteren m\u00e1r gratul\u00e1lt Johnsonnak &#8211; ahogyan fogalmazott &#8211; &#8222;nagyszer\u0171 gy\u0151zelm\u00e9hez&#8221;. Bejegyz\u00e9sben azt is kiemelte, hogy &#8222;az Egyes\u00fclt \u00c1llamok \u00e9s Nagy-Britannia most, a Brexit ut\u00e1n szabadon megk\u00f6theti az \u00faj kereskedelmi meg\u00e1llapod\u00e1st &#8222;. Az eln\u00f6k azon meggy\u0151z\u0151d\u00e9s\u00e9nek adott hangot, hogy az egyezm\u00e9ny sokkal nagyobb \u00e9s j\u00f6vedelmez\u0151bb lehet, mint az Eur\u00f3pai Uni\u00f3val megk\u00f6thet\u0151 b\u00e1rmely meg\u00e1llapod\u00e1s. &#8222;Brav\u00f3, Boris!&#8221; &#8211; \u00edrta Trump.<br \/>\n<div class=\"ads-in-post2\"><script async src=\"https:\/\/pagead2.googlesyndication.com\/pagead\/js\/adsbygoogle.js\"><\/script>\r\n<ins class=\"adsbygoogle\"\r\n     style=\"display:block\"\r\n     data-ad-format=\"fluid\"\r\n     data-ad-layout-key=\"-6t+ed+2i-1n-4w\"\r\n     data-ad-client=\"ca-pub-1959107119989764\"\r\n     data-ad-slot=\"4008251320\"><\/ins>\r\n<script>\r\n     (adsbygoogle = window.adsbygoogle || []).push({});\r\n<\/script><\/div>\n    Boris Johnsonhoz c\u00edmzett \u00fcdv\u00f6zl\u0151 \u00fczenet\u00e9ben p\u00e9nteken az amerikai k\u00fcl\u00fcgyminiszt\u00e9rium szint\u00e9n meger\u0151s\u00edtette, hogy elk\u00f6telezett a Brexit ut\u00e1n megk\u00f6tend\u0151 kereskedelmi meg\u00e1llapod\u00e1s mellett. Morgan Ortagus, amerikai k\u00fcl\u00fcgyi sz\u00f3viv\u0151 \u00fajs\u00e1g\u00edr\u00f3knak kijelentette: az Egyes\u00fclt Kir\u00e1lys\u00e1ggal k\u00f6tend\u0151 szabadkereskedelmi meg\u00e1llapod\u00e1s al\u00e1\u00edr\u00e1s\u00e1val Washington er\u0151teljes gazdas\u00e1gi kapcsolatokat akar Londonnal.(MTI)<\/p>\n","protected":false},"excerpt":{"rendered":"<p>Boris Johnson \u00e9s a brit konzervat\u00edvok gy\u0151zelme az Egyes\u00fclt Kir\u00e1lys\u00e1gban el\u0151revet\u00edti a 2020-as amerikai v\u00e1laszt\u00e1sok eredm\u00e9ny\u00e9t is &#8211; jelentette ki Donald Trump amerikai eln\u00f6k \u00fajs\u00e1g\u00edr\u00f3knak p\u00e9nteken a Feh\u00e9r H\u00e1zban, amikor fogadta Mario Abdo Benitez paraguayi eln\u00f6k\u00f6t.<\/p>\n","protected":false},"author":1001003,"featured_media":0,"comment_status":"closed","ping_status":"open","sticky":false,"template":"","format":"standard","meta":[],"categories":[13,12,246],"tags":[],"_links":{"self":[{"href":"https:\/\/gazdasagportal.hu\/index.php\/wp-json\/wp\/v2\/posts\/122235"}],"collection":[{"href":"https:\/\/gazdasagportal.hu\/index.php\/wp-json\/wp\/v2\/posts"}],"about":[{"href":"https:\/\/gazdasagportal.hu\/index.php\/wp-json\/wp\/v2\/types\/post"}],"author":[{"embeddable":true,"href":"https:\/\/gazdasagportal.hu\/index.php\/wp-json\/wp\/v2\/users\/1001003"}],"replies":[{"embeddable":true,"href":"https:\/\/gazdasagportal.hu\/index.php\/wp-json\/wp\/v2\/comments?post=122235"}],"version-history":[{"count":1,"href":"https:\/\/gazdasagportal.hu\/index.php\/wp-json\/wp\/v2\/posts\/122235\/revisions"}],"predecessor-version":[{"id":122236,"href":"https:\/\/gazdasagportal.hu\/index.php\/wp-json\/wp\/v2\/posts\/122235\/revisions\/122236"}],"wp:attachment":[{"href":"https:\/\/gazdasagportal.hu\/index.php\/wp-json\/wp\/v2\/media?parent=122235"}],"wp:term":[{"taxonomy":"category","embeddable":true,"href":"https:\/\/gazdasagportal.hu\/index.php\/wp-json\/wp\/v2\/categories?post=122235"},{"taxonomy":"post_tag","embeddable":true,"href":"https:\/\/gazdasagportal.hu\/index.php\/wp-json\/wp\/v2\/tags?post=122235"}],"curies":[{"name":"wp","href":"https:\/\/api.w.org\/{rel}","templated":true}]}}