{"id":122199,"date":"2019-12-12T21:52:31","date_gmt":"2019-12-12T20:52:31","guid":{"rendered":"http:\/\/gazdasagportal.hu\/?p=122199"},"modified":"2019-12-12T21:52:31","modified_gmt":"2019-12-12T20:52:31","slug":"uj-ceg-lep-a-bet-xtend-piacara","status":"publish","type":"post","link":"https:\/\/gazdasagportal.hu\/index.php\/uj-ceg-lep-a-bet-xtend-piacara\/","title":{"rendered":"\u00daj c\u00e9g l\u00e9p a B\u00c9T Xtend piac\u00e1ra"},"content":{"rendered":"<p><strong>\u00daj c\u00e9g l\u00e9p a Budapesti \u00c9rt\u00e9kt\u0151zsde (B\u00c9T) k\u00f6zepes m\u00e9ret\u0171 v\u00e1llalkoz\u00e1sokra l\u00e9trehozott Xtend piac\u00e1ra, a t\u0151zsde december 16-t\u00f3l felveszi az \u00e9rt\u00e9kpap\u00edrlist\u00e1ra a DM-KER Zrt. 1 milli\u00f3 darab, egyenk\u00e9nt 500 forint n\u00e9v\u00e9rt\u00e9k\u0171 &#8211; 500 milli\u00f3 forint \u00f6sszn\u00e9v\u00e9rt\u00e9k\u0171 &#8211; t\u00f6rzsr\u00e9szv\u00e9ny\u00e9t.<\/strong><!--more--><\/p>\n<div class=\"ads-in-post1\"><div id=\"gazdasagportal.hu_fullbanner_wideboard\"><\/div>\r\n<\/div>\n<p>    A B\u00c9T honlapj\u00e1n cs\u00fct\u00f6rt\u00f6k\u00f6n k\u00f6zz\u00e9tett hat\u00e1rozat szerint a kibocs\u00e1t\u00f3 t\u00f6rzsr\u00e9szv\u00e9nyeit az \u00e9rt\u00e9kpap\u00edrlist\u00e1ra t\u00f6rt\u00e9n\u0151 felv\u00e9tellel regisztr\u00e1lt\u00e1k az Xtend piacra, az els\u0151 keresked\u00e9si napot azonban m\u00e9g nem hat\u00e1rozt\u00e1k meg, a r\u00e9szv\u00e9nyekkel egyel\u0151re nem lehet kereskedni, mert a c\u00e9g z\u00e1rtk\u00f6r\u0171en m\u0171k\u00f6d\u0151 r\u00e9szv\u00e9nyt\u00e1rsas\u00e1gk\u00e9nt ny\u00fajtotta be regisztr\u00e1ci\u00f3s k\u00e9relm\u00e9t.<br \/>\n    A r\u00e9szv\u00e9nyek Xtend piaci keresked\u00e9s\u00e9nek megkezd\u00e9s\u00e9t a kibocs\u00e1t\u00f3 a regisztr\u00e1ci\u00f3 napj\u00e1t\u00f3l sz\u00e1m\u00edtott 90 napos hat\u00e1rid\u0151n bel\u00fcl, k\u00fcl\u00f6n elj\u00e1r\u00e1sban k\u00e9relmezheti.<br \/>\n    A szigetszentmikl\u00f3si sz\u00e9khely\u0171 DM-KER Zrt. a B\u00c9T honlapj\u00e1n k\u00f6zz\u00e9tett inform\u00e1ci\u00f3s dokumentum szerint 2019. augusztus 31-i hat\u00e1llyal, a 2008-ban alap\u00edtott DM-KER Kft. z\u00e1rtk\u00f6r\u0171 r\u00e9szv\u00e9nyt\u00e1rsas\u00e1gg\u00e1 alakul\u00e1s\u00e1val j\u00f6tt l\u00e9tre, tulajdonosai mag\u00e1nszem\u00e9lyek. A t\u00e1rsas\u00e1g k\u00f6zgy\u0171l\u00e9se november 6-\u00e1n d\u00f6nt\u00f6tt a m\u0171k\u00f6d\u00e9si forma megv\u00e1ltoztat\u00e1s\u00e1r\u00f3l nyilv\u00e1nosan m\u0171k\u00f6d\u0151 r\u00e9szv\u00e9nyt\u00e1rsas\u00e1gg\u00e1 &#8211; ez a regisztr\u00e1ci\u00f3 napj\u00e1val hat\u00e1lyosul -, \u00e9s r\u00e9szv\u00e9nyeinek regisztr\u00e1ci\u00f3j\u00e1r\u00f3l az Xtendre.<br \/>\n<div class=\"ads-in-post2\"><script async src=\"https:\/\/pagead2.googlesyndication.com\/pagead\/js\/adsbygoogle.js\"><\/script>\r\n<ins class=\"adsbygoogle\"\r\n     style=\"display:block\"\r\n     data-ad-format=\"fluid\"\r\n     data-ad-layout-key=\"-6t+ed+2i-1n-4w\"\r\n     data-ad-client=\"ca-pub-1959107119989764\"\r\n     data-ad-slot=\"4008251320\"><\/ins>\r\n<script>\r\n     (adsbygoogle = window.adsbygoogle || []).push({});\r\n<\/script><\/div>\n    A t\u00e1rsas\u00e1g t\u00f6bb mint 11 \u00e9ves piaci tapasztalattal rendelkez\u0151, magyar tulajdon\u00fa, \u00e9p\u00edt\u0151ipari \u00e9s mez\u0151gazdas\u00e1gi g\u00e9pek forgalmaz\u00e1s\u00e1val, szerv\u00edzel\u00e9s\u00e9vel, b\u00e9rbead\u00e1s\u00e1val valamint alkatr\u00e9szek forgalmaz\u00e1s\u00e1val foglalkoz\u00f3 k\u00f6z\u00e9pv\u00e1llalkoz\u00e1s. Piaci m\u0171k\u00f6d\u00e9s\u00e9nek kezdetekor els\u0151sorban b\u00e1ny\u00e1szati \u00e9s \u00e9p\u00edt\u0151ipari g\u00e9pek kereskedelm\u00e9vel, valamint haszn\u00e1lt, de j\u00f3 \u00e1llapot\u00fa g\u00e9pek \u00e9rt\u00e9kes\u00edt\u00e9s\u00e9vel foglalkozott. Az \u00e9vek sor\u00e1n organikus fejl\u0151d\u00e9s\u00e9nek k\u00f6sz\u00f6nhet\u0151en t\u00f6bb elismert nemzetk\u00f6zi g\u00e9pgy\u00e1rt\u00f3, t\u00f6bbek k\u00f6z\u00f6tt a Bobcat, a Doosan \u00e9s az Arbos kiz\u00e1r\u00f3lagos magyar import\u0151re, illetve m\u00e1rkak\u00e9pvisel\u0151je lett. A c\u00e9g jellemz\u0151en belf\u00f6ldre \u00e9rt\u00e9kes\u00edt, export \u00e1rbev\u00e9telt f\u0151k\u00e9nt a Doosan csoport garanci\u00e1lis jav\u00edt\u00e1s\u00e1nak elv\u00e9gz\u00e9s\u00e9b\u0151l realiz\u00e1l.<br \/>\n    A t\u00e1rsas\u00e1g elk\u00f6telezett amellett, hogy tev\u00e9kenys\u00e9g\u00e9t k\u00fclf\u00f6ldi piacokra is kiterjessze, ez\u00e9rt megkezdte a Magyarorsz\u00e1ggal szomsz\u00e9dos orsz\u00e1gokban val\u00f3 piacra l\u00e9p\u00e9sre val\u00f3 felk\u00e9sz\u00fcl\u00e9st, amelyre a z\u00e1rt k\u00f6rben bevonand\u00f3 \u00faj t\u0151k\u00e9t is r\u00e9szben fel k\u00edv\u00e1nja haszn\u00e1lni.<br \/>\n    A c\u00e9g \u00e9rt\u00e9kes\u00edt\u00e9s\u00e9nek nett\u00f3 \u00e1rbev\u00e9tele 2018-ban 8,055 milli\u00e1rd forint, id\u00e9n az els\u0151 hat h\u00f3napban 4,557 milli\u00e1rd forint volt, az EBITDA rendre 671 milli\u00f3 forint, illetve 269 milli\u00f3 forint, m\u00edg az ad\u00f3zott eredm\u00e9ny 384 milli\u00f3 forint, illetve 165 milli\u00f3 forint volt. A c\u00e9g saj\u00e1t t\u0151k\u00e9je j\u00fanius 30-\u00e1n meghaladta az 1,422 milli\u00e1rd forintot.(MTI)<\/p>\n","protected":false},"excerpt":{"rendered":"<p>\u00daj c\u00e9g l\u00e9p a Budapesti \u00c9rt\u00e9kt\u0151zsde (B\u00c9T) k\u00f6zepes m\u00e9ret\u0171 v\u00e1llalkoz\u00e1sokra l\u00e9trehozott Xtend piac\u00e1ra, a t\u0151zsde december 16-t\u00f3l felveszi az \u00e9rt\u00e9kpap\u00edrlist\u00e1ra a DM-KER Zrt. 1 milli\u00f3 darab, egyenk\u00e9nt 500 forint n\u00e9v\u00e9rt\u00e9k\u0171 &#8211; 500 milli\u00f3 forint \u00f6sszn\u00e9v\u00e9rt\u00e9k\u0171 &#8211; t\u00f6rzsr\u00e9szv\u00e9ny\u00e9t.<\/p>\n","protected":false},"author":1001003,"featured_media":0,"comment_status":"closed","ping_status":"open","sticky":false,"template":"","format":"standard","meta":[],"categories":[7],"tags":[],"_links":{"self":[{"href":"https:\/\/gazdasagportal.hu\/index.php\/wp-json\/wp\/v2\/posts\/122199"}],"collection":[{"href":"https:\/\/gazdasagportal.hu\/index.php\/wp-json\/wp\/v2\/posts"}],"about":[{"href":"https:\/\/gazdasagportal.hu\/index.php\/wp-json\/wp\/v2\/types\/post"}],"author":[{"embeddable":true,"href":"https:\/\/gazdasagportal.hu\/index.php\/wp-json\/wp\/v2\/users\/1001003"}],"replies":[{"embeddable":true,"href":"https:\/\/gazdasagportal.hu\/index.php\/wp-json\/wp\/v2\/comments?post=122199"}],"version-history":[{"count":1,"href":"https:\/\/gazdasagportal.hu\/index.php\/wp-json\/wp\/v2\/posts\/122199\/revisions"}],"predecessor-version":[{"id":122200,"href":"https:\/\/gazdasagportal.hu\/index.php\/wp-json\/wp\/v2\/posts\/122199\/revisions\/122200"}],"wp:attachment":[{"href":"https:\/\/gazdasagportal.hu\/index.php\/wp-json\/wp\/v2\/media?parent=122199"}],"wp:term":[{"taxonomy":"category","embeddable":true,"href":"https:\/\/gazdasagportal.hu\/index.php\/wp-json\/wp\/v2\/categories?post=122199"},{"taxonomy":"post_tag","embeddable":true,"href":"https:\/\/gazdasagportal.hu\/index.php\/wp-json\/wp\/v2\/tags?post=122199"}],"curies":[{"name":"wp","href":"https:\/\/api.w.org\/{rel}","templated":true}]}}