{"id":122195,"date":"2019-12-12T16:53:17","date_gmt":"2019-12-12T15:53:17","guid":{"rendered":"http:\/\/gazdasagportal.hu\/?p=122195"},"modified":"2019-12-12T15:56:31","modified_gmt":"2019-12-12T14:56:31","slug":"varga-mihaly-folytatni-kell-az-allamadossag-csokkenteset","status":"publish","type":"post","link":"https:\/\/gazdasagportal.hu\/index.php\/varga-mihaly-folytatni-kell-az-allamadossag-csokkenteset\/","title":{"rendered":"Varga Mih\u00e1ly: folytatni kell az \u00e1llamad\u00f3ss\u00e1g cs\u00f6kkent\u00e9s\u00e9t"},"content":{"rendered":"<p><strong>Folytatni kell az \u00e1llamad\u00f3ss\u00e1g cs\u00f6kkent\u00e9s\u00e9t, az elk\u00e9pzel\u00e9sek szerint 2022 v\u00e9g\u00e9re az \u00e1llamad\u00f3ss\u00e1g GDP-hez m\u00e9rt ar\u00e1ny\u00e1t 60 sz\u00e1zal\u00e9k al\u00e1 akarja m\u00e9rs\u00e9kelni a korm\u00e1ny &#8211; mondta Varga Mih\u00e1ly p\u00e9nz\u00fcgyminiszter cs\u00fct\u00f6rt\u00f6k\u00f6n Budapesten sajt\u00f3t\u00e1j\u00e9koztat\u00f3n.<\/strong><!--more--><\/p>\n<div class=\"ads-in-post1\"><div id=\"gazdasagportal.hu_fullbanner_wideboard\"><\/div>\r\n<\/div>\n<p>    Kiemelte: a k\u00f6lts\u00e9gvet\u00e9s helyzete stabil, a magyar \u00e1llamad\u00f3ss\u00e1g ar\u00e1nya a brutt\u00f3 hazai term\u00e9khez k\u00e9pest folyamatosan m\u00e9rs\u00e9kl\u0151dik, 2019 v\u00e9g\u00e9re 66 sz\u00e1zal\u00e9k k\u00f6r\u00fcli m\u00e9rt\u00e9kre cs\u00f6kkenhet a 2018 v\u00e9gi 70,2 sz\u00e1zal\u00e9kr\u00f3l.<br \/>\n    Varga Mih\u00e1ly jelezte: az \u00e1llamad\u00f3ss\u00e1gon bel\u00fcl a korm\u00e1ny tov\u00e1bb k\u00edv\u00e1nja n\u00f6velni a lakoss\u00e1g kez\u00e9ben l\u00e9v\u0151 \u00e1llampap\u00edrok ar\u00e1ny\u00e1t, a c\u00e9lok szerint a mostani mintegy 7500 milli\u00e1rd forintr\u00f3l 11 ezer milli\u00e1rd forintra szeretn\u00e9k emelni a h\u00e1ztart\u00e1sokn\u00e1l l\u00e9v\u0151 \u00e1llampap\u00edrok mennyis\u00e9g\u00e9t.<br \/>\n    Hangs\u00falyozta: a magyar \u00e1llampap\u00edr plusz \u00e9rt\u00e9kes\u00edt\u00e9se kiv\u00e1l\u00f3an halad, az eladott mennyis\u00e9g a h\u00e9ten \u00e1tl\u00e9pheti a 3000 milli\u00e1rd forintos hat\u00e1rt.<br \/>\n    Hozz\u00e1tette, hogy a magyar \u00e1llampap\u00edr plusz \u00e9rt\u00e9kes\u00edt\u00e9s\u00e9nek hat\u00e1s\u00e1ra a lakoss\u00e1g kez\u00e9ben l\u00e9v\u0151 \u00e1llamad\u00f3ss\u00e1g ar\u00e1nya 25 sz\u00e1zal\u00e9kra emelkedik, az \u00c1llamad\u00f3ss\u00e1g Kezel\u0151 K\u00f6zpont (\u00c1KK) \u00e1ltal kezelt k\u00f6zponti k\u00f6lts\u00e9gvet\u00e9si ad\u00f3ss\u00e1gon bel\u00fcl ez az ar\u00e1ny el\u00e9ri a 30 sz\u00e1zal\u00e9kot.<br \/>\n<div class=\"ads-in-post2\"><script async src=\"https:\/\/pagead2.googlesyndication.com\/pagead\/js\/adsbygoogle.js\"><\/script>\r\n<ins class=\"adsbygoogle\"\r\n     style=\"display:block\"\r\n     data-ad-format=\"fluid\"\r\n     data-ad-layout-key=\"-6t+ed+2i-1n-4w\"\r\n     data-ad-client=\"ca-pub-1959107119989764\"\r\n     data-ad-slot=\"4008251320\"><\/ins>\r\n<script>\r\n     (adsbygoogle = window.adsbygoogle || []).push({});\r\n<\/script><\/div>\n    Varga Mih\u00e1ly kijelentette: a magyar \u00e1llampap\u00edr plusz konstrukci\u00f3j\u00e1n jelenleg nem k\u00edv\u00e1n v\u00e1ltoztatni a korm\u00e1ny.<br \/>\n    A p\u00e9nz\u00fcgyminiszter elmondta: tov\u00e1bb kell cs\u00f6kkenteni az \u00e1llam deviz\u00e1ban fenn\u00e1ll\u00f3 ad\u00f3ss\u00e1g\u00e1t, az elm\u00falt \u00e9vekben m\u00e1r jelent\u0151s eredm\u00e9nyeket \u00e9rtek el ebben, a kor\u00e1bbi, 50 sz\u00e1zal\u00e9k f\u00f6l\u00f6tti szintr\u0151l 20 sz\u00e1zal\u00e9k k\u00f6r\u00fcli szintre m\u00e9rs\u00e9kl\u0151d\u00f6tt a devizaad\u00f3ss\u00e1g ar\u00e1nya.<br \/>\n    A kedvez\u0151 folyamatoknak k\u00f6sz\u00f6nhet\u0151en az \u00e1llam az ut\u00f3bbi id\u0151ben minden eddigin\u00e9l olcs\u00f3bban finansz\u00edrozhatta a m\u0171k\u00f6d\u00e9s\u00e9t, 2012 \u00f3ta mind a r\u00f6vid, mind a hossz\u00fa \u00e1llampap\u00edrok hozamai jelent\u0151sen, hozz\u00e1vet\u0151leg 7 sz\u00e1zal\u00e9kponttal cs\u00f6kkentek &#8211; emelte ki a t\u00e1rcavezet\u0151.<br \/>\n    Eml\u00e9keztetett: m\u00edg 2009-ben a GDP 4 sz\u00e1zal\u00e9k\u00e1t tett\u00e9k ki a kamatfizet\u00e9ssel j\u00e1r\u00f3 kiad\u00e1sok, 2020-ra a tervezett m\u00e9rt\u00e9k 1,9 sz\u00e1zal\u00e9k, ami a 10 \u00e9vvel ezel\u0151ttinek kevesebb, mint a fele.<br \/>\n    A p\u00e9nz\u00fcgyminiszter hangs\u00falyozta: az \u00e1llampap\u00edrok futamidej\u00e9t k\u00edv\u00e1natos n\u00f6velni, ennek jegy\u00e9ben az \u00c1KK 2020-ban egy \u00faj, 20 \u00e9ves benchmark \u00e1llamk\u00f6tv\u00e9nyt bocs\u00e1t majd ki. Ezzel p\u00e1rhuzamosan 2020 janu\u00e1r elsej\u00e9t\u0151l egy \u00faj, hossz\u00fa \u00e1llamk\u00f6tv\u00e9ny indexet (HMAX n\u00e9ven) is bevezet az \u00c1KK, amely a 3 \u00e9vn\u00e9l hosszabb futamidej\u0171 \u00e1llamk\u00f6tv\u00e9nyeket fogja tartalmazni. Ez hozz\u00e1j\u00e1rul ahhoz, hogy a hossz\u00fa futamidej\u0171 int\u00e9zm\u00e9nyi befektet\u00e9seket az eddigiekn\u00e9l hat\u00e9konyabban kezelj\u00e9k &#8211; mutatott r\u00e1 a p\u00e9nz\u00fcgyminiszter.<br \/>\n    Kurali Zolt\u00e1n, az \u00c1KK vez\u00e9rigazgat\u00f3ja a 2019-es ad\u00f3ss\u00e1gkezel\u00e9s kapcs\u00e1n megjegyezte: a magyar \u00e1llampap\u00edr plusz (M\u00c1P+) nemcsak a lakoss\u00e1g kez\u00e9ben l\u00e9v\u0151 \u00e1llampap\u00edr-\u00e1llom\u00e1ny ar\u00e1ny\u00e1nak n\u00f6veked\u00e9s\u00e9t, hanem a lakoss\u00e1gn\u00e1l l\u00e9v\u0151 pap\u00edrok futamidej\u00e9nek megn\u00f6veked\u00e9s\u00e9t is t\u00e1mogatta, ennek hat\u00e1s\u00e1ra 1,6 \u00e9vr\u0151l 2,6 \u00e9vre emelkedett az \u00e1tlagos h\u00e1tral\u00e9v\u0151 futamid\u0151.<br \/>\n    Jelezte: a j\u00f6v\u0151 \u00e9vben 1058 milli\u00e1rdra r\u00fag\u00f3 forintk\u00f6tv\u00e9ny j\u00e1r le, ezzel p\u00e1rhuzamosan 3768 milli\u00e1rd forintot tesz ki a lej\u00e1r\u00f3 lakoss\u00e1gi \u00e1llampap\u00edrok \u00e1llom\u00e1nya. \u00cdgy az \u00e1llamh\u00e1ztart\u00e1s j\u00f6v\u0151 \u00e9vi teljes finansz\u00edroz\u00e1si ig\u00e9nye a GDP 15 sz\u00e1zal\u00e9k\u00e1t \u00e9ri el, azaz 7305 milli\u00e1rd forintot tesz ki, a lej\u00e1r\u00f3 devizak\u00f6tv\u00e9nyek \u00e1llom\u00e1nya 741 milli\u00e1rd forint lesz. Ezzel p\u00e1rhuzamosan a nett\u00f3 finansz\u00edroz\u00e1si ig\u00e9ny a GDP 0,8 sz\u00e1zal\u00e9k\u00e1t \u00e9ri el, 367 milli\u00e1rd forintra r\u00fag majd.<br \/>\n    Az \u00c1KK vez\u00e9rigazgat\u00f3ja jelezte: az \u00faj 20 \u00e9ves \u00e1llamk\u00f6tv\u00e9ny els\u0151 aukci\u00f3ja janu\u00e1r 16-\u00e1n lesz, emellett janu\u00e1rt\u00f3l m\u00e1r bevezetik a HMAX indexet, mely a hosszabb futamidej\u0171 \u00e1llamk\u00f6tv\u00e9nyeket tartalmazza. Kurali Zolt\u00e1n elmondta: az \u00faj, 20 \u00e9ves benchmark \u00e1llamk\u00f6tv\u00e9nyt 2041-es lej\u00e1rattal dobj\u00e1k piacra.<br \/>\n    A lakoss\u00e1g kez\u00e9ben l\u00e9v\u0151 \u00e1llampap\u00edrok eset\u00e9ben 1000-1200 milli\u00e1rd forint \u00e1llom\u00e1nyn\u00f6veked\u00e9ssel sz\u00e1molnak, j\u00f6v\u0151re lej\u00e1r 800 milli\u00e1rd forintnyi nem lakoss\u00e1g kez\u00e9ben l\u00e9v\u0151 lakoss\u00e1gi pap\u00edr &#8211; jegyezte meg.<br \/>\n    Kurali Zolt\u00e1n k\u00f6z\u00f6lte: az \u00c1KK j\u00f6v\u0151re maximum egymilli\u00e1rd eur\u00f3 \u00e9rt\u00e9kben tervez devizak\u00f6tv\u00e9ny-kibocs\u00e1t\u00e1st , de ez ink\u00e1bb a lakoss\u00e1got, valamint a jen- \u00e9s j\u00fcanpiacokat \u00e9rinti majd.<br \/>\n    A jen- \u00e9s j\u00fcanpiacokon \u00fagynevezett z\u00f6ldk\u00f6tv\u00e9nyek piacra dob\u00e1s\u00e1t tervezik &#8211; tette hozz\u00e1.<br \/>\n    Varga Mih\u00e1ly k\u00e9rd\u00e9sre elmondta: l\u00e9nyeg\u00e9ben elk\u00e9sz\u00fclt a nyugd\u00edjk\u00f6tv\u00e9ny, m\u00e1r az id\u00e9n piacra tudt\u00e1k volna dobni, de a sok \u00faj term\u00e9k mellett nem akart\u00e1k ezt is elind\u00edtani, \u00edgy a bevezet\u00e9se 2020 els\u0151 fel\u00e9ben v\u00e1rhat\u00f3.<br \/>\n    A p\u00e9nz\u00fcgyminiszter egy m\u00e1sik k\u00e9rd\u00e9sre k\u00f6z\u00f6lte: a pap\u00edralap\u00fa M\u00c1P+ eset\u00e9ben azt tapasztalj\u00e1k, hogy a post\u00e1n ink\u00e1bb a 10 ezer forinthoz k\u00f6zeli c\u00edmleteket veszi a lakoss\u00e1g, a kincst\u00e1ri \u00e9rt\u00e9kes\u00edt\u00e9sek eset\u00e9ben az \u00e1tlagos befektet\u0151 3,5 milli\u00f3 forint \u00f6sszegben v\u00e1s\u00e1rol.(MTI)<\/p>\n","protected":false},"excerpt":{"rendered":"<p>Folytatni kell az \u00e1llamad\u00f3ss\u00e1g cs\u00f6kkent\u00e9s\u00e9t, az elk\u00e9pzel\u00e9sek szerint 2022 v\u00e9g\u00e9re az \u00e1llamad\u00f3ss\u00e1g GDP-hez m\u00e9rt ar\u00e1ny\u00e1t 60 sz\u00e1zal\u00e9k al\u00e1 akarja m\u00e9rs\u00e9kelni a korm\u00e1ny &#8211; mondta Varga Mih\u00e1ly p\u00e9nz\u00fcgyminiszter cs\u00fct\u00f6rt\u00f6k\u00f6n Budapesten sajt\u00f3t\u00e1j\u00e9koztat\u00f3n.<\/p>\n","protected":false},"author":1,"featured_media":0,"comment_status":"closed","ping_status":"open","sticky":false,"template":"","format":"standard","meta":[],"categories":[19],"tags":[],"_links":{"self":[{"href":"https:\/\/gazdasagportal.hu\/index.php\/wp-json\/wp\/v2\/posts\/122195"}],"collection":[{"href":"https:\/\/gazdasagportal.hu\/index.php\/wp-json\/wp\/v2\/posts"}],"about":[{"href":"https:\/\/gazdasagportal.hu\/index.php\/wp-json\/wp\/v2\/types\/post"}],"author":[{"embeddable":true,"href":"https:\/\/gazdasagportal.hu\/index.php\/wp-json\/wp\/v2\/users\/1"}],"replies":[{"embeddable":true,"href":"https:\/\/gazdasagportal.hu\/index.php\/wp-json\/wp\/v2\/comments?post=122195"}],"version-history":[{"count":1,"href":"https:\/\/gazdasagportal.hu\/index.php\/wp-json\/wp\/v2\/posts\/122195\/revisions"}],"predecessor-version":[{"id":122196,"href":"https:\/\/gazdasagportal.hu\/index.php\/wp-json\/wp\/v2\/posts\/122195\/revisions\/122196"}],"wp:attachment":[{"href":"https:\/\/gazdasagportal.hu\/index.php\/wp-json\/wp\/v2\/media?parent=122195"}],"wp:term":[{"taxonomy":"category","embeddable":true,"href":"https:\/\/gazdasagportal.hu\/index.php\/wp-json\/wp\/v2\/categories?post=122195"},{"taxonomy":"post_tag","embeddable":true,"href":"https:\/\/gazdasagportal.hu\/index.php\/wp-json\/wp\/v2\/tags?post=122195"}],"curies":[{"name":"wp","href":"https:\/\/api.w.org\/{rel}","templated":true}]}}