{"id":122187,"date":"2019-12-12T12:20:13","date_gmt":"2019-12-12T11:20:13","guid":{"rendered":"http:\/\/gazdasagportal.hu\/?p=122187"},"modified":"2019-12-12T12:20:13","modified_gmt":"2019-12-12T11:20:13","slug":"a-wizz-air-abu-dzabiban-alapit-uj-legitarsasagot","status":"publish","type":"post","link":"https:\/\/gazdasagportal.hu\/index.php\/a-wizz-air-abu-dzabiban-alapit-uj-legitarsasagot\/","title":{"rendered":"A Wizz Air Abu-Dzabiban alap\u00edt \u00faj l\u00e9git\u00e1rsas\u00e1got"},"content":{"rendered":"<p><strong>A magyar k\u00f6t\u0151d\u00e9s\u0171 Wizz Air Abu-Dzabiban alap\u00edt \u00faj diszkont l\u00e9git\u00e1rsas\u00e1got  &#8211; jelentette be az Abu-Dzabi Fejleszt\u00e9si Holding cs\u00fct\u00f6rt\u00f6k\u00f6n.<\/strong><!--more--><\/p>\n<div class=\"ads-in-post1\"><div id=\"gazdasagportal.hu_fullbanner_wideboard\"><\/div>\r\n<\/div>\n<p>    A k\u00f6z\u00f6ss\u00e9gi m\u00e9di\u00e1ban is publik\u00e1lt k\u00f6zlem\u00e9ny szerint vegyes v\u00e1llalat l\u00e9trehoz\u00e1s\u00e1r\u00f3l \u00edrtak al\u00e1 el\u0151zetes meg\u00e1llapod\u00e1st V\u00e1radi J\u00f3zseffel, a Wizz Air vez\u00e9rigazgat\u00f3j\u00e1val.<br \/>\n    A tervek szerint az \u00faj c\u00e9g 2020 m\u00e1sodik fel\u00e9ben kezdi meg az \u00fczemel\u00e9st Abu-Dzabib\u00f3l, \u00e9s hozz\u00e1f\u00e9r\u00e9se lesz a kelet-k\u00f6z\u00e9p-eur\u00f3pai piachoz is.<br \/>\n    Az AIRportal.hu l\u00e9gik\u00f6zleked\u00e9si szaklap inform\u00e1ci\u00f3i szerint Afrik\u00e1ba \u00e9s Indi\u00e1ba is ind\u00edtanak j\u00e1ratokat a r\u00e9gi\u00f3b\u00f3l.<br \/>\n    Az MTI az \u00fcggyel kapcsolatban megkereste a l\u00e9git\u00e1rsas\u00e1got, a c\u00e9g k\u00e9s\u0151bbre \u00edg\u00e9rt t\u00e1j\u00e9koztat\u00e1st.<br \/>\n<div class=\"ads-in-post2\"><script async src=\"https:\/\/pagead2.googlesyndication.com\/pagead\/js\/adsbygoogle.js\"><\/script>\r\n<ins class=\"adsbygoogle\"\r\n     style=\"display:block\"\r\n     data-ad-format=\"fluid\"\r\n     data-ad-layout-key=\"-6t+ed+2i-1n-4w\"\r\n     data-ad-client=\"ca-pub-1959107119989764\"\r\n     data-ad-slot=\"4008251320\"><\/ins>\r\n<script>\r\n     (adsbygoogle = window.adsbygoogle || []).push({});\r\n<\/script><\/div>\n    A 2003-ban alap\u00edtott Wizz Air diszkont l\u00e9git\u00e1rsas\u00e1g 120 g\u00e9pes flott\u00e1val rendelkezik, g\u00e9pei 150 c\u00e9l\u00e1llom\u00e1sra rep\u00fclnek. A c\u00e9g \u00e9ves g\u00f6rd\u00fcl\u0151 utasforgalma a szeptember 30-\u00e1val z\u00e1rult els\u0151 p\u00e9nz\u00fcgyi f\u00e9l \u00e9vben el\u00e9rte a 22,1 milli\u00f3t, ez 17 sz\u00e1zal\u00e9kkal volt t\u00f6bb, mint egy \u00e9vvel kor\u00e1bban. \u00c1rbev\u00e9tele 21 sz\u00e1zal\u00e9kkal 1,6 milli\u00e1rd eur\u00f3ra, ad\u00f3zott eredm\u00e9nye 85 sz\u00e1zal\u00e9kkal 371 milli\u00f3 eur\u00f3ra n\u0151tt ugyanebben az id\u0151szakban.(MTI)<\/p>\n","protected":false},"excerpt":{"rendered":"<p>A magyar k\u00f6t\u0151d\u00e9s\u0171 Wizz Air Abu-Dzabiban alap\u00edt \u00faj diszkont l\u00e9git\u00e1rsas\u00e1got &#8211; jelentette be az Abu-Dzabi Fejleszt\u00e9si Holding cs\u00fct\u00f6rt\u00f6k\u00f6n.<\/p>\n","protected":false},"author":1,"featured_media":0,"comment_status":"closed","ping_status":"open","sticky":false,"template":"","format":"standard","meta":[],"categories":[19,8,7],"tags":[],"_links":{"self":[{"href":"https:\/\/gazdasagportal.hu\/index.php\/wp-json\/wp\/v2\/posts\/122187"}],"collection":[{"href":"https:\/\/gazdasagportal.hu\/index.php\/wp-json\/wp\/v2\/posts"}],"about":[{"href":"https:\/\/gazdasagportal.hu\/index.php\/wp-json\/wp\/v2\/types\/post"}],"author":[{"embeddable":true,"href":"https:\/\/gazdasagportal.hu\/index.php\/wp-json\/wp\/v2\/users\/1"}],"replies":[{"embeddable":true,"href":"https:\/\/gazdasagportal.hu\/index.php\/wp-json\/wp\/v2\/comments?post=122187"}],"version-history":[{"count":1,"href":"https:\/\/gazdasagportal.hu\/index.php\/wp-json\/wp\/v2\/posts\/122187\/revisions"}],"predecessor-version":[{"id":122188,"href":"https:\/\/gazdasagportal.hu\/index.php\/wp-json\/wp\/v2\/posts\/122187\/revisions\/122188"}],"wp:attachment":[{"href":"https:\/\/gazdasagportal.hu\/index.php\/wp-json\/wp\/v2\/media?parent=122187"}],"wp:term":[{"taxonomy":"category","embeddable":true,"href":"https:\/\/gazdasagportal.hu\/index.php\/wp-json\/wp\/v2\/categories?post=122187"},{"taxonomy":"post_tag","embeddable":true,"href":"https:\/\/gazdasagportal.hu\/index.php\/wp-json\/wp\/v2\/tags?post=122187"}],"curies":[{"name":"wp","href":"https:\/\/api.w.org\/{rel}","templated":true}]}}