{"id":122166,"date":"2019-12-11T18:20:10","date_gmt":"2019-12-11T17:20:10","guid":{"rendered":"http:\/\/gazdasagportal.hu\/?p=122166"},"modified":"2019-12-11T17:20:54","modified_gmt":"2019-12-11T16:20:54","slug":"csomagot-europaba-de-mennyiert","status":"publish","type":"post","link":"https:\/\/gazdasagportal.hu\/index.php\/csomagot-europaba-de-mennyiert\/","title":{"rendered":"Csomagot Eur\u00f3p\u00e1ba, de mennyi\u00e9rt?"},"content":{"rendered":"<p><strong>Az eur\u00f3pai orsz\u00e1gok k\u00f6z\u00f6tti csomagk\u00fcld\u00e9s \u00e1rait \u00e1tl\u00e1that\u00f3 m\u00f3don foglalja \u00f6ssze az Eur\u00f3pai Bizotts\u00e1g <\/strong><a href=\"https:\/\/ec.europa.eu\/growth\/sectors\/postal-services\/parcel-delivery\/public-tariffs-cross-border_en\" target=\"_blank\" rel=\"noopener\"><strong>weboldal<\/strong><strong>a<\/strong><\/a><strong>, ahol a legn\u00e9pszer\u0171bb eur\u00f3pai csomagk\u00e9zbes\u00edt\u00e9si szolg\u00e1ltat\u00e1sok tarif\u00e1it lehet \u00f6sszehasonl\u00edtani. Az <em>Eur\u00f3pai Csomag\u00e1r-\u00f6sszehasonl\u00edt\u00f3 Oldal<\/em> nem csak a fogyaszt\u00f3knak, de a kis- \u00e9s k\u00f6z\u00e9pv\u00e1llalkoz\u00e1soknak is hasznos lehet, k\u00fcl\u00f6n\u00f6sen a kar\u00e1csonyi aj\u00e1nd\u00e9krendel\u00e9sek cs\u00facsid\u0151szak\u00e1ban. Az oldal linkje a Nemzeti M\u00e9dia- \u00e9s H\u00edrk\u00f6zl\u00e9si Hat\u00f3s\u00e1g (NMHH) <\/strong><a href=\"http:\/\/nmhh.hu\/szakmai-erdekeltek\/posta\" target=\"_blank\" rel=\"noopener\"><strong>honlapj\u00e1r\u00f3l<\/strong><\/a><strong> is el\u00e9rhet\u0151. <\/strong><!--more--><\/p>\n<div class=\"ads-in-post1\"><div id=\"gazdasagportal.hu_fullbanner_wideboard\"><\/div>\r\n<\/div>\n<p>Az <a href=\"https:\/\/ec.europa.eu\/growth\/sectors\/postal-services\/parcel-delivery\/public-tariffs-cross-border_en\" target=\"_blank\" rel=\"noopener\">\u00e1r-\u00f6sszehasonl\u00edt\u00f3 oldalon<\/a> az uni\u00f3s orsz\u00e1gok, valamint Izland, Liechtenstein \u00e9s Norv\u00e9gia egym\u00e1s k\u00f6z\u00f6tti, janu\u00e1r 1-j\u00e9n \u00e9rv\u00e9nyes csomagk\u00fcld\u00e9si \u00e1rait lehet \u00f6sszevetni a k\u00fcld\u0151 \u00e9s fogad\u00f3 orsz\u00e1g kiv\u00e1laszt\u00e1s\u00e1val, az \u00e1rakat minden \u00e9vben m\u00e1rcius 31-ig friss\u00edtik. A weboldal a leggyakrabban haszn\u00e1lt s\u00falykateg\u00f3ri\u00e1k nyilv\u00e1nos tarif\u00e1it veti \u00f6ssze, a bor\u00edt\u00e9kban feladott k\u00fcldem\u00e9nyek eset\u00e9ben a f\u00e9l-, egy- \u00e9s k\u00e9tkil\u00f3s, a dobozban k\u00fcld\u00f6tt csomagokn\u00e1l pedig az egy-, a k\u00e9t- \u00e9s az \u00f6tkil\u00f3s kateg\u00f3ri\u00e1kat. Ezen k\u00edv\u00fcl megk\u00fcl\u00f6nb\u00f6ztet regisztr\u00e1lt \u00e9s nyomk\u00f6vet\u00e9ses csomagokat. A port\u00e1lon megtal\u00e1lhat\u00f3 a standard kateg\u00f3ria is, ami azonban Magyarorsz\u00e1gon nem l\u00e9tezik.<\/p>\n<p>Az eg\u00e9sz \u00e9vben b\u00f6ng\u00e9szhet\u0151 Eur\u00f3pai Csomag\u00e1r-\u00f6sszehasonl\u00edt\u00f3 Oldal nem csak a fogyaszt\u00f3knak ny\u00fajthat seg\u00edts\u00e9get \u2013 k\u00fcl\u00f6n\u00f6sen az \u00fcnnepi id\u0151szakban, a kar\u00e1csonyi online aj\u00e1nd\u00e9krendel\u00e9sek idej\u00e9n \u2013, de a kis- \u00e9s k\u00f6z\u00e9pv\u00e1llalkoz\u00e1soknak is hasznos inform\u00e1ci\u00f3kat adhat, amikor term\u00e9keiket egy m\u00e1sik eur\u00f3pai orsz\u00e1gba adj\u00e1k fel.<\/p><div id=\"gazda-3959294057\" class=\"gazda-tartalomban gazda-entity-placement\"><script async src=\"https:\/\/pagead2.googlesyndication.com\/pagead\/js\/adsbygoogle.js\"><\/script>\r\n<ins class=\"adsbygoogle\"\r\n     style=\"display:block\"\r\n     data-ad-format=\"fluid\"\r\n     data-ad-layout-key=\"-6t+ed+2i-1n-4w\"\r\n     data-ad-client=\"ca-pub-1959107119989764\"\r\n     data-ad-slot=\"4008251320\"><\/ins>\r\n<script>\r\n     (adsbygoogle = window.adsbygoogle || []).push({});\r\n<\/script><\/div>\n<div class=\"ads-in-post2\"><script async src=\"https:\/\/pagead2.googlesyndication.com\/pagead\/js\/adsbygoogle.js\"><\/script>\r\n<ins class=\"adsbygoogle\"\r\n     style=\"display:block\"\r\n     data-ad-format=\"fluid\"\r\n     data-ad-layout-key=\"-6t+ed+2i-1n-4w\"\r\n     data-ad-client=\"ca-pub-1959107119989764\"\r\n     data-ad-slot=\"4008251320\"><\/ins>\r\n<script>\r\n     (adsbygoogle = window.adsbygoogle || []).push({});\r\n<\/script><\/div>\nA tarif\u00e1kat a nemzeti postafel\u00fcgyeletet ell\u00e1t\u00f3 hat\u00f3s\u00e1gok \u2013 k\u00f6zt\u00fck a Nemzeti M\u00e9dia- \u00e9s H\u00edrk\u00f6zl\u00e9si Hat\u00f3s\u00e1g \u2013 gy\u0171jt\u00f6tt\u00e9k be azokt\u00f3l a csomagk\u00fcld\u0151 szolg\u00e1ltat\u00f3kt\u00f3l, amelyek \u00f6tvenn\u00e9l t\u00f6bb alkalmazottat foglalkoztatnak vagy egyn\u00e9l t\u00f6bb tag\u00e1llamban v\u00e9gzik munk\u00e1jukat. Az \u00e1tl\u00e1that\u00f3s\u00e1got seg\u00edt\u0151 weboldal az EU-ban sz\u00e9khellyel rendelkez\u0151 t\u00f6bb mint 400 szolg\u00e1ltat\u00f3, t\u00f6bb mint 46 ezer szolg\u00e1ltat\u00e1s\u00e1ra vonatkozik.<\/p>\n<p>Az orsz\u00e1gk\u00f6zi csomag\u00e1r-\u00e1ttekint\u0151 oldal linkje az NMHH <a href=\"http:\/\/nmhh.hu\/szakmai-erdekeltek\/posta\" target=\"_blank\" rel=\"noopener\">honlapj\u00e1r\u00f3l<\/a> is el\u00e9rhet\u0151. A Nemzeti M\u00e9dia- \u00e9s H\u00edrk\u00f6zl\u00e9si Hat\u00f3s\u00e1g dolgozik a belf\u00f6ldi postai tarif\u00e1k \u00e1r-\u00f6sszehasonl\u00edt\u00f3 port\u00e1lj\u00e1nak fejleszt\u00e9s\u00e9n is, amely a tervek szerint j\u00f6v\u0151re k\u00e9sz\u00fcl el.<\/p>\n","protected":false},"excerpt":{"rendered":"<p>Az eur\u00f3pai orsz\u00e1gok k\u00f6z\u00f6tti csomagk\u00fcld\u00e9s \u00e1rait \u00e1tl\u00e1that\u00f3 m\u00f3don foglalja \u00f6ssze az Eur\u00f3pai Bizotts\u00e1g weboldala, ahol a legn\u00e9pszer\u0171bb eur\u00f3pai csomagk\u00e9zbes\u00edt\u00e9si szolg\u00e1ltat\u00e1sok tarif\u00e1it lehet \u00f6sszehasonl\u00edtani. Az Eur\u00f3pai Csomag\u00e1r-\u00f6sszehasonl\u00edt\u00f3 Oldal nem csak a fogyaszt\u00f3knak, de a kis- \u00e9s k\u00f6z\u00e9pv\u00e1llalkoz\u00e1soknak is hasznos lehet, k\u00fcl\u00f6n\u00f6sen a kar\u00e1csonyi aj\u00e1nd\u00e9krendel\u00e9sek cs\u00facsid\u0151szak\u00e1ban. Az oldal linkje a Nemzeti M\u00e9dia- \u00e9s H\u00edrk\u00f6zl\u00e9si Hat\u00f3s\u00e1g (NMHH) honlapj\u00e1r\u00f3l &#8230;<\/p>\n","protected":false},"author":1,"featured_media":0,"comment_status":"closed","ping_status":"open","sticky":false,"template":"","format":"standard","meta":[],"categories":[4,19],"tags":[],"_links":{"self":[{"href":"https:\/\/gazdasagportal.hu\/index.php\/wp-json\/wp\/v2\/posts\/122166"}],"collection":[{"href":"https:\/\/gazdasagportal.hu\/index.php\/wp-json\/wp\/v2\/posts"}],"about":[{"href":"https:\/\/gazdasagportal.hu\/index.php\/wp-json\/wp\/v2\/types\/post"}],"author":[{"embeddable":true,"href":"https:\/\/gazdasagportal.hu\/index.php\/wp-json\/wp\/v2\/users\/1"}],"replies":[{"embeddable":true,"href":"https:\/\/gazdasagportal.hu\/index.php\/wp-json\/wp\/v2\/comments?post=122166"}],"version-history":[{"count":1,"href":"https:\/\/gazdasagportal.hu\/index.php\/wp-json\/wp\/v2\/posts\/122166\/revisions"}],"predecessor-version":[{"id":122167,"href":"https:\/\/gazdasagportal.hu\/index.php\/wp-json\/wp\/v2\/posts\/122166\/revisions\/122167"}],"wp:attachment":[{"href":"https:\/\/gazdasagportal.hu\/index.php\/wp-json\/wp\/v2\/media?parent=122166"}],"wp:term":[{"taxonomy":"category","embeddable":true,"href":"https:\/\/gazdasagportal.hu\/index.php\/wp-json\/wp\/v2\/categories?post=122166"},{"taxonomy":"post_tag","embeddable":true,"href":"https:\/\/gazdasagportal.hu\/index.php\/wp-json\/wp\/v2\/tags?post=122166"}],"curies":[{"name":"wp","href":"https:\/\/api.w.org\/{rel}","templated":true}]}}