{"id":122085,"date":"2019-12-09T20:18:50","date_gmt":"2019-12-09T19:18:50","guid":{"rendered":"http:\/\/gazdasagportal.hu\/?p=122085"},"modified":"2019-12-09T20:18:50","modified_gmt":"2019-12-09T19:18:50","slug":"szijjarto-a-magyar-gazdasagban-dimenziovaltas-zajlik","status":"publish","type":"post","link":"https:\/\/gazdasagportal.hu\/index.php\/szijjarto-a-magyar-gazdasagban-dimenziovaltas-zajlik\/","title":{"rendered":"Szijj\u00e1rt\u00f3: a magyar gazdas\u00e1gban dimenzi\u00f3v\u00e1lt\u00e1s zajlik"},"content":{"rendered":"<p><strong>A magyar gazdas\u00e1gban dimenzi\u00f3v\u00e1lt\u00e1s zajlik, amely sor\u00e1n a termel\u00e9sre f\u00f3kusz\u00e1l\u00e1s helyett a magasabb hozz\u00e1adott \u00e9rt\u00e9k\u0171 munkahelyekre, a szolg\u00e1ltat\u00e1sokra, a kutat\u00e1sra \u00e9s a fejleszt\u00e9sre ker\u00fcl a hangs\u00faly &#8211; jelentette ki a k\u00fclgazdas\u00e1gi \u00e9s k\u00fcl\u00fcgyminiszter h\u00e9tf\u0151n Br\u00fcsszelben, a Magyarorsz\u00e1g uni\u00f3 mell\u00e9 rendelt k\u00e9pviselet\u00e9n tartott, eg\u00e9szs\u00e9g\u00fcgyi innov\u00e1ci\u00f3val foglalkoz\u00f3 kerekasztal-besz\u00e9lget\u00e9sen.<\/strong><!--more--><\/p>\n<div class=\"ads-in-post1\"><div id=\"gazdasagportal.hu_fullbanner_wideboard\"><\/div>\r\n<\/div>\n<p>    Szijj\u00e1rt\u00f3 P\u00e9ter \u00fagy fogalmazott: &#8222;fontos, hogy a magyar gazdas\u00e1got a &#8222;Made in Hungary&#8221; korszak\u00e1b\u00f3l az &#8222;Invented in Hungary&#8221; korszak\u00e1ba vezess\u00fck \u00e1t&#8221;.<br \/>\n    Hozz\u00e1tette: a magyar korm\u00e1ny meghozta a sz\u00fcks\u00e9ges d\u00f6nt\u00e9seket, hogy a f\u0151 ir\u00e1nyt imm\u00e1r ne a munkahelyek sz\u00e1ma, hanem a munkahelyek \u00e1ltal k\u00e9pviselt technol\u00f3giai sz\u00ednvonal jelentse.<br \/>\n    Kijelentette, a magyar gazdas\u00e1gpolitika c\u00e9lja, hogy min\u00e9l t\u00f6bb magas hozz\u00e1adott \u00e9rt\u00e9ket el\u0151\u00e1ll\u00edt\u00f3 munkahely j\u00f6jj\u00f6n l\u00e9tre Magyarorsz\u00e1gon. Ez egyben azt jelenti, hogy a termel\u00e9sre f\u00f3kusz\u00e1l\u00e1s helyett a kutat\u00e1sra \u00e9s a fejleszt\u00e9sre helyezi a hangs\u00falyt.<br \/>\n    A magyar korm\u00e1ny sz\u00e1mos l\u00e9p\u00e9st tett \u00e9s tesz annak \u00e9rdek\u00e9ben, hogy a glob\u00e1lis kih\u00edv\u00e1sokhoz alkalmazkod\u00f3, az orsz\u00e1g versenyk\u00e9pess\u00e9g\u00e9t n\u00f6vel\u0151 innov\u00e1ci\u00f3s \u00f6kosziszt\u00e9m\u00e1t hozzon l\u00e9tre &#8211; fejtette ki a miniszter. Ennek \u00e9rdek\u00e9ben alak\u00edtotta \u00e1t a t\u00e1mogat\u00e1si rendszert, hogy kiemelt korm\u00e1nyzati forr\u00e1sokat kapjanak azok a v\u00e1llalatok, amelyek \u00faj technol\u00f3gi\u00e1t telep\u00edtenek az orsz\u00e1gba. Magyarorsz\u00e1g kiemelt t\u00e1mogat\u00e1st ny\u00fajt a technol\u00f3gia-intenz\u00edv beruh\u00e1z\u00e1si projekteknek, valamint a kutat\u00e1s-fejleszt\u00e9sbe befektet\u0151 v\u00e1llalatok sz\u00e1m\u00e1ra. Magyarorsz\u00e1g ide\u00e1lis kutat\u00e1s-fejleszt\u00e9si helysz\u00ednn\u00e9 k\u00edv\u00e1n v\u00e1lni, a legvonz\u00f3bb \u00e9s legkedvez\u0151bb befektet\u00e9si k\u00f6rnyezetet szeretn\u00e9 k\u00edn\u00e1lni Eur\u00f3p\u00e1ban &#8211; emelte ki.<br \/>\n<div class=\"ads-in-post2\"><script async src=\"https:\/\/pagead2.googlesyndication.com\/pagead\/js\/adsbygoogle.js\"><\/script>\r\n<ins class=\"adsbygoogle\"\r\n     style=\"display:block\"\r\n     data-ad-format=\"fluid\"\r\n     data-ad-layout-key=\"-6t+ed+2i-1n-4w\"\r\n     data-ad-client=\"ca-pub-1959107119989764\"\r\n     data-ad-slot=\"4008251320\"><\/ins>\r\n<script>\r\n     (adsbygoogle = window.adsbygoogle || []).push({});\r\n<\/script><\/div>\n    Szavai szerint Magyarorsz\u00e1gon vannak Eur\u00f3pa legalacsonyabb ad\u00f3i &#8211; 9 sz\u00e1zal\u00e9kos t\u00e1rsas\u00e1gi ad\u00f3 \u00e9s 15 sz\u00e1zal\u00e9kos szem\u00e9lyi j\u00f6vedelemad\u00f3 -, a c\u00e9gek munk\u00e1j\u00e1t \u00e9s folyamatos fejl\u0151d\u00e9s\u00e9t teh\u00e1t a kontinensen egyed\u00fcl\u00e1ll\u00f3 egysz\u00e1mjegy\u0171 t\u00e1rsas\u00e1giad\u00f3-kulcs is seg\u00edti. A szoci\u00e1lis hozz\u00e1j\u00e1rul\u00e1si ad\u00f3 cs\u00f6kkent\u00e9s\u00e9vel a v\u00e1llalatok az \u00edgy megmarad\u00f3 p\u00e9nzt fejleszt\u00e9sekre ford\u00edthatj\u00e1k &#8211; mutatott r\u00e1.<br \/>\n    Szijj\u00e1rt\u00f3 P\u00e9ter kiemelte azt is, hogy Magyarorsz\u00e1g a lakoss\u00e1g sz\u00e1ma alapj\u00e1n glob\u00e1lisan a 92-dik helyen \u00e1ll, mik\u00f6zben hozz\u00e1k\u00f6thet\u0151 a 34-dik legnagyobb exportteljes\u00edtm\u00e9ny. A gy\u00f3gyszeripari export tekintet\u00e9ben pedig a 18-dik helyen szerepel &#8211; tette hozz\u00e1.(MTI)<\/p>\n","protected":false},"excerpt":{"rendered":"<p>A magyar gazdas\u00e1gban dimenzi\u00f3v\u00e1lt\u00e1s zajlik, amely sor\u00e1n a termel\u00e9sre f\u00f3kusz\u00e1l\u00e1s helyett a magasabb hozz\u00e1adott \u00e9rt\u00e9k\u0171 munkahelyekre, a szolg\u00e1ltat\u00e1sokra, a kutat\u00e1sra \u00e9s a fejleszt\u00e9sre ker\u00fcl a hangs\u00faly &#8211; jelentette ki a k\u00fclgazdas\u00e1gi \u00e9s k\u00fcl\u00fcgyminiszter h\u00e9tf\u0151n Br\u00fcsszelben, a Magyarorsz\u00e1g uni\u00f3 mell\u00e9 rendelt k\u00e9pviselet\u00e9n tartott, eg\u00e9szs\u00e9g\u00fcgyi innov\u00e1ci\u00f3val foglalkoz\u00f3 kerekasztal-besz\u00e9lget\u00e9sen.<\/p>\n","protected":false},"author":1001003,"featured_media":0,"comment_status":"closed","ping_status":"open","sticky":false,"template":"","format":"standard","meta":[],"categories":[19],"tags":[],"_links":{"self":[{"href":"https:\/\/gazdasagportal.hu\/index.php\/wp-json\/wp\/v2\/posts\/122085"}],"collection":[{"href":"https:\/\/gazdasagportal.hu\/index.php\/wp-json\/wp\/v2\/posts"}],"about":[{"href":"https:\/\/gazdasagportal.hu\/index.php\/wp-json\/wp\/v2\/types\/post"}],"author":[{"embeddable":true,"href":"https:\/\/gazdasagportal.hu\/index.php\/wp-json\/wp\/v2\/users\/1001003"}],"replies":[{"embeddable":true,"href":"https:\/\/gazdasagportal.hu\/index.php\/wp-json\/wp\/v2\/comments?post=122085"}],"version-history":[{"count":1,"href":"https:\/\/gazdasagportal.hu\/index.php\/wp-json\/wp\/v2\/posts\/122085\/revisions"}],"predecessor-version":[{"id":122086,"href":"https:\/\/gazdasagportal.hu\/index.php\/wp-json\/wp\/v2\/posts\/122085\/revisions\/122086"}],"wp:attachment":[{"href":"https:\/\/gazdasagportal.hu\/index.php\/wp-json\/wp\/v2\/media?parent=122085"}],"wp:term":[{"taxonomy":"category","embeddable":true,"href":"https:\/\/gazdasagportal.hu\/index.php\/wp-json\/wp\/v2\/categories?post=122085"},{"taxonomy":"post_tag","embeddable":true,"href":"https:\/\/gazdasagportal.hu\/index.php\/wp-json\/wp\/v2\/tags?post=122085"}],"curies":[{"name":"wp","href":"https:\/\/api.w.org\/{rel}","templated":true}]}}