{"id":122030,"date":"2019-12-07T08:43:27","date_gmt":"2019-12-07T07:43:27","guid":{"rendered":"http:\/\/gazdasagportal.hu\/?p=122030"},"modified":"2019-12-07T08:43:27","modified_gmt":"2019-12-07T07:43:27","slug":"varga-mihaly-a-kormany-elkotelezett-a-vallalkozok-fejlodesenek-segitese-mellett","status":"publish","type":"post","link":"https:\/\/gazdasagportal.hu\/index.php\/varga-mihaly-a-kormany-elkotelezett-a-vallalkozok-fejlodesenek-segitese-mellett\/","title":{"rendered":"Varga Mih\u00e1ly: a korm\u00e1ny elk\u00f6telezett a v\u00e1llalkoz\u00f3k fejl\u0151d\u00e9s\u00e9nek seg\u00edt\u00e9se mellett"},"content":{"rendered":"<p><strong>A korm\u00e1ny elk\u00f6telezett abban, hogy seg\u00edtse a v\u00e1llalkoz\u00e1sok fejl\u0151d\u00e9s\u00e9t &#8211; hangs\u00falyozta Varga Mih\u00e1ly p\u00e9nz\u00fcgyminiszter p\u00e9nteken a V\u00e1llalkoz\u00f3k \u00e9s Munk\u00e1ltat\u00f3k Orsz\u00e1gos Sz\u00f6vets\u00e9ge (VOSZ) V\u00e1llalkoz\u00f3k napja rendezv\u00e9nyen.<\/strong><!--more--><\/p>\n<div class=\"ads-in-post1\"><div id=\"gazdasagportal.hu_fullbanner_wideboard\"><\/div>\r\n<\/div>\n<p>    Hozz\u00e1tette: \u00edgy \u00e9rhet\u0151 el, hogy folytat\u00f3djon a fejl\u0151d\u00e9s, a magyar gazdas\u00e1g n\u00f6vekedjen. Sz\u00fcks\u00e9g van a k\u00f6z\u00f6s munk\u00e1ra is, a korm\u00e1ny \u00e9s a v\u00e1llalkoz\u00f3i szf\u00e9ra folyamatos p\u00e1rbesz\u00e9d\u00e9re.<br \/>\n    Varga Mih\u00e1ly kiemelte, a magyar gazdas\u00e1g \u00e9vek \u00f3ta j\u00f3l teljes\u00edt, n\u00f6veked\u00e9si \u00fcteme az id\u00e9n a harmadik negyed\u00e9vben el\u00e9rte az 5 sz\u00e1zal\u00e9kot, ezzel az uni\u00f3s rangsorban az els\u0151 helyen \u00e1ll.<br \/>\n    Felid\u00e9zte, hogy a nemzetk\u00f6zi szervezetek sorra jav\u00edtj\u00e1k Magyarorsz\u00e1gra vonatkoz\u00f3 el\u0151rejelz\u00e9s\u00fck\u00e9t. Legut\u00f3bb az IMF az \u00e9ves jelent\u00e9s\u00e9ben sz\u00f3lt elismer\u00e9ssel a magyar gazdas\u00e1gpolitik\u00e1r\u00f3l, a dokumentumban kiemelt\u00e9k a n\u00f6veked\u00e9sbar\u00e1t ad\u00f3politika eredm\u00e9ny\u00e9t, a b\u00e9rfelz\u00e1rk\u00f3ztat\u00e1st el\u0151seg\u00edt\u0151, a munkan\u00e9lk\u00fclis\u00e9get visszaszor\u00edt\u00f3, a gazdas\u00e1g s\u00e9r\u00fcl\u00e9kenys\u00e9g\u00e9t cs\u00f6kkent\u0151 korm\u00e1nyzati int\u00e9zked\u00e9seket.<br \/>\n    A magyar gazdas\u00e1g helyes ir\u00e1ny\u00e1t jelzi, hogy a folyamatosan cs\u00f6kken\u0151 ad\u00f3k ellen\u00e9re alacsony a k\u00f6lts\u00e9gvet\u00e9s hi\u00e1nya. Az ad\u00f3cs\u00f6kkent\u00e9sek, csal\u00e1di ad\u00f3kedvezm\u00e9nyek kiterjeszt\u00e9s\u00e9nek \u00e9s a t\u00e1mogat\u00e1sok emel\u00e9s\u00e9nek hat\u00e1s\u00e1t ellens\u00falyozza a gazdas\u00e1gi n\u00f6veked\u00e9s, a munk\u00e1ba \u00e1ll\u00f3k sz\u00e1m\u00e1nak emelked\u00e9se, a keresetek n\u00f6veked\u00e9se, a gazdas\u00e1g feh\u00e9red\u00e9se &#8211; fejtette ki a p\u00e9nz\u00fcgyminiszter.<br \/>\n<div class=\"ads-in-post2\"><script async src=\"https:\/\/pagead2.googlesyndication.com\/pagead\/js\/adsbygoogle.js\"><\/script>\r\n<ins class=\"adsbygoogle\"\r\n     style=\"display:block\"\r\n     data-ad-format=\"fluid\"\r\n     data-ad-layout-key=\"-6t+ed+2i-1n-4w\"\r\n     data-ad-client=\"ca-pub-1959107119989764\"\r\n     data-ad-slot=\"4008251320\"><\/ins>\r\n<script>\r\n     (adsbygoogle = window.adsbygoogle || []).push({});\r\n<\/script><\/div>\n    R\u00e1mutatott arra, hogy a kis- \u00e9s k\u00f6z\u00e9pv\u00e1llalkoz\u00e1sok jelentik a magyar gazdas\u00e1g er\u0151s\u00f6d\u00e9s\u00e9nek legfontosabb b\u00e1zis\u00e1t. A korm\u00e1ny az elm\u00falt \u00e9vekben sz\u00e1mos eszk\u00f6zzel seg\u00edtette a magyar v\u00e1llalkoz\u00e1sok fejl\u0151d\u00e9s\u00e9t. P\u00e9ldak\u00e9nt eml\u00edtette az ad\u00f3cs\u00f6kkent\u00e9seket, az ad\u00f3adminisztr\u00e1ci\u00f3 egyszer\u0171s\u00edt\u00e9s\u00e9t, a p\u00e9nz\u00fcgyi forr\u00e1sok b\u0151v\u00edt\u00e9s\u00e9t. Az elfogadott kkv-strat\u00e9gi\u00e1ban szerepel az \u00fczleti k\u00f6rnyezet fejleszt\u00e9se, a t\u0151keforr\u00e1shoz hozz\u00e1f\u00e9r\u00e9s jav\u00edt\u00e1sa, a tud\u00e1s megszerz\u00e9s\u00e9nek t\u00e1mogat\u00e1sa &#8211; tette hozz\u00e1.<br \/>\n    Varga Mih\u00e1ly felh\u00edvta a figyelmet arra, sz\u00e1molni kell azzal, hogy a vil\u00e1ggazdas\u00e1gban lassul a n\u00f6veked\u00e9s \u00fcteme, \u00e9s a j\u00f6v\u0151 \u00e9v egyik legfontosabb k\u00e9rd\u00e9se, hogyan lehet az el\u00e9rt teljes\u00edtm\u00e9nyt megv\u00e9deni. Ezt szem el\u0151tt tartva a korm\u00e1ny 2020 elej\u00e9n \u00fajabb gazdas\u00e1gv\u00e9delmi akci\u00f3tervr\u0151l t\u00e1rgyal majd.<br \/>\n    Tolnay Tibor, a VOSZ eln\u00f6ke k\u00f6sz\u00f6nt\u0151j\u00e9ben \u00fagy fogalmazott, a sz\u00f6vets\u00e9g a 2019-es \u00e9vet sikeresnek tekinti, a v\u00e1llalkoz\u00f3k t\u00f6bbs\u00e9ge gyarapodott. A korm\u00e1nyzattal k\u00f6z\u00f6s munka eredm\u00e9ny\u00e9nek nevezte a t\u00f6bbi k\u00f6z\u00f6tt, hogy kiterjesztett\u00e9k a legkisebb v\u00e1llalkoz\u00e1sok \u00e1famentess\u00e9g\u00e9t, \u00e9s k\u00f6nny\u00edtettek az adminisztr\u00e1ci\u00f3n.<br \/>\n    A munkaad\u00f3i sz\u00f6vets\u00e9g tov\u00e1bbra is fontosnak tartja a kkv-szektor ad\u00f3inak cs\u00f6kkent\u00e9s\u00e9t, a hat\u00e9konyabb k\u00f6zszf\u00e9ra kialak\u00edt\u00e1s\u00e1t, a tud\u00e1sintenz\u00edv gazdas\u00e1gi modellre val\u00f3 \u00e1t\u00e1ll\u00e1st &#8211; mondta Tolnay Tibor.<br \/>\n    Az \u00fcnneps\u00e9gen a VOSZ \u00e9s 19 K\u00e1rp\u00e1t-medencei munkaad\u00f3i szervezet al\u00e1\u00edrta a K\u00e1rp\u00e1t-medencei Magyar V\u00e1llalkoz\u00f3i Sz\u00f6vets\u00e9gek Nemzeti F\u00f3rum\u00e1nak megalakul\u00e1s\u00e1r\u00f3l sz\u00f3l\u00f3 szerz\u0151d\u00e9st, amely \u00e9rtelm\u00e9ben hozz\u00e1j\u00e1rulnak a K\u00e1rp\u00e1t-medencei gazdas\u00e1gi t\u00e9rs\u00e9g megteremt\u00e9s\u00e9hez.<br \/>\n    A rendezv\u00e9nyen \u00e1tadt\u00e1k a V\u00e1llalkoz\u00f3k Napja Magyar Gazdas\u00e1g\u00e9rt D\u00edjakat, tov\u00e1bb\u00e1 a VOSZ Kiemelked\u0151 T\u00e1rsadalmi Szerepv\u00e1llal\u00e1s\u00e9rt D\u00edj\u00e1t \u00e9s Az \u00e9v v\u00e1llalkoz\u00f3ja d\u00edjakat.(MTI)<\/p>\n","protected":false},"excerpt":{"rendered":"<p>A korm\u00e1ny elk\u00f6telezett abban, hogy seg\u00edtse a v\u00e1llalkoz\u00e1sok fejl\u0151d\u00e9s\u00e9t &#8211; hangs\u00falyozta Varga Mih\u00e1ly p\u00e9nz\u00fcgyminiszter p\u00e9nteken a V\u00e1llalkoz\u00f3k \u00e9s Munk\u00e1ltat\u00f3k Orsz\u00e1gos Sz\u00f6vets\u00e9ge (VOSZ) V\u00e1llalkoz\u00f3k napja rendezv\u00e9nyen.<\/p>\n","protected":false},"author":1001003,"featured_media":0,"comment_status":"closed","ping_status":"open","sticky":false,"template":"","format":"standard","meta":[],"categories":[19],"tags":[],"_links":{"self":[{"href":"https:\/\/gazdasagportal.hu\/index.php\/wp-json\/wp\/v2\/posts\/122030"}],"collection":[{"href":"https:\/\/gazdasagportal.hu\/index.php\/wp-json\/wp\/v2\/posts"}],"about":[{"href":"https:\/\/gazdasagportal.hu\/index.php\/wp-json\/wp\/v2\/types\/post"}],"author":[{"embeddable":true,"href":"https:\/\/gazdasagportal.hu\/index.php\/wp-json\/wp\/v2\/users\/1001003"}],"replies":[{"embeddable":true,"href":"https:\/\/gazdasagportal.hu\/index.php\/wp-json\/wp\/v2\/comments?post=122030"}],"version-history":[{"count":1,"href":"https:\/\/gazdasagportal.hu\/index.php\/wp-json\/wp\/v2\/posts\/122030\/revisions"}],"predecessor-version":[{"id":122031,"href":"https:\/\/gazdasagportal.hu\/index.php\/wp-json\/wp\/v2\/posts\/122030\/revisions\/122031"}],"wp:attachment":[{"href":"https:\/\/gazdasagportal.hu\/index.php\/wp-json\/wp\/v2\/media?parent=122030"}],"wp:term":[{"taxonomy":"category","embeddable":true,"href":"https:\/\/gazdasagportal.hu\/index.php\/wp-json\/wp\/v2\/categories?post=122030"},{"taxonomy":"post_tag","embeddable":true,"href":"https:\/\/gazdasagportal.hu\/index.php\/wp-json\/wp\/v2\/tags?post=122030"}],"curies":[{"name":"wp","href":"https:\/\/api.w.org\/{rel}","templated":true}]}}